{"id":20811,"date":"2023-01-06T07:32:14","date_gmt":"2023-01-06T06:32:14","guid":{"rendered":"http:\/\/www.infokuryr.cz\/n\/?p=20811"},"modified":"2023-01-06T08:19:43","modified_gmt":"2023-01-06T07:19:43","slug":"v-australii-zemrelo-vic-lidi-na-ockovani-experimentalnimi-vakcinami-nez-na-koronavirus","status":"publish","type":"post","link":"https:\/\/www.infokuryr.cz\/n\/2023\/01\/06\/v-australii-zemrelo-vic-lidi-na-ockovani-experimentalnimi-vakcinami-nez-na-koronavirus\/","title":{"rendered":"V Austr\u00e1lii zem\u0159elo v\u00edc lid\u00ed na o\u010dkov\u00e1n\u00ed experiment\u00e1ln\u00edmi vakc\u00ednami ne\u017e na koronavirus"},"content":{"rendered":"<div id=\"fb-root\"><\/div>\n<h2 class=\"entry-title\">Nez\u00e1visl\u00fd v\u00fdzkum a anal\u00fdza vl\u00e1dn\u00edch dat hovo\u0159\u00ed jasn\u011b<\/h2>\n<p><strong>V\u00fdzkum\u00a0<a href=\"https:\/\/www.researchgate.net\/publication\/366445769_Probable_causal_association_between_Australia%27s_new_regime_of_high_all-cause_mortality_and_its_COVID-19_vaccine_rollout\">nez\u00e1visl\u00e9 skupiny badatel\u016f a statistik\u016f<\/a>\u00a0uk\u00e1zal, \u017ee na o\u010dkov\u00e1n\u00ed experiment\u00e1ln\u00edmi vakc\u00ednami proti koronaviru zem\u0159elo v Austr\u00e1lii v\u00edc lid\u00ed ne\u017e na koronavirus.<\/strong><\/p>\n<p><strong>V\u00fdzkum na z\u00e1klad\u011b ofici\u00e1ln\u00edch dat prok\u00e1zal, \u017ee b\u011bhem prvn\u00edch 13 m\u011bs\u00edc\u016f \u00fadajn\u00e9 smrteln\u00e9 pandemie koronaviru nedo\u0161lo v Austr\u00e1lii k \u017e\u00e1dn\u00e9mu mimo\u0159\u00e1dn\u00e9mu po\u010dtu nad\u00famrt\u00ed! Nicm\u00e9n\u011b od dubna 2021 za\u010dala nad\u00famrtnost v zemi r\u016fst a do konce roku 2022 to bylo o cel\u00fdch 14% v porovn\u00e1n\u00ed s p\u0159edchoz\u00edm rokem (sledov\u00e1n\u00ed se prov\u00e1d\u011blo na t\u00fddenn\u00ed b\u00e1zi) Jedin\u00e9 logick\u00e9 vysv\u011btlen\u00ed podle badatel\u016f je masivn\u00ed o\u010dkov\u00e1n\u00ed, kter\u00e9 za\u010dalo za\u010d\u00e1tkem roku 2021.<\/strong><\/p>\n<p>Austr\u00e1lie je zem\u011b, kde je ofici\u00e1ln\u011b nao\u010dkov\u00e1no t\u00e9m\u011b\u0159 85% obyvatel a vl\u00e1da doslova terorizovala ty, kte\u0159\u00ed odm\u00edt\u00e1n\u00ed experiment\u00e1ln\u00edmi vakc\u00ednami odm\u00edtali. P\u016fjdou nyn\u00ed ti vakcina\u010dn\u00ed dareb\u00e1ci p\u0159ed soud?<\/p>\n<p>Potvrzuje to ony \u201ekonspira\u010dn\u00ed\u201c teorie odm\u00edta\u010d\u016f korona agendy a o\u010dkov\u00e1n\u00ed<strong>, \u017ee o zdrav\u00ed v\u016fbec ne\u0161lo a vakc\u00edny p\u0159inesly prosp\u011bch pouze jejich v\u00fdrobc\u016fm jako firma Pfizer, Moderna, Bion-tech atd.<\/strong><\/p>\n<p>Pozn\u00e1mka redakce, za ob\u011bti koronaviru byli pova\u017eov\u00e1ni v\u0161ichni, kdo m\u011bli pozitivn\u00ed pofidern\u00ed PCR test na covid. tedy i ob\u011bti autonehod, srde\u010dn\u00edch selh\u00e1n\u00ed, \u00faraz\u016f atd.<\/p>\n<figure class=\"wp-block-image size-full\"><img decoding=\"async\" loading=\"lazy\" class=\"wp-image-11832\" src=\"https:\/\/ceskavec.com\/wp-content\/uploads\/2021\/11\/bourla-chan.jpg\" sizes=\"(max-width: 474px) 100vw, 474px\" srcset=\"https:\/\/ceskavec.com\/wp-content\/uploads\/2021\/11\/bourla-chan.jpg 474w, https:\/\/ceskavec.com\/wp-content\/uploads\/2021\/11\/bourla-chan-300x165.jpg 300w\" alt=\"\" width=\"474\" height=\"260\" \/><figcaption class=\"wp-element-caption\">\u0158editel firmy Pfizer veterin\u00e1\u0159 A. Bourla si na prodeji experiment\u00e1ln\u00edch vakc\u00edn namastil kapsu. P\u016fjde nyn\u00ed p\u0159ed soud za lhan\u00ed o jejich \u00fa\u010dinc\u00edch a bezpe\u010dnosti?&nbsp;<\/p>\n<p><img decoding=\"async\" loading=\"lazy\" class=\"wp-image-19187 aligncenter\" src=\"http:\/\/www.infokuryr.cz\/n\/wp-content\/uploads\/2022\/12\/1-PRO-300x36.jpg\" alt=\"\" width=\"1250\" height=\"150\" srcset=\"https:\/\/www.infokuryr.cz\/n\/wp-content\/uploads\/2022\/12\/1-PRO-300x36.jpg 300w, https:\/\/www.infokuryr.cz\/n\/wp-content\/uploads\/2022\/12\/1-PRO.jpg 699w\" sizes=\"(max-width: 1250px) 100vw, 1250px\" \/><\/p>\n<\/figcaption><\/figure>\n","protected":false},"excerpt":{"rendered":"<p>Nez\u00e1visl\u00fd v\u00fdzkum a anal\u00fdza vl\u00e1dn\u00edch dat hovo\u0159\u00ed jasn\u011b V\u00fdzkum\u00a0nez\u00e1visl\u00e9 skupiny badatel\u016f a statistik\u016f\u00a0uk\u00e1zal, \u017ee na&#8230;<\/p>\n","protected":false},"author":2,"featured_media":3713,"comment_status":"closed","ping_status":"closed","sticky":false,"template":"","format":"standard","meta":[],"categories":[7],"tags":[212,523,651],"_links":{"self":[{"href":"https:\/\/www.infokuryr.cz\/n\/wp-json\/wp\/v2\/posts\/20811"}],"collection":[{"href":"https:\/\/www.infokuryr.cz\/n\/wp-json\/wp\/v2\/posts"}],"about":[{"href":"https:\/\/www.infokuryr.cz\/n\/wp-json\/wp\/v2\/types\/post"}],"author":[{"embeddable":true,"href":"https:\/\/www.infokuryr.cz\/n\/wp-json\/wp\/v2\/users\/2"}],"replies":[{"embeddable":true,"href":"https:\/\/www.infokuryr.cz\/n\/wp-json\/wp\/v2\/comments?post=20811"}],"version-history":[{"count":0,"href":"https:\/\/www.infokuryr.cz\/n\/wp-json\/wp\/v2\/posts\/20811\/revisions"}],"wp:featuredmedia":[{"embeddable":true,"href":"https:\/\/www.infokuryr.cz\/n\/wp-json\/wp\/v2\/media\/3713"}],"wp:attachment":[{"href":"https:\/\/www.infokuryr.cz\/n\/wp-json\/wp\/v2\/media?parent=20811"}],"wp:term":[{"taxonomy":"category","embeddable":true,"href":"https:\/\/www.infokuryr.cz\/n\/wp-json\/wp\/v2\/categories?post=20811"},{"taxonomy":"post_tag","embeddable":true,"href":"https:\/\/www.infokuryr.cz\/n\/wp-json\/wp\/v2\/tags?post=20811"}],"curies":[{"name":"wp","href":"https:\/\/api.w.org\/{rel}","templated":true}]}}