{"id":20809,"date":"2023-01-06T02:39:48","date_gmt":"2023-01-06T01:39:48","guid":{"rendered":"http:\/\/www.infokuryr.cz\/n\/?p=20809"},"modified":"2023-01-06T02:46:40","modified_gmt":"2023-01-06T01:46:40","slug":"ceska-vlada-petra-fialy-vedela-o-chystanem-utoku-ukrajinske-armady-na-krym-a-donbas","status":"publish","type":"post","link":"https:\/\/www.infokuryr.cz\/n\/2023\/01\/06\/ceska-vlada-petra-fialy-vedela-o-chystanem-utoku-ukrajinske-armady-na-krym-a-donbas\/","title":{"rendered":"\u010cesk\u00e1 vl\u00e1da Petra Fialy v\u011bd\u011bla o chystan\u00e9m \u00fatoku ukrajinsk\u00e9 arm\u00e1dy na Krym a Donbas&#8230;."},"content":{"rendered":"<div id=\"fb-root\"><\/div>\n<h4>\u010cesk\u00e1 vl\u00e1da Petra Fialy v\u011bd\u011bla o chystan\u00e9m \u00fatoku ukrajinsk\u00e9 arm\u00e1dy na Krym a Donbas m\u011bs\u00edc dop\u0159edu, ale Moskva ten pl\u00e1n p\u0159ekazila spu\u0161t\u011bn\u00edm vlastn\u00ed invaze! D\u016fkazem je mezist\u00e1tn\u00ed smlouva podepsan\u00e1 mezi ministerstvy obrany \u010cR a Ukrajiny ze dne 1. 2. 2022, tedy 23 dn\u00ed p\u0159ed ruskou invaz\u00ed! Ve v\u00fdbu\u0161n\u00e9 smlouv\u011b se p\u00ed\u0161e o o\u0161et\u0159ov\u00e1n\u00ed zran\u011bn\u00fdch ukrajinsk\u00fdch voj\u00e1k\u016f v \u010cR a o p\u0159evozu ostatk\u016f na Ukrajinu! Smlouvu podepsal p\u0159\u00edmo Zalu\u017en\u00fd, tak\u017ee vl\u00e1da Petra Fialy musela v\u011bd\u011bt o chystan\u00e9 invazi Ukrajinc\u016f, jak o tom informoval Kreml a Sergej Nary\u0161kin z rusk\u00e9 rozv\u011bdky!<\/h4>\n<p>Slovensk\u00fd pr\u00e1vn\u00edk a aktivista Peter Weiss publikoval ve st\u0159edu na sv\u00e9m kan\u00e1lu na Telegramu naprostou bombu\u00a0<strong>[<a href=\"https:\/\/href.li\/?https:\/\/t.me\/akwsk\/6643\" target=\"_blank\" rel=\"nofollow noopener\">1<\/a>]<\/strong>, kter\u00e1 \u00fapln\u011b m\u011bn\u00ed pohled na \u00falohu vl\u00e1dy Petra Fialy v ukrajinsk\u00e9m konfliktu. \u010cesk\u00e9 ministerstvo obrany \u0159\u00edzen\u00e9 kabelkovou tankistkou Janou \u010cernochovou a zastoupen\u00e9 n\u00e1m\u011bstkem ministryn\u011b Danielem Bla\u017ekovcem a ukrajinsk\u00e9 ministerstvo obrany zastoupen\u00e9 p\u0159\u00edmo n\u00e1\u010deln\u00edkem gener\u00e1ln\u00edho \u0161t\u00e1bu ukrajinsk\u00e9 arm\u00e1dy Valerijem Zalu\u017en\u00fdm toti\u017e podepsali 23 dn\u016f p\u0159ed vypuknut\u00edm rusk\u00e9 invaze na Ukrajinu mezist\u00e1tn\u00ed dohodu, ze kter\u00e9 v\u00e1m doslova spadne brada a mo\u017en\u00e1 op\u011bt i hodiny ze zdi, jako ji\u017e tradi\u010dn\u011b v posledn\u00ed dob\u011b, kdy od Fialovy garnitury p\u0159ich\u00e1z\u00ed jedna jobovka za druhou.<\/p>\n<figure id=\"attachment_54283\" class=\"wp-caption aligncenter\" style=\"width: 697px;\"><a href=\"https:\/\/aeronet.news\/wp-content\/uploads\/ValerijZaluznyjNATO.jpg\"><img decoding=\"async\" loading=\"lazy\" class=\"wp-image-54283 \" src=\"https:\/\/aeronet.news\/wp-content\/uploads\/ValerijZaluznyjNATO-1024x683.jpg\" sizes=\"(max-width: 700px) 100vw, 700px\" srcset=\"https:\/\/aeronet.news\/wp-content\/uploads\/ValerijZaluznyjNATO-1024x683.jpg 1024w, https:\/\/aeronet.news\/wp-content\/uploads\/ValerijZaluznyjNATO-300x200.jpg 300w, https:\/\/aeronet.news\/wp-content\/uploads\/ValerijZaluznyjNATO-768x512.jpg 768w, https:\/\/aeronet.news\/wp-content\/uploads\/ValerijZaluznyjNATO-700x467.jpg 700w, https:\/\/aeronet.news\/wp-content\/uploads\/ValerijZaluznyjNATO-535x357.jpg 535w, https:\/\/aeronet.news\/wp-content\/uploads\/ValerijZaluznyjNATO-724x483.jpg 724w, https:\/\/aeronet.news\/wp-content\/uploads\/ValerijZaluznyjNATO.jpg 1280w\" alt=\"\" width=\"697\" height=\"465\" \/><\/a><figcaption class=\"wp-caption-text\">Valerij Zalu\u017en\u00fd<\/figcaption><\/figure>\n<p>Na serveru Z\u00e1kony pro lidi je toti\u017e mo\u017en\u00e9 naj\u00edt zn\u011bn\u00ed\u00a0<strong>[<a href=\"https:\/\/href.li\/?https:\/\/www.zakonyprolidi.cz\/ms\/2022-3\" target=\"_blank\" rel=\"nofollow noopener\">2<\/a>]<\/strong>\u00a0t\u00e9to smlouvy podepsan\u00e9 1. 2. 2022, ve kter\u00e9\u00a0<strong>se \u010desk\u00e1 strana zavazuje, \u017ee bude o\u0161et\u0159ovat zran\u011bn\u00e9 ukrajinsk\u00e9 voj\u00e1ky, kte\u0159\u00ed utrp\u00ed zran\u011bn\u00ed v d\u016fsledku p\u0159\u00edm\u00fdch nep\u0159\u00e1telsk\u00fdch akc\u00ed!<\/strong>\u00a0Ve smlouv\u011b se nikde nep\u00ed\u0161e o rusk\u00e9 invazi, ani o rusk\u00e9 agresi, ale o d\u016fsledc\u00edch nep\u0159\u00e1telsk\u00fdch akc\u00ed. Nen\u00ed ale uvedeno, co tyto nep\u0159\u00e1telsk\u00e9 akce vlastn\u011b m\u00e1 vyvolat.<\/p>\n<p><strong>Existuje jen jedno jedin\u00e9 vysv\u011btlen\u00ed: Ukrajina doopravdy ve spolupr\u00e1ci s NATO a \u010ceskou republikou, spolu s dal\u0161\u00edmi zem\u011bmi NATO, chystala vojenskou operaci a \u00fatok na Krym a na Donbas<\/strong>\u00a0s c\u00edlem vytla\u010dit rusk\u00e9 etnick\u00e9 opol\u010dence, \u00fapln\u011b p\u0159esn\u011b, jak to tvrd\u00ed Kreml a \u0161\u00e9f rusk\u00e9 rozv\u011bdky SVR Sergej Nary\u0161kin. A\u017e dosud neexistoval hmatateln\u00fd d\u016fkaz, ale on existuje p\u0159\u00edmo v podob\u011b mezist\u00e1tn\u00ed, i kdy\u017e v tichosti uzav\u0159en\u00e9 smlouvy o o\u0161et\u0159ov\u00e1n\u00ed ran\u011bn\u00fdch ukrajinsk\u00fdch voj\u00e1k\u016f v \u010cR. V dokumentu se dokonce i p\u00ed\u0161e o odvozu t\u011bl zem\u0159el\u00fdch voj\u00e1k\u016f, kter\u00e9 se v \u010cR nepoda\u0159\u00ed zachr\u00e1nit a udr\u017eet na\u017eivu. Pane\u010dku, je to venku!<\/p>\n<h6><span style=\"font-size: 18pt;\">Kyjev doopravdy pl\u00e1noval \u00fatok na Donbas a Krym, pot\u0159eboval ale lazaretn\u00ed slu\u017ebu v zem\u00edch NATO, tak\u017ee \u010cR p\u0159i\u0161la vhod<\/span><\/h6>\n<p>Fialova vl\u00e1da chystala s Ukrajinou vojenskou operaci proti Rusk\u00e9 federaci, proti Krymu a proti republik\u00e1m na Donbasu! Ve smlouv\u011b jsou uvedeny takov\u00e9 detaily a v\u011bci, kter\u00e9 vylu\u010duj\u00ed, \u017ee by smlouva byla seps\u00e1na jen preventivn\u011b pro str\u00fd\u010dka p\u0159\u00edhodu, kdyby n\u00e1hodou, ne,\u00a0<strong>ta smlouva jasn\u011b p\u0159ipravovala podm\u00ednky pro o\u0161et\u0159ov\u00e1n\u00ed ukrajinsk\u00fdch voj\u00e1k\u016f po vypuknut\u00ed \u201c<em>nep\u0159\u00e1telsk\u00fdch akc\u00ed<\/em>\u201d v n\u011bjak\u00e9m d\u016fsledku krok\u016f Ukrajiny, kter\u00e9 nejsou ve smlouv\u011b uvedeny.<\/strong><\/p>\n<p>Ve smlouv\u011b nen\u00ed nikde ani zm\u00ednka o Rusku, ani o agresi Ruska, o obran\u011b Ukrajiny p\u0159ed agres\u00ed, v\u016fbec nic takov\u00e9ho. V dokumentu se prost\u011b p\u00ed\u0161e jen o zran\u011bn\u00fdch ukrajinsk\u00fdch voj\u00e1c\u00edch v d\u016fsledku nep\u0159\u00e1telsk\u00fdch akc\u00ed, ale nen\u00ed uvedeno, co bude p\u0159\u00ed\u010dinou takov\u00fdch akc\u00ed. Poj\u010fme si tu smlouvu \u00fapln\u011b celou ocitovat, proto\u017ee tohle je nejv\u00fdbu\u0161n\u011bj\u0161\u00ed dokument za celou dobu konfliktu na Ukrajin\u011b.<\/p>\n<p><span style=\"font-size: 18pt;\"><strong>SD\u011aLEN\u00cd<\/strong><\/span><\/p>\n<p>Ministerstva zahrani\u010dn\u00edch v\u011bc\u00ed Ministerstvo zahrani\u010dn\u00edch v\u011bc\u00ed sd\u011bluje, \u017ee dne 1. \u00fanora 2022 bylo v Praze podeps\u00e1no Ujedn\u00e1n\u00ed mezi Ministerstvem obrany \u010cesk\u00e9 republiky a Ministerstvem obrany Ukrajiny o spolupr\u00e1ci v oblasti poskytov\u00e1n\u00ed l\u00e9\u010debn\u00e9 p\u00e9\u010de ran\u011bn\u00e9mu vojensk\u00e9mu person\u00e1lu Ukrajiny. Ujedn\u00e1n\u00ed vstoupilo v platnost na z\u00e1klad\u011b sv\u00e9ho \u010dl\u00e1nku 10 odst. 1 dnem podpisu. \u010cesk\u00e9 zn\u011bn\u00ed Ujedn\u00e1n\u00ed a anglick\u00e9 zn\u011bn\u00ed, je\u017e je pro jeho v\u00fdklad rozhodn\u00e9, se vyhla\u0161uj\u00ed sou\u010dasn\u011b.<\/p>\n<h6><span style=\"font-size: 18pt;\">UJEDN\u00c1N\u00cd MEZI MINISTERSTVEM OBRANY \u010cESK\u00c9 REPUBLIKY A MINISTERSTVEM OBRANY UKRAJINY O SPOLUPR\u00c1CI V OBLASTI POSKYTOV\u00c1N\u00cd L\u00c9\u010cEBN\u00c9 P\u00c9\u010cE RAN\u011aN\u00c9MU VOJENSK\u00c9MU PERSON\u00c1LU UKRAJINY<\/span><\/h6>\n<p><span style=\"font-size: 18pt;\"><strong>PREAMBULE<\/strong><\/span><\/p>\n<p>Ministerstvo obrany \u010cesk\u00e9 republiky a Ministerstvo obrany Ukrajiny (d\u00e1le jen \u201esmluvn\u00ed strany\u201c);<\/p>\n<p>p\u0159ihl\u00ed\u017eej\u00edce k Ujedn\u00e1n\u00ed mezi Ministerstvem obrany \u010cesk\u00e9 republiky a Ministerstvem obrany Ukrajiny o vz\u00e1jemn\u00e9 spolupr\u00e1ci, podepsan\u00e9mu v Praze dne 2. dubna 1996;<\/p>\n<p>p\u0159ej\u00edce si pos\u00edlit st\u00e1vaj\u00edc\u00ed p\u0159\u00e1telsk\u00e9 vazby a spolupr\u00e1ci;<\/p>\n<p>se dohodly na n\u00e1sleduj\u00edc\u00edm:<\/p>\n<p><strong>\u010cL\u00c1NEK 1<\/strong><\/p>\n<p><strong>\u00da\u010cEL<\/strong><\/p>\n<p>\u00da\u010delem tohoto Ujedn\u00e1n\u00ed je upravit spolupr\u00e1ci smluvn\u00edch stran v oblasti poskytov\u00e1n\u00ed l\u00e9\u010debn\u00e9 p\u00e9\u010de ran\u011bn\u00e9mu ukrajinsk\u00e9mu vojensk\u00e9mu person\u00e1lu (d\u00e1le jen \u201epacienti\u201c) v \u010desk\u00fdch vojensk\u00fdch zdravotnick\u00fdch za\u0159\u00edzen\u00edch.<\/p>\n<p><strong>\u010cL\u00c1NEK 2<\/strong><\/p>\n<p><strong>P\u0158\u00cdSLU\u0160N\u00c9 ORG\u00c1NY<\/strong><\/p>\n<p>P\u0159\u00edslu\u0161n\u00fdmi org\u00e1ny smluvn\u00edch stran k prov\u00e1d\u011bn\u00ed ustanoven\u00ed tohoto Ujedn\u00e1n\u00ed jsou:<\/p>\n<p><strong>Za \u010deskou smluvn\u00ed stranu:<\/strong><\/p>\n<p>P\u0159\u00edslu\u0161n\u00fd org\u00e1n pro v\u0161echny z\u00e1vazky s v\u00fdjimkou poskytov\u00e1n\u00ed l\u00e9\u010debn\u00e9 p\u00e9\u010de:<\/p>\n<p>Sekce vojensk\u00e9ho zdravotnictv\u00ed Ministerstva obrany \u010cesk\u00e9 republiky;<\/p>\n<p>P\u0159\u00edslu\u0161n\u00fd org\u00e1n pro poskytov\u00e1n\u00ed l\u00e9\u010debn\u00e9 p\u00e9\u010de:<\/p>\n<p>Sekce spr\u00e1vy a \u0159\u00edzen\u00ed organizac\u00ed Ministerstva obrany \u010cesk\u00e9 republiky;<\/p>\n<p><strong>Za ukrajinskou smluvn\u00ed stranu:<\/strong><\/p>\n<p>P\u0159\u00edslu\u0161n\u00fd org\u00e1n pro v\u0161echny z\u00e1vazky s v\u00fdjimkou finan\u010dn\u00edch:<\/p>\n<p>Velitelstv\u00ed zdravotnick\u00fdch sil Ozbrojen\u00fdch sil Ukrajiny;<\/p>\n<p>P\u0159\u00edslu\u0161n\u00fd org\u00e1n pro finan\u010dn\u00ed z\u00e1vazky:<\/p>\n<p>Finan\u010dn\u00ed odbor Gener\u00e1ln\u00edho \u0161t\u00e1bu Ozbrojen\u00fdch sil Ukrajiny.<\/p>\n<p><strong>\u010cL\u00c1NEK 3<\/strong><\/p>\n<p><strong>V\u00ddB\u011aR PACIENT\u016e<\/strong><\/p>\n<p>1. Ukrajinsk\u00e1 smluvn\u00ed strana bude po p\u0159edchoz\u00ed konzultaci s \u010deskou smluvn\u00ed stranou navrhovat pacienty pro l\u00e9\u010debnou p\u00e9\u010di v \u010desk\u00fdch vojensk\u00fdch zdravotnick\u00fdch za\u0159\u00edzen\u00edch.\u00a0<strong>\u010cesk\u00e1 smluvn\u00ed strana m\u016f\u017ee p\u0159ijmout jako pacienta pouze vojensk\u00fd person\u00e1l Ukrajiny, kter\u00fd byl ran\u011bn v d\u016fsledku p\u0159\u00edm\u00fdch nep\u0159\u00e1telsk\u00fdch akc\u00ed.<\/strong><\/p>\n<p>2. Ukrajinsk\u00e1 smluvn\u00ed strana poskytne \u010desk\u00e9 smluvn\u00ed stran\u011b osobn\u00ed \u00fadaje, kopii cestovn\u00edho pasu a poslu\u0161nou zdravotn\u00ed dokumentaci popisuj\u00edc\u00ed zejm\u00e9na aktu\u00e1ln\u00ed zdravotn\u00ed stav navr\u017een\u00e9ho pacienta. Ochrana osobn\u00edch \u00fadaj\u016f bude prov\u00e1d\u011bna v souladu s vnitrost\u00e1tn\u00edmi pr\u00e1vn\u00edmi p\u0159edpisy smluvn\u00edch stran.<\/p>\n<p>3. Kone\u010dn\u00fd v\u00fdb\u011br pacient\u016f, kte\u0159\u00ed se podrob\u00ed l\u00e9\u010debn\u00e9 p\u00e9\u010di v \u010desk\u00fdch vojensk\u00fdch zdravotnick\u00fdch za\u0159\u00edzen\u00edch, provede \u010desk\u00e1 smluvn\u00ed strana. \u010cesk\u00e1 smluvn\u00ed strana si vyhrazuje pr\u00e1vo nevybrat \u017e\u00e1dn\u00e9ho z navr\u017een\u00fdch pacient\u016f.<\/p>\n<p>4. Na \u017e\u00e1dost \u010desk\u00e9 smluvn\u00ed strany shrom\u00e1\u017ed\u00ed ukrajinsk\u00e1 smluvn\u00ed strana v\u0161echny navr\u017een\u00e9 pacienty v ukrajinsk\u00e9 vojensk\u00e9 nemocnici dohodnut\u00e9 s \u010deskou smluvn\u00ed stranou za \u00fa\u010delem l\u00e9ka\u0159sk\u00e9 prohl\u00eddky proveden\u00e9 person\u00e1lem \u010desk\u00e9 smluvn\u00ed strany p\u0159ed kone\u010dn\u00fdm v\u00fdb\u011brem pacient\u016f.<\/p>\n<p>5. Rozhodnut\u00ed o tom, kte\u0159\u00ed pacienti jsou vybr\u00e1ni pro l\u00e9\u010debnou p\u00e9\u010di v \u010desk\u00fdch vojensk\u00fdch zdravotnick\u00fdch za\u0159\u00edzen\u00edch, bude ukrajinsk\u00e9 smluvn\u00ed stran\u011b poskytnuto ihned po proveden\u00ed v\u00fdb\u011bru.<\/p>\n<p><strong>\u010cL\u00c1NEK 4<\/strong><\/p>\n<p><strong>ODJEZD PACIENT\u016e<\/strong><\/p>\n<p>1. Vstup a pobyt pacient\u016f vybran\u00fdch k l\u00e9\u010debn\u00e9 p\u00e9\u010di v \u010desk\u00fdch vojensk\u00fdch zdravotnick\u00fdch za\u0159\u00edzen\u00edch na \u00fazem\u00ed \u010cesk\u00e9 republiky se budou \u0159\u00eddit pr\u00e1vn\u00edmi p\u0159edpisy \u010cesk\u00e9 republiky.<\/p>\n<p>2. P\u0159ed odjezdem do \u010cesk\u00e9 republiky bude \u010desk\u00e1 smluvn\u00ed strana od pacient\u016f vy\u017eadovat podeps\u00e1n\u00ed dokumentu prokazuj\u00edc\u00edho jejich dobrovoln\u00fd souhlas s l\u00e9\u010debnou p\u00e9\u010d\u00ed v \u010desk\u00fdch vojensk\u00fdch zdravotnick\u00fdch za\u0159\u00edzen\u00edch.<\/p>\n<p><strong>\u010cL\u00c1NEK 5<\/strong><\/p>\n<p><strong>POVINNOSTI \u010cESK\u00c9 SMLUVN\u00cd STRANY<\/strong><\/p>\n<p>Za \u00fa\u010delem \u00fasp\u011b\u0161n\u00e9ho prov\u00e1d\u011bn\u00ed tohoto Ujedn\u00e1n\u00ed bude \u010desk\u00e1 smluvn\u00ed strana:<\/p>\n<p>a) vyb\u00edrat pacienty pro l\u00e9\u010debnou p\u00e9\u010di v \u010desk\u00fdch vojensk\u00fdch zdravotnick\u00fdch za\u0159\u00edzen\u00edch v souladu s \u010dl\u00e1nkem 3 tohoto Ujedn\u00e1n\u00ed;<\/p>\n<p>b) hradit n\u00e1klady na v\u00edza vybran\u00fdch pacient\u016f;<\/p>\n<p>c) zaji\u0161\u0165ovat nebo hradit n\u00e1klady na p\u0159epravu pacient\u016f na \u00fazem\u00ed \u010cesk\u00e9 republiky a zp\u011bt, a rovn\u011b\u017e p\u0159epravu po \u00fazem\u00ed \u010cesk\u00e9 republiky;<\/p>\n<p>d) seznamovat pacienty s vnit\u0159n\u00edmi pravidly \u010desk\u00e9ho vojensk\u00e9ho zdravotnick\u00e9ho za\u0159\u00edzen\u00ed;<\/p>\n<p>e) poskytovat pacient\u016fm informace pro usnadn\u011bn\u00ed pobytu v \u010cesk\u00e9 republice;<\/p>\n<p>f) poskytovat l\u00e9\u010debnou p\u00e9\u010di a mo\u017enou z\u00e1kladn\u00ed rehabilitaci pacient\u016f v \u010desk\u00fdch vojensk\u00fdch zdravotnick\u00fdch za\u0159\u00edzen\u00edch;<\/p>\n<p>g) hradit n\u00e1klady na l\u00e9\u010debnou p\u00e9\u010di, jako\u017e i ubytov\u00e1n\u00ed (v\u010detn\u011b pran\u00ed pr\u00e1dla) a stravov\u00e1n\u00ed pacient\u016f v \u010desk\u00fdch vojensk\u00fdch zdravotnick\u00fdch za\u0159\u00edzen\u00edch;<\/p>\n<p>h) poskytovat pacient\u016fm p\u0159i propu\u0161t\u011bn\u00ed z \u010desk\u00e9ho vojensk\u00e9ho zdravotnick\u00e9ho za\u0159\u00edzen\u00ed zpr\u00e1vu o jejich aktu\u00e1ln\u00edm zdravotn\u00edm stavu a pr\u016fb\u011bhu l\u00e9\u010dby v anglick\u00e9m jazyce.<\/p>\n<p><strong>\u010cL\u00c1NEK 6<\/strong><\/p>\n<p><strong>POVINNOSTI UKRAJINSK\u00c9 SMLUVN\u00cd STRANY<\/strong><\/p>\n<p>1. Za \u00fa\u010delem \u00fasp\u011b\u0161n\u00e9ho prov\u00e1d\u011bn\u00ed tohoto Ujedn\u00e1n\u00ed bude ukrajinsk\u00e1 smluvn\u00ed strana:<\/p>\n<p>a) zaji\u0161\u0165ovat nezbytnou spolupr\u00e1ci s \u010deskou smluvn\u00ed stranou;<\/p>\n<p>b) vys\u00edlat vhodn\u00fd sty\u010dn\u00fd person\u00e1l za \u00fa\u010delem podpory l\u00e9\u010debn\u00e9 p\u00e9\u010de v \u010desk\u00fdch vojensk\u00fdch zdravotnick\u00fdch za\u0159\u00edzen\u00edch;<\/p>\n<p>c) informovat pacienty o principech poskytov\u00e1n\u00ed l\u00e9\u010debn\u00e9 p\u00e9\u010de v \u010desk\u00fdch vojensk\u00fdch zdravotnick\u00fdch za\u0159\u00edzen\u00edch a nutnosti \u0159\u00eddit se jak pokyny \u010desk\u00e9ho zdravotnick\u00e9ho person\u00e1lu, tak vnit\u0159n\u00edmi pravidly \u010desk\u00fdch vojensk\u00fdch zdravotnick\u00fdch za\u0159\u00edzen\u00ed;<\/p>\n<p>d) zaji\u0161\u0165ovat okam\u017eit\u00fd n\u00e1vrat pacienta na \u017e\u00e1dost \u010desk\u00e9 smluvn\u00ed strany podle \u010cl\u00e1nku 9 tohoto Ujedn\u00e1n\u00ed;<\/p>\n<p>e) vypo\u0159\u00e1d\u00e1vat n\u00e1roky na n\u00e1hradu \u0161kody zp\u016fsoben\u00e9 pacientem na \u00fazem\u00ed \u010cesk\u00e9 republiky, jestli\u017ee nebyly uhrazeny t\u00edmto pacientem;<\/p>\n<p>f) refundovat n\u00e1klady \u010desk\u00e9 smluvn\u00ed strany na dopravu, l\u00e9\u010debnou p\u00e9\u010di a pobyt v \u010cesk\u00e9 republice za pacienta, o jeho\u017e okam\u017eit\u00fd n\u00e1vrat po\u017e\u00e1dala \u010desk\u00e1 smluvn\u00ed strana podle \u010dl\u00e1nku 9 tohoto Ujedn\u00e1n\u00ed, pokud tento okam\u017eit\u00fd n\u00e1vrat nebyl ukrajinskou smluvn\u00ed stranou zaji\u0161t\u011bn.<\/p>\n<p>2. V p\u0159\u00edpad\u011b \u017ee \u010desk\u00e1 smluvn\u00ed strana po\u017eaduje \u00fahradu n\u00e1klad\u016f souvisej\u00edc\u00edch s prov\u00e1d\u011bn\u00edm tohoto Ujedn\u00e1n\u00ed, \u010desk\u00e1 smluvn\u00ed strana poskytne ukrajinsk\u00e9 smluvn\u00ed stran\u011b fakturu uv\u00e1d\u011bj\u00edc\u00ed nezbytn\u00e9 \u00fadaje v\u010detn\u011b \u010d\u00edsel bankovn\u00edch \u00fa\u010dt\u016f. Ukrajinsk\u00e1 smluvn\u00ed strana zabezpe\u010d\u00ed takovou \u00fahradu v dob\u011b splatnosti bez zbyte\u010dn\u00e9ho prodlen\u00ed.<\/p>\n<p><strong>\u010cL\u00c1NEK 7<\/strong><\/p>\n<p><strong>REPATRIACE T\u011aL ZESNUL\u00ddCH<\/strong><\/p>\n<p>1. V p\u0159\u00edpad\u011b \u00famrt\u00ed pacienta \u010desk\u00e1 smluvn\u00ed strana zajist\u00ed nebo uhrad\u00ed p\u0159epravu ostatk\u016f na Ukrajinu.<\/p>\n<p>2. Ukrajinsk\u00e9 smluvn\u00ed stran\u011b bude v p\u0159\u00edpad\u011b \u00famrt\u00ed pacienta poskytnuta jeho \u00fapln\u00e1 zdravotn\u00ed dokumentace a z\u00e1znamy. Ukrajinsk\u00e1 smluvn\u00ed strana poskytne tuto dokumentaci rodin\u011b zesnul\u00e9ho.<\/p>\n<p><strong>\u010cL\u00c1NEK 8<\/strong><\/p>\n<p><strong>STY\u010cN\u00dd PERSON\u00c1L UKRAJINSK\u00c9 SMLUVN\u00cd STRANY<\/strong><\/p>\n<p>Ukrajinsk\u00e1 smluvn\u00ed strana vy\u0161le sv\u016fj sty\u010dn\u00fd person\u00e1l do \u010cesk\u00e9 republiky za \u00fa\u010delem podpory l\u00e9\u010debn\u00e9 p\u00e9\u010de pacient\u016f v \u010desk\u00fdch vojensk\u00fdch zdravotnick\u00fdch za\u0159\u00edzen\u00edch, zejm\u00e9na za \u00fa\u010delem poskytov\u00e1n\u00ed p\u0159ekladatelsk\u00e9, psychologick\u00e9 a logistick\u00e9 podpory pacient\u016f. Tato podpora bude poskytov\u00e1na za t\u011bchto podm\u00ednek:<\/p>\n<p>a) Po\u010det sty\u010dn\u00e9ho person\u00e1lu ukrajinsk\u00e9 smluvn\u00ed strany bude dohodnut mezi \u010deskou smluvn\u00ed stranou a ukrajinskou smluvn\u00ed stranou p\u0159ed jeho odjezdem;<\/p>\n<p>b) Vstup a pobyt sty\u010dn\u00e9ho person\u00e1lu ukrajinsk\u00e9 smluvn\u00ed strany na \u00fazem\u00ed \u010cesk\u00e9 republiky se budou \u0159\u00eddit pr\u00e1vn\u00edmi p\u0159edpisy \u010cesk\u00e9 republiky;<\/p>\n<p>c) Ukrajinsk\u00e1 smluvn\u00ed strana poskytne \u010desk\u00e9 smluvn\u00ed stran\u011b osobn\u00ed \u00fadaje a kopii cestovn\u00edho pasu navrhovan\u00e9ho sty\u010dn\u00e9ho person\u00e1lu ukrajinsk\u00e9 smluvn\u00ed strany. Ochrana osobn\u00edch \u00fadaj\u016f bude prov\u00e1d\u011bna v souladu s vnitrost\u00e1tn\u00edmi pr\u00e1vn\u00edmi p\u0159edpisy smluvn\u00edch stran;<\/p>\n<p>d) Ubytov\u00e1n\u00ed sty\u010dn\u00e9ho person\u00e1lu ukrajinsk\u00e9 smluvn\u00ed strany bude zaji\u0161\u0165ov\u00e1no nebo hrazeno \u010deskou smluvn\u00ed stranou pouze v \u010desk\u00fdch vojensk\u00fdch za\u0159\u00edzen\u00edch;<\/p>\n<p>e) Stravov\u00e1n\u00ed bude sty\u010dn\u00e9mu person\u00e1lu ukrajinsk\u00e9 smluvn\u00ed strany zaji\u0161\u0165ov\u00e1no nebo hrazeno \u010deskou smluvn\u00ed stranou pouze v \u010desk\u00fdch vojensk\u00fdch za\u0159\u00edzen\u00edch;<\/p>\n<p>f) \u010cesk\u00e1 smluvn\u00ed strana zabezpe\u010d\u00ed p\u0159epravu sty\u010dn\u00e9ho person\u00e1lu ukrajinsk\u00e9 smluvn\u00ed strany na \u00fazem\u00ed \u010cesk\u00e9 republiky a zp\u011bt spolu s pacienty na palub\u011b \u010desk\u00fdch vojensk\u00fdch transportn\u00edch letadel, pokud to bude mo\u017en\u00e9. Jakoukoli jinou formu p\u0159epravy tohoto person\u00e1lu zajist\u00ed nebo uhrad\u00ed ukrajinsk\u00e1 smluvn\u00ed strana;<\/p>\n<p>g) Ve\u0161ker\u00e9 dal\u0161\u00ed n\u00e1klady spojen\u00e9 s pobytem sty\u010dn\u00e9ho person\u00e1lu ukrajinsk\u00e9 smluvn\u00ed strany v \u010cesk\u00e9 republice hrad\u00ed ukrajinsk\u00e1 smluvn\u00ed strana;<\/p>\n<p>h) Ukrajinsk\u00e1 smluvn\u00ed strana bude informovat sv\u016fj sty\u010dn\u00fd person\u00e1l o principech poskytov\u00e1n\u00ed l\u00e9\u010debn\u00e9 p\u00e9\u010de podle tohoto Ujedn\u00e1n\u00ed a nutnosti \u0159\u00eddit se jak pokyny \u010desk\u00e9ho zdravotnick\u00e9ho person\u00e1lu, tak vnit\u0159n\u00edmi pravidly \u010desk\u00fdch vojensk\u00fdch za\u0159\u00edzen\u00ed, do kter\u00fdch bude m\u00edt sty\u010dn\u00fd person\u00e1l ukrajinsk\u00e9 smluvn\u00ed strany p\u0159\u00edstup;<\/p>\n<p>i) Ukrajinsk\u00e1 smluvn\u00ed strana bude vypo\u0159\u00e1d\u00e1vat n\u00e1roky na n\u00e1hradu \u0161kody zp\u016fsoben\u00e9 jej\u00edm sty\u010dn\u00fdm person\u00e1lem na \u00fazem\u00ed \u010cesk\u00e9 republiky, jestli\u017ee nebyly uhrazeny t\u00edmto sty\u010dn\u00fdm person\u00e1lem.<\/p>\n<p><strong>\u010cL\u00c1NEK 9<\/strong><\/p>\n<p><strong>N\u00c1VRAT PACIENTA NEBO STY\u010cN\u00c9HO PERSON\u00c1LU UKRAJINSK\u00c9 SMLUVN\u00cd STRANY NA \u017d\u00c1DOST \u010cESK\u00c9 SMLUVN\u00cd STRANY<\/strong><\/p>\n<p>1. Pokud pacient nedodr\u017euje l\u00e9\u010debn\u00fd re\u017eim nebo poru\u0161uje vnit\u0159n\u00ed pravidla \u010desk\u00e9ho vojensk\u00e9ho zdravotnick\u00e9ho za\u0159\u00edzen\u00ed, \u010cesk\u00e1 smluvn\u00ed strana m\u016f\u017ee po\u017e\u00e1dat o okam\u017eit\u00fd n\u00e1vrat tohoto pacienta na Ukrajinu na n\u00e1klady ukrajinsk\u00e9 smluvn\u00ed strany. Ukrajinsk\u00e1 smluvn\u00ed strana zajist\u00ed takov\u00fd n\u00e1vrat bez zbyte\u010dn\u00e9ho odkladu.<\/p>\n<p>2. Pokud sty\u010dn\u00fd person\u00e1l ukrajinsk\u00e9 smluvn\u00ed strany poru\u0161uje vnit\u0159n\u00ed pravidla \u010desk\u00fdch vojensk\u00fdch za\u0159\u00edzen\u00ed, do kter\u00fdch m\u00e1 p\u0159\u00edstup, \u010desk\u00e1 smluvn\u00ed strana m\u016f\u017ee po\u017e\u00e1dat o okam\u017eit\u00fd n\u00e1vrat tohoto sty\u010dn\u00e9ho person\u00e1lu na Ukrajinu na n\u00e1klady ukrajinsk\u00e9 smluvn\u00ed strany. Ukrajinsk\u00e1 smluvn\u00ed strana zajist\u00ed takov\u00fd n\u00e1vrat bez zbyte\u010dn\u00e9ho odkladu.<\/p>\n<p><strong>\u010cL\u00c1NEK 10<\/strong><\/p>\n<p><strong>Z\u00c1V\u011aRE\u010cN\u00c1 USTANOVEN\u00cd<\/strong><\/p>\n<p>1. Toto Ujedn\u00e1n\u00ed vstoup\u00ed v platnost dnem sv\u00e9ho podpisu a je sjedn\u00e1no na dobu neur\u010ditou.<\/p>\n<p>2. Toto Ujedn\u00e1n\u00ed m\u016f\u017ee b\u00fdt p\u00edsemn\u011b zm\u011bn\u011bno na z\u00e1klad\u011b vz\u00e1jemn\u00e9ho souhlasu smluvn\u00edch stran.<\/p>\n<p>3. Platnost tohoto Ujedn\u00e1n\u00ed m\u016f\u017ee b\u00fdt ukon\u010dena na z\u00e1klad\u011b vz\u00e1jemn\u00e9ho souhlasu smluvn\u00edch stran. Ka\u017ed\u00e1 ze smluvn\u00edch stran m\u016f\u017ee toto Ujedn\u00e1n\u00ed vypov\u011bd\u011bt na z\u00e1klad\u011b p\u00edsemn\u00e9ho ozn\u00e1men\u00ed druh\u00e9 smluvn\u00ed stran\u011b se lh\u016ftou t\u0159\u00ed (3) m\u011bs\u00edc\u016f. L\u00e9\u010debn\u00e1 p\u00e9\u010de pacienta, kter\u00e1 byla zah\u00e1jena v dob\u011b platnosti tohoto Ujedn\u00e1n\u00ed, bude dokon\u010dena v souladu s t\u00edmto Ujedn\u00e1n\u00edm, pokud se smluvn\u00ed strany nedohodnou jinak.<\/p>\n<p>4. Ve\u0161ker\u00e9 spory t\u00fdkaj\u00edc\u00ed se v\u00fdkladu nebo prov\u00e1d\u011bn\u00ed tohoto Ujedn\u00e1n\u00ed budou \u0159e\u0161eny pouze konzultacemi mezi smluvn\u00edmi stranami na nejni\u017e\u0161\u00ed mo\u017en\u00e9 \u00farovni. Na d\u016fkaz \u010deho\u017e \u0159\u00e1dn\u011b opr\u00e1vn\u011bn\u00ed z\u00e1stupci smluvn\u00edch stran podepsali toto Ujedn\u00e1n\u00ed.<\/p>\n<p>D\u00e1no v Praze dne 1. \u00fanora 2022 ve dvou v\u00fdtisc\u00edch v \u010desk\u00e9m, ukrajinsk\u00e9m a anglick\u00e9m jazyce, p\u0159i\u010dem\u017e v\u0161echny texty maj\u00ed stejnou platnost. V p\u0159\u00edpad\u011b jak\u00fdchkoliv rozpor\u016f ve v\u00fdkladu tohoto Ujedn\u00e1n\u00ed bude rozhoduj\u00edc\u00ed anglick\u00fd text.<\/p>\n<p><strong>Za Ministerstvo obrany \u010cesk\u00e9 republiky Daniel Bla\u017ekovec v. r.<\/strong><\/p>\n<p>n\u00e1m\u011bstek ministryn\u011b obrany \u010cesk\u00e9 republiky<\/p>\n<p><strong>Za Ministerstvo obrany Ukrajiny Valerij Zalu\u017enyj v. r.<\/strong><\/p>\n<p>vrchn\u00ed velitel Ozbrojen\u00fdch sil Ukrajiny<\/p>\n<h6><span style=\"font-size: 18pt;\">Smlouva je dohodou vojensk\u00fdch \u0161t\u00e1b\u016f a arm\u00e1d o n\u00e1sledc\u00edch chystan\u00e9 vojensk\u00e9 operace, proto tu smlouvu u\u017e nemohli podepisovat minist\u0159i<\/span><\/h6>\n<p>Jak tedy z textu smlouvy vid\u00edte, \u010desk\u00e1 vl\u00e1da ji\u017e 1. \u00fanora 2022 v\u011bd\u011bla o chystan\u00e9m \u00fatoku ukrajinsk\u00e9 arm\u00e1dy na Donbas a Krym, kter\u00fd m\u011bl b\u00fdt spu\u0161t\u011bn podle informac\u00ed rusk\u00e9 rozv\u011bdky v noci ze 14. na 15. b\u0159ezna 2022, shodou okolnost\u00ed p\u0159esn\u011b na stejn\u00fd den, kdy v roce 1939 za\u010dala n\u011bmeck\u00e1 vojska obsazovat prostor \u010cech a Moravy. V\u0161imn\u011bte si, \u017ee smlouvu nepodepisovala ministryn\u011b Jana \u010cernochov\u00e1, ani ministr obrany Ukrajiny Oleksej Reznikov.<\/p>\n<p>Podepisovali p\u0159\u00edmo n\u00e1\u010deln\u00edk gen\u0161t\u00e1bu Ukrajiny Valerij Zalu\u017en\u00fd a n\u00e1m\u011bstek \u010cernochov\u00e9 Daniel Bla\u017ekovec.\u00a0<strong>To je potvrzen\u00edm toho, \u017ee ne\u0161lo o politickou smlouvu, ale o\u00a0aktivn\u00ed vojensk\u00e9 opat\u0159en\u00ed\u00a0p\u0159\u00edmo ze strany ukrajinsk\u00e9ho vrchn\u00edho velen\u00ed<\/strong>, tedy p\u0159\u00edprava medic\u00ednsk\u00e9ho z\u00e1zem\u00ed na o\u0161et\u0159en\u00ed ukrajinsk\u00fdch voj\u00e1k\u016f po zah\u00e1jen\u00ed ukrajinsk\u00e9 operace proti Donbasu a Krymu. Moskva na nic ne\u010dekala a p\u0159evzala iniciativu a sama za\u00fato\u010dila jako prvn\u00ed, p\u0159esn\u011b podle Putinova hesla, \u017ee kdy\u017e je rva\u010dka nevyhnuteln\u00e1, mus\u00edte za\u00fato\u010dit jako prvn\u00ed.<\/p>\n<figure id=\"attachment_53271\" class=\"wp-caption aligncenter\" style=\"width: 662px;\"><a href=\"https:\/\/aeronet.news\/wp-content\/uploads\/PutinLetsStartFinal.jpg\"><img decoding=\"async\" loading=\"lazy\" class=\"wp-image-53271 \" src=\"https:\/\/aeronet.news\/wp-content\/uploads\/PutinLetsStartFinal-1024x746.jpg\" sizes=\"(max-width: 700px) 100vw, 700px\" srcset=\"https:\/\/aeronet.news\/wp-content\/uploads\/PutinLetsStartFinal-1024x746.jpg 1024w, https:\/\/aeronet.news\/wp-content\/uploads\/PutinLetsStartFinal-300x218.jpg 300w, https:\/\/aeronet.news\/wp-content\/uploads\/PutinLetsStartFinal-768x559.jpg 768w, https:\/\/aeronet.news\/wp-content\/uploads\/PutinLetsStartFinal-700x510.jpg 700w, https:\/\/aeronet.news\/wp-content\/uploads\/PutinLetsStartFinal-490x357.jpg 490w, https:\/\/aeronet.news\/wp-content\/uploads\/PutinLetsStartFinal-663x483.jpg 663w, https:\/\/aeronet.news\/wp-content\/uploads\/PutinLetsStartFinal-198x143.jpg 198w, https:\/\/aeronet.news\/wp-content\/uploads\/PutinLetsStartFinal.jpg 1280w\" alt=\"\" width=\"662\" height=\"482\" \/><\/a><figcaption class=\"wp-caption-text\">\u0415\u0441\u043b\u0438 \u0434\u0440\u0430\u043a\u0430 \u043d\u0435\u0438\u0437\u0431\u0435\u0436\u043d\u0430, \u043d\u0430\u0434\u043e \u0431\u0438\u0442\u044c \u043f\u0435\u0440\u0432\u044b\u043c!<\/figcaption><\/figure>\n<p>Ukrajinci si tak u\u017e po\u010d\u00e1tkem \u00fanora dojedn\u00e1vali s \u010deskou stranou o\u0161et\u0159ov\u00e1n\u00ed sv\u00fdch zran\u011bn\u00fdch voj\u00e1k\u016f a smlouvu podepisoval u\u017e rovnou n\u00e1\u010deln\u00edk Zalu\u017en\u00fd a nikoliv ukrajinsk\u00fd ministr. To znamen\u00e1, \u017ee v t\u00e9 chv\u00edli ji\u017e procesy v\u00e1le\u010dn\u00e9ho \u0159\u00edzen\u00ed na Ukrajin\u011b p\u0159evzal gener\u00e1ln\u00ed \u0161t\u00e1b a civiln\u00ed veden\u00ed obrany bylo odsunuto do pozad\u00ed.<\/p>\n<p><strong>V\u0161echno bylo dop\u0159edu p\u0159ipraveno, a proto ihned 25. \u00fanora m\u011bl Petr Fiala p\u0159ipraven\u00e9 zablokov\u00e1n\u00ed opozi\u010dn\u00edch web\u016f v \u010cR, a to na n\u00e1vrh vojensk\u00e9ho zpravodajstv\u00ed<\/strong>, jak na\u0161\u00ed redakci po podm\u00ednkou utajen\u00ed a anonymity sd\u011blil zdroj z okruhu VZ. Fialova vl\u00e1da m\u011bla v\u0161e p\u0159ipraven\u00e9 dop\u0159edu, pouze se vloudila chybi\u010dka, \u017ee Rusov\u00e9 tento pl\u00e1n odhalili a rozhodli se ude\u0159it jako prvn\u00ed.\u00a0<em>\u0415\u0441\u043b\u0438 \u0434\u0440\u0430\u043a\u0430 \u043d\u0435\u0438\u0437\u0431\u0435\u0436\u043d\u0430, \u043d\u0430\u0434\u043e \u0431\u0438\u0442\u044c \u043f\u0435\u0440\u0432\u044b\u043c!<\/em>\u00a0Ve chv\u00edli, kdy n\u00e1\u010deln\u00edk ukrajinsk\u00e9 arm\u00e1dy si domlouv\u00e1 lazaretn\u00ed slu\u017ebu v zem\u00edch NATO pro sv\u00e9 voj\u00e1ky, bylo jasn\u00e9, \u017ee o \u00fatoku Ukrajinc\u016f na Donbas a Krym je rozhodnuto.<\/p>\n<p>-VK- \u0160\u00e9fredaktor AE News<\/p>\n<p><a href=\"https:\/\/aeronet.news\/ceska-vlada-petra-fialy-vedela-o-chystanem-utoku-ukrajinske-armady-na-krym-a-donbas-mesic-dopredu-ale-moskva-ten-plan-prekazila-spustenim-vlastni-invaze-dukazem-je-mezistatni-smlouva\/\">ZDROJ<\/a><\/p>\n<p>&nbsp;<\/p>\n<p><img decoding=\"async\" loading=\"lazy\" class=\"wp-image-19187 aligncenter\" src=\"http:\/\/www.infokuryr.cz\/n\/wp-content\/uploads\/2022\/12\/1-PRO-300x36.jpg\" alt=\"\" width=\"1250\" height=\"150\" srcset=\"https:\/\/www.infokuryr.cz\/n\/wp-content\/uploads\/2022\/12\/1-PRO-300x36.jpg 300w, https:\/\/www.infokuryr.cz\/n\/wp-content\/uploads\/2022\/12\/1-PRO.jpg 699w\" sizes=\"(max-width: 1250px) 100vw, 1250px\" \/><\/p>\n<p>&nbsp;<\/p>\n<p>&nbsp;<\/p>\n","protected":false},"excerpt":{"rendered":"<p>\u010cesk\u00e1 vl\u00e1da Petra Fialy v\u011bd\u011bla o chystan\u00e9m \u00fatoku ukrajinsk\u00e9 arm\u00e1dy na Krym a Donbas m\u011bs\u00edc&#8230;<\/p>\n","protected":false},"author":2,"featured_media":20810,"comment_status":"closed","ping_status":"closed","sticky":false,"template":"","format":"standard","meta":[],"categories":[6],"tags":[1042,409,29],"_links":{"self":[{"href":"https:\/\/www.infokuryr.cz\/n\/wp-json\/wp\/v2\/posts\/20809"}],"collection":[{"href":"https:\/\/www.infokuryr.cz\/n\/wp-json\/wp\/v2\/posts"}],"about":[{"href":"https:\/\/www.infokuryr.cz\/n\/wp-json\/wp\/v2\/types\/post"}],"author":[{"embeddable":true,"href":"https:\/\/www.infokuryr.cz\/n\/wp-json\/wp\/v2\/users\/2"}],"replies":[{"embeddable":true,"href":"https:\/\/www.infokuryr.cz\/n\/wp-json\/wp\/v2\/comments?post=20809"}],"version-history":[{"count":0,"href":"https:\/\/www.infokuryr.cz\/n\/wp-json\/wp\/v2\/posts\/20809\/revisions"}],"wp:featuredmedia":[{"embeddable":true,"href":"https:\/\/www.infokuryr.cz\/n\/wp-json\/wp\/v2\/media\/20810"}],"wp:attachment":[{"href":"https:\/\/www.infokuryr.cz\/n\/wp-json\/wp\/v2\/media?parent=20809"}],"wp:term":[{"taxonomy":"category","embeddable":true,"href":"https:\/\/www.infokuryr.cz\/n\/wp-json\/wp\/v2\/categories?post=20809"},{"taxonomy":"post_tag","embeddable":true,"href":"https:\/\/www.infokuryr.cz\/n\/wp-json\/wp\/v2\/tags?post=20809"}],"curies":[{"name":"wp","href":"https:\/\/api.w.org\/{rel}","templated":true}]}}