{"id":20807,"date":"2023-01-06T01:07:31","date_gmt":"2023-01-06T00:07:31","guid":{"rendered":"http:\/\/www.infokuryr.cz\/n\/?p=20807"},"modified":"2023-01-05T15:15:54","modified_gmt":"2023-01-05T14:15:54","slug":"iran-nebude-tolerovat-nabozenske-urazky-francouzsky-velvyslanec-predvolan-na-ministerstvo-zahranici","status":"publish","type":"post","link":"https:\/\/www.infokuryr.cz\/n\/2023\/01\/06\/iran-nebude-tolerovat-nabozenske-urazky-francouzsky-velvyslanec-predvolan-na-ministerstvo-zahranici\/","title":{"rendered":"\u00cdr\u00e1n nebude tolerovat n\u00e1bo\u017eensk\u00e9 ur\u00e1\u017eky: Francouzsk\u00fd velvyslanec p\u0159edvol\u00e1n na ministerstvo zahrani\u010d\u00ed"},"content":{"rendered":"<div id=\"fb-root\"><\/div>\n<p class=\"lead\"><span>Francouzsk\u00fd velvyslanec v Teher\u00e1nu byl p\u0159edvol\u00e1n na \u00edr\u00e1nsk\u00e9 ministerstvo zahrani\u010d\u00ed, aby protestoval proti ur\u00e1\u017eliv\u00e9 karikatu\u0159e francouzsk\u00e9ho \u010dasopisu Charlie Hebdo o nejvy\u0161\u0161\u00edm n\u00e1bo\u017eensk\u00e9m veden\u00ed zem\u011b.\u00a0Ozn\u00e1mila to 5. ledna agentura Tasnim News.<\/span><\/p>\n<p><span>Ministerstvo v prohl\u00e1\u0161en\u00ed uvedlo, \u017ee agentura si p\u0159edvolala francouzsk\u00e9ho velvyslance\u00a0<\/span><strong><span>Nicolase Roche<\/span><\/strong><span>\u00a0.\u00a0Mluv\u010d\u00ed \u00edr\u00e1nsk\u00e9ho ministerstva zahrani\u010d\u00ed\u00a0<\/span><strong><span>Nasser Kanaani<\/span><\/strong><span>\u00a0\u0159ekl:<\/span><\/p>\n<p><em><strong>\u201e\u00cdr\u00e1nsk\u00e1 isl\u00e1msk\u00e1 republika nebude v \u017e\u00e1dn\u00e9m p\u0159\u00edpad\u011b tolerovat jak\u00e9koli ur\u00e1\u017eky sv\u00fdch svatyn\u00ed, stejn\u011b jako isl\u00e1msk\u00fdch, n\u00e1bo\u017eensk\u00fdch a n\u00e1rodn\u00edch hodnot.\u00a0Francie nem\u00e1 pr\u00e1vo ospravedl\u0148ovat ur\u00e1\u017een\u00ed svatyn\u00ed jin\u00fdch zem\u00ed a muslimsk\u00fdch n\u00e1rod\u016f pod z\u00e1minkou svobody slova.<\/strong><\/em><\/p>\n<p><span>Odsouzen\u00ed p\u0159i\u0161lo pot\u00e9, co m\u00e9dia informovala, \u017ee Charlie Hebdo se chyst\u00e1 ve zvl\u00e1\u0161tn\u00edm vyd\u00e1n\u00ed zve\u0159ejnit n\u011bkolik \u00fato\u010dn\u00fdch karikatur nejvy\u0161\u0161\u00edho v\u016fdce Isl\u00e1msk\u00e9 republiky ajatoll\u00e1ha\u00a0<\/span><strong><span>Al\u00edho Chamene\u00edho<\/span><\/strong><span>\u00a0.<\/span><\/p>\n<p><span>S odkazem na \u201etemnou minulost\u201c francouzsk\u00e9 publikace, kter\u00e1 ur\u00e1\u017e\u00ed isl\u00e1m, proroka\u00a0<\/span><strong><span>Mohameda<\/span><\/strong><span>\u00a0a svat\u00fd Kor\u00e1n, Kanaani zd\u016fraznil, \u017ee za tento \u201enen\u00e1vistn\u00fd, ur\u00e1\u017eliv\u00fd a neopodstatn\u011bn\u00fd\u201c \u010din je odpov\u011bdn\u00e1 francouzsk\u00e1 vl\u00e1da.<\/span><\/p>\n<p><span>Teher\u00e1n si vyhrazuje pr\u00e1vo poskytnout &#8222;p\u0159im\u011b\u0159enou odpov\u011b\u010f&#8220;, \u0159ekl a p\u0159edal ofici\u00e1ln\u00ed protestn\u00ed n\u00f3tu francouzsk\u00e9mu velvyslanci.\u00a0\u00cdr\u00e1nsk\u00e1 isl\u00e1msk\u00e1 republika \u010dek\u00e1, a\u017e francouzsk\u00e1 vl\u00e1da vysv\u011btl\u00ed a podnikne kroky k odsouzen\u00ed \u201enep\u0159ijateln\u00e9 chov\u00e1n\u00ed\u201c publikace, zd\u016fraznil Kanaani.\u00a0Francouzsk\u00fd velvyslanec \u0159ekl, \u017ee \u00edr\u00e1nsk\u00fd protest p\u0159ed\u00e1 sv\u00e9 zemi.<\/span><\/p>\n<p><img decoding=\"async\" loading=\"lazy\" class=\"alignnone size-full wp-image-1185\" src=\"http:\/\/www.infokuryr.cz\/n\/wp-content\/uploads\/2021\/04\/kuryr-podpis.png\" alt=\"\" width=\"84\" height=\"24\" \/><\/p>\n<p>&nbsp;<\/p>\n<p><img decoding=\"async\" loading=\"lazy\" class=\"wp-image-19187 aligncenter\" src=\"http:\/\/www.infokuryr.cz\/n\/wp-content\/uploads\/2022\/12\/1-PRO-300x36.jpg\" alt=\"\" width=\"1275\" height=\"153\" srcset=\"https:\/\/www.infokuryr.cz\/n\/wp-content\/uploads\/2022\/12\/1-PRO-300x36.jpg 300w, https:\/\/www.infokuryr.cz\/n\/wp-content\/uploads\/2022\/12\/1-PRO.jpg 699w\" sizes=\"(max-width: 1275px) 100vw, 1275px\" \/><\/p>\n<p>&nbsp;<\/p>\n","protected":false},"excerpt":{"rendered":"<p>Francouzsk\u00fd velvyslanec v Teher\u00e1nu byl p\u0159edvol\u00e1n na \u00edr\u00e1nsk\u00e9 ministerstvo zahrani\u010d\u00ed, aby protestoval proti ur\u00e1\u017eliv\u00e9 karikatu\u0159e&#8230;<\/p>\n","protected":false},"author":2,"featured_media":12331,"comment_status":"closed","ping_status":"closed","sticky":false,"template":"","format":"standard","meta":[],"categories":[7],"tags":[130,38,3164,977],"_links":{"self":[{"href":"https:\/\/www.infokuryr.cz\/n\/wp-json\/wp\/v2\/posts\/20807"}],"collection":[{"href":"https:\/\/www.infokuryr.cz\/n\/wp-json\/wp\/v2\/posts"}],"about":[{"href":"https:\/\/www.infokuryr.cz\/n\/wp-json\/wp\/v2\/types\/post"}],"author":[{"embeddable":true,"href":"https:\/\/www.infokuryr.cz\/n\/wp-json\/wp\/v2\/users\/2"}],"replies":[{"embeddable":true,"href":"https:\/\/www.infokuryr.cz\/n\/wp-json\/wp\/v2\/comments?post=20807"}],"version-history":[{"count":0,"href":"https:\/\/www.infokuryr.cz\/n\/wp-json\/wp\/v2\/posts\/20807\/revisions"}],"wp:featuredmedia":[{"embeddable":true,"href":"https:\/\/www.infokuryr.cz\/n\/wp-json\/wp\/v2\/media\/12331"}],"wp:attachment":[{"href":"https:\/\/www.infokuryr.cz\/n\/wp-json\/wp\/v2\/media?parent=20807"}],"wp:term":[{"taxonomy":"category","embeddable":true,"href":"https:\/\/www.infokuryr.cz\/n\/wp-json\/wp\/v2\/categories?post=20807"},{"taxonomy":"post_tag","embeddable":true,"href":"https:\/\/www.infokuryr.cz\/n\/wp-json\/wp\/v2\/tags?post=20807"}],"curies":[{"name":"wp","href":"https:\/\/api.w.org\/{rel}","templated":true}]}}