{"id":20804,"date":"2023-01-06T01:06:39","date_gmt":"2023-01-06T00:06:39","guid":{"rendered":"http:\/\/www.infokuryr.cz\/n\/?p=20804"},"modified":"2023-01-05T15:11:41","modified_gmt":"2023-01-05T14:11:41","slug":"lula-oznamil-priority-brazilie-spoluprace-s-usa-cinou-a-eu","status":"publish","type":"post","link":"https:\/\/www.infokuryr.cz\/n\/2023\/01\/06\/lula-oznamil-priority-brazilie-spoluprace-s-usa-cinou-a-eu\/","title":{"rendered":"Lula ozn\u00e1mil priority Braz\u00edlie: spolupr\u00e1ce s USA, \u010c\u00ednou a&#8230; EU"},"content":{"rendered":"<div id=\"fb-root\"><\/div>\n<p class=\"lead\"><span>Prezident Braz\u00edlie ihned po inauguraci za\u010dal plnit sv\u016fj hlavn\u00ed volebn\u00ed slib \u2013 vr\u00e1tit svou zemi k aktivn\u00ed zahrani\u010dn\u00ed politice a \u201evyv\u00e9st ji z mezin\u00e1rodn\u00ed izolace\u201c.<\/span><\/p>\n<p><span>Abychom byli spravedliv\u00ed, \u0159ekn\u011bme, \u017ee jihoamerick\u00fd ekonomick\u00fd gigant nebyl v izolaci.\u00a0V Braz\u00edlii se v\u0161ak ji\u017e mnoho let v m\u00e9di\u00edch i v odborn\u00e9 komunit\u011b oz\u00fdv\u00e1 vol\u00e1n\u00ed po pos\u00edlen\u00ed role Braz\u00edlie na mezin\u00e1rodn\u00ed sc\u00e9n\u011b.\u00a0Tak\u017ee v roce 2015 v rozhovoru pro rusk\u00e1 m\u00e9dia brazilsk\u00fd sociolog\u00a0<\/span><strong><span>Paulo Grass<\/span><\/strong><span>\u00a0prohl\u00e1sil, \u017ee \u201eBraz\u00edlie pr\u00e1v\u011b za\u010d\u00edn\u00e1 obnovovat sv\u016fj legitimn\u00ed status supervelmoci v Ji\u017en\u00ed Americe.\u00a0Na\u0161i p\u0159\u00e1tel\u00e9 i soused\u00e9 by si m\u011bli zvyknout na v\u011bt\u0161\u00ed brazilskou hegemonii v regionu.\u00a0Braz\u00edlie je zem\u00ed, kter\u00e1 se pr\u00e1v\u011b za\u010d\u00edn\u00e1 probouzet z dlouh\u00e9 politick\u00e9 a vojensk\u00e9 hibernace.\u201c<\/span><\/p>\n<p><span>Nov\u011b zvolen\u00e1 hlava zem\u011b\u00a0<\/span><strong><span>Luis Inacio Lula da Silva<\/span><\/strong><span>\u00a0(Lula) se rozhodla p\u0159evz\u00edt misi \u201ebud\u00edku\u201c a aktivn\u011b se zapojila do roz\u0161i\u0159ov\u00e1n\u00ed star\u00e9ho a pror\u00e1\u017een\u00ed nov\u00fdch bran do tohoto velk\u00e9ho sv\u011bta.\u00a0Bohu\u017eel, Rusko nen\u00ed mezi prvn\u00edmi zem\u011bmi, kde jsou ozn\u00e1meny ofici\u00e1ln\u00ed turn\u00e9 Luly.\u00a0A mezi t\u00edm druh\u00fdm taky.\u00a0Nepat\u0159\u00edme mezi ofici\u00e1ln\u011b vyhl\u00e1\u0161en\u00e9 prioritn\u00ed zem\u011b.\u00a0Pravda, zn\u00e1m\u00e9 brazilsk\u00e9 p\u0159\u00edslov\u00ed vyz\u00fdv\u00e1 k trp\u011blivosti a \u0159\u00edk\u00e1: &#8222;Kdo sp\u011bch\u00e1, ten j\u00ed syrov\u00e9.&#8220;<\/span><\/p>\n<p><span>Prezident Lula tedy uskute\u010dn\u00ed svou prvn\u00ed ofici\u00e1ln\u00ed zahrani\u010dn\u00ed n\u00e1v\u0161t\u011bvu ji\u017e tento m\u011bs\u00edc, na konci ledna nav\u0161t\u00edv\u00ed Argentinu, kde je napl\u00e1nov\u00e1no f\u00f3rum Spole\u010denstv\u00ed st\u00e1t\u016f Latinsk\u00e9 Ameriky a Karibiku.\u00a0Dal\u0161\u00ed na \u0159ad\u011b jsou USA a \u010c\u00edna.\u00a0Brazilsk\u00fd prezident se po Argentin\u011b pl\u00e1nuje sej\u00edt se sv\u00fdm americk\u00fdm prot\u011bj\u0161kem\u00a0<\/span><strong><span>Joem Bidenem<\/span><\/strong><span>\u00a0ve Washingtonu.\u00a0D\u00e1le je v pl\u00e1nu cesta do \u010c\u00edny, kter\u00e1 se uskute\u010dn\u00ed po b\u0159eznu.\u00a0P\u0159ipome\u0148me, \u017ee \u010c\u00edna je v Braz\u00edlii ozna\u010dov\u00e1na za hlavn\u00edho ekonomick\u00e9ho partnera.\u00a0Ofici\u00e1ln\u00ed zdroje tak\u00e9 potvrdily, \u017ee Lula bude v Portugalsku od 22. do 25. dubna, uv\u00e1d\u00ed TeleSur.<\/span><\/p>\n<p><span>Lula ve sv\u00e9m inaugura\u010dn\u00edm projevu v Kongresu ozn\u00e1mil novou roli Braz\u00edlie ve sv\u011bt\u011b, obnoven\u00ed \u201ejihoamerick\u00e9 integrace\u201c a obnoven\u00ed \u201evysok\u00e9ho a aktivn\u00edho dialogu se Spojen\u00fdmi st\u00e1ty, Evropsk\u00fdm spole\u010denstv\u00edm a \u010c\u00ednou\u201c.<\/span><\/p>\n<p><span>Je t\u0159eba poznamenat, \u017ee ji\u017e na okraj ud\u00e1lost\u00ed b\u011bhem inaugura\u010dn\u00edho obdob\u00ed prezident Braz\u00edlie uskute\u010dnil bilater\u00e1ln\u00ed jedn\u00e1n\u00ed se z\u00e1stupci \u0159ady zem\u00ed.\u00a0Na sv\u00e9 str\u00e1nce na soci\u00e1ln\u00ed s\u00edti Lula poznamenal, \u017ee jednal se \u0161pan\u011blsk\u00fdm kr\u00e1lem \u2013 \u201emluvili jsme o vztaz\u00edch mezi Braz\u00edli\u00ed a \u0160pan\u011blskem, Evropou a Latinskou Amerikou\u201c.\u00a0Vyzdvihl tak\u00e9 sv\u016fj rozhovor s bolivijsk\u00fdm prezidentem\u00a0<\/span><strong><span>Luisem Arcem<\/span><\/strong><span>\u00a0\u00a0\u2013 \u201emluvili jsme o tom, jak mohou na\u0161e zem\u011b spolupracovat v oblasti soci\u00e1ln\u00ed politiky, dod\u00e1vek energie a hnojiv\u201c.\u00a0S prezidentem Chile\u00a0<\/span><strong><span>Gabrielem Boricem<\/span><\/strong><span>Lula hovo\u0159il o \u201eobrovsk\u00e9m potenci\u00e1lu pro hospod\u00e1\u0159skou spolupr\u00e1ci a rozvoj mezin\u00e1rodn\u00edch alianc\u00ed mezi Braz\u00edli\u00ed a Chile pro rozvoj na\u0161eho regionu\u201c.\u00a0Lula poblahop\u0159\u00e1l prezidentovi Argentiny k v\u00edt\u011bzstv\u00ed fotbalov\u00e9ho t\u00fdmu na mistrovstv\u00ed sv\u011bta.\u00a0A \u0159ekl, \u017ee Braz\u00edlie \u201eobnovuje dialog a p\u0159\u00e1telstv\u00ed s na\u0161\u00edm nejv\u011bt\u0161\u00edm sousedem, jedn\u00edm z hlavn\u00edch partner\u016f Braz\u00edlie\u201c Argentinou.\u00a0Lula si vym\u011bnil n\u00e1zory na vyhl\u00eddky na bilater\u00e1ln\u00ed spolupr\u00e1ci s prezidenty a p\u0159edstaviteli Kolumbie, Venezuely, Kuby, Peru a africk\u00fdch zem\u00ed.\u00a0Stejn\u011b tak evropsk\u00e9 zem\u011b.<\/span><\/p>\n<p><span>Zejm\u00e9na Lula v rozhovoru pro ofici\u00e1ln\u00ed m\u00e9dia poznamenal, \u017ee od hlavy \u010c\u00edny dostal zpr\u00e1vu \u2013 \u201euv\u00edtac\u00ed dopis a p\u0159ipravenost roz\u0161\u00ed\u0159it spolupr\u00e1ci\u201c.\u00a0Dopis p\u0159edal zvl\u00e1\u0161tn\u00ed z\u00e1stupce \u010d\u00ednsk\u00e9ho prezidenta\u00a0<\/span><strong><span>Si \u0164in-pchinga<\/span><\/strong><span>\u00a0.\u00a0Podle tiskov\u00e9 agentury Xinhua se od 31. prosince 2022 do 2. ledna 2023 na pozv\u00e1n\u00ed brazilsk\u00e9 vl\u00e1dy z\u00fa\u010dastnil zvl\u00e1\u0161tn\u00ed z\u00e1stupce \u010d\u00ednsk\u00e9ho prezidenta, viceprezident\u00a0<\/span><strong><span>Wang Qishan<\/span><\/strong><span>\u00a0, inaugura\u010dn\u00ed ceremonie nov\u00e9ho prezidenta Luize Inacio Lula da Silva v brazilsk\u00e9ho hlavn\u00edho m\u011bsta a uspo\u0159\u00e1dala s n\u00edm sch\u016fzku.\u00a0B\u011bhem sv\u00e9 n\u00e1v\u0161t\u011bvy Braz\u00edlie se Wang Qishan tak\u00e9 setkal s nov\u00fdm brazilsk\u00fdm viceprezidentem\u00a0<\/span><strong><span>Geraldem Alkminem<\/span><\/strong><span>\u00a0a b\u00fdval\u00fdm viceprezidentem zem\u011b\u00a0<\/span><strong><span>Ant\u00f3niem Amiltonem Mour\u00e1nem<\/span><\/strong><span> .<\/span><\/p>\n<p><span>Lula se setkal s vedouc\u00edmi delegac\u00ed Ruska a Ukrajiny.\u00a0Navzdory o\u010dek\u00e1v\u00e1n\u00ed n\u011bkter\u00fdch rusk\u00fdch expert\u016f jsme od idolu latinskoamerick\u00e9 levice nesly\u0161eli \u017e\u00e1dn\u00e1 siln\u00e1 prohl\u00e1\u0161en\u00ed na podporu rusk\u00fdch akc\u00ed na Ukrajin\u011b.\u00a0V rozhovoru s p\u0159edsedkyn\u00ed Rady federace\u00a0<\/span><strong><span>Valentinou Matvijenkovou<\/span><\/strong><span>\u00a0Lula vyj\u00e1d\u0159il p\u0159\u00e1n\u00ed, aby strany co nejd\u0159\u00edve &#8222;na\u0161ly spole\u010dnou \u0159e\u010d k ukon\u010den\u00ed konfliktu&#8220;.\u00a0O tomto dialogu informovala v\u0161echna p\u0159edn\u00ed rusk\u00e1 m\u00e9dia.\u00a0Prezident Braz\u00edlie tak\u00e9 p\u0159ijal m\u00edstop\u0159edsedkyni vl\u00e1dy Ukrajiny\u00a0<\/span><strong><span>Julii Sviridenko<\/span><\/strong><span>\u00a0.\u00a0Lula j\u00ed \u0159ekl, \u017ee \u201eBraz\u00edlie m\u00e1 tradici obrany \u00fazemn\u00ed celistvosti n\u00e1rod\u016f\u201c a \u017ee za jeho vl\u00e1dy \u201eBraz\u00edlie bude mluvit s k\u00fdmkoli o m\u00edru na Ukrajin\u011b,\u201c uvedla p\u0159edn\u00ed brazilsk\u00e1 m\u00e9dia.<\/span><\/p>\n<p><em>\u201eLula zat\u00edm jednozna\u010dn\u011b splnila sv\u00e9 p\u0159edvolebn\u00ed sliby v oblasti mezin\u00e1rodn\u00ed agendy.\u00a0Zda bude schopen dos\u00e1hnout v\u00e1\u017en\u00e9ho pokroku v soci\u00e1ln\u00ed a ekonomick\u00e9 sf\u00e9\u0159e spole\u010dnosti, vy\u0159e\u0161it probl\u00e9m ochrany amazonsk\u00fdch prales\u016f a pr\u00e1v p\u016fvodn\u00edho obyvatelstva &#8211; uk\u00e1\u017ee \u010das.\u00a0A nakonec hodn\u011b z\u00e1le\u017e\u00ed i na mezin\u00e1rodn\u00edch partnerech p\u0159i \u0159e\u0161en\u00ed dom\u00e1c\u00edch probl\u00e9m\u016f.\u00a0Je \u0161koda, \u017ee Rusko st\u00e1le v\u00edce mluv\u00ed o n\u00e1vratu sv\u00fdch b\u00fdval\u00fdch pozic v Latinsk\u00e9 Americe, ne\u017e ve skute\u010dnosti mluv\u00ed.\u00a0Ano, a neexistuje \u017e\u00e1dn\u00fd zdroj minulosti.\u00a0USA to nyn\u00ed aktivn\u011b vytla\u010duj\u00ed z brazilsk\u00e9 platformy, ale d\u011bl\u00e1 to \u010c\u00edna.\u00a0P\u0159edev\u0161\u00edm prost\u0159ednictv\u00edm investic a obchodu.\u00a0Opakovan\u011b jsem \u0159\u00edkal, \u017ee Latinoameri\u010dan\u00e9 jsou pragmatici.\u00a0A v\u00fdb\u011br prioritn\u00edch partner\u016f, kter\u00fd Lula ozn\u00e1mil, je toho potvrzen\u00edm.\u00a0Rusko to mus\u00ed pochopit.\u00a0Jak tomu rozum\u011bt\u00a0\u017ee nelze v\u00e9st dialog pouze s levic\u00ed a d\u00e1t pouze levici.\u00a0P\u0159\u00edli\u0161n\u00e1 ideologizace zde nen\u00ed na m\u00edst\u011b.\u00a0A d\u00e1le.\u00a0Kdy\u017e u\u017e jsme u Ukrajiny, nem\u011bli bychom zapom\u00ednat, \u017ee Braz\u00edlie je zem\u00ed s nejv\u011bt\u0161\u00ed ukrajinskou diasporou, \u010d\u00edtaj\u00edc\u00ed a\u017e milion lid\u00ed.\u00a0Nebo mo\u017en\u00e1 v\u00edc.\u00a0To jsou voli\u010di nejen pro st\u00e1t Paran\u00e1, kde \u017eije v\u011bt\u0161ina lid\u00ed z Ukrajiny, ale i pro zemi jako celek.\u00a0A na rozd\u00edl od tzv.\u00a0Rusk\u00e1 diaspora, opravdu funguje, zauj\u00edm\u00e1 v\u00e1\u017en\u00e9 postaven\u00ed ve spole\u010densko-politick\u00e9m \u017eivot\u011b zem\u011b, v obchodn\u00edch kruz\u00edch.\u00a0O\u010dek\u00e1vat proto od Luly ostr\u00e1 prohl\u00e1\u0161en\u00ed na podporu rusk\u00fdch akc\u00ed na Ukrajin\u011b je bu\u010f sebeklam, nebo amat\u00e9rismus.\u00a0Tak\u017ee Lulin postoj k t\u00e9to ot\u00e1zce je celkem pochopiteln\u00fd.\u00a0A jestli je vlevo, vpravo nebo n\u011bco jin\u00e9ho &#8211; to je des\u00e1t\u00e1 v\u011bc, &#8220;\u00a0nezapome\u0148te, \u017ee Braz\u00edlie je zem\u00ed s nejv\u011bt\u0161\u00ed ukrajinskou diasporou, \u010d\u00edtaj\u00edc\u00ed a\u017e milion lid\u00ed.\u00a0Nebo mo\u017en\u00e1 v\u00edc.\u00a0To jsou voli\u010di nejen pro st\u00e1t Paran\u00e1, kde \u017eije v\u011bt\u0161ina lid\u00ed z Ukrajiny, ale i pro zemi jako celek.\u00a0A na rozd\u00edl od tzv.\u00a0Rusk\u00e9 diaspory, opravdu funguje, zauj\u00edm\u00e1 v\u00e1\u017en\u00e9 postaven\u00ed ve spole\u010densko-politick\u00e9m \u017eivot\u011b zem\u011b, v obchodn\u00edch kruz\u00edch. O\u010dek\u00e1vat proto od Luly ostr\u00e1 prohl\u00e1\u0161en\u00ed na podporu rusk\u00fdch akc\u00ed na Ukrajin\u011b je bu\u010f sebeklam, nebo amat\u00e9rismus.&#8220;\u00a0 <\/em>\u0159ekla\u00a0ex-\u0161\u00e9fka Mezin\u00e1rodn\u00ed nadace pro spolupr\u00e1ci se zem\u011bmi Latinsk\u00e9 Ameriky &#8222;OKA&#8220; (2008-2014),\u00a0doktor politick\u00fdch v\u011bd\u00a0<strong>Tatyana Poloskova.<\/strong><em><\/p>\n<p><\/em><\/p>\n<p><img decoding=\"async\" loading=\"lazy\" class=\"alignnone size-full wp-image-1185\" src=\"http:\/\/www.infokuryr.cz\/n\/wp-content\/uploads\/2021\/04\/kuryr-podpis.png\" alt=\"\" width=\"84\" height=\"24\" \/><\/p>\n<p>&nbsp;<\/p>\n<p><img decoding=\"async\" loading=\"lazy\" class=\"wp-image-19187 aligncenter\" src=\"http:\/\/www.infokuryr.cz\/n\/wp-content\/uploads\/2022\/12\/1-PRO-300x36.jpg\" alt=\"\" width=\"1275\" height=\"153\" srcset=\"https:\/\/www.infokuryr.cz\/n\/wp-content\/uploads\/2022\/12\/1-PRO-300x36.jpg 300w, https:\/\/www.infokuryr.cz\/n\/wp-content\/uploads\/2022\/12\/1-PRO.jpg 699w\" sizes=\"(max-width: 1275px) 100vw, 1275px\" \/><\/p>\n<p>&nbsp;<\/p>\n","protected":false},"excerpt":{"rendered":"<p>Prezident Braz\u00edlie ihned po inauguraci za\u010dal plnit sv\u016fj hlavn\u00ed volebn\u00ed slib \u2013 vr\u00e1tit svou zemi&#8230;<\/p>\n","protected":false},"author":2,"featured_media":20805,"comment_status":"closed","ping_status":"closed","sticky":false,"template":"","format":"standard","meta":[],"categories":[7],"tags":[288,30,41,4201,165,37],"_links":{"self":[{"href":"https:\/\/www.infokuryr.cz\/n\/wp-json\/wp\/v2\/posts\/20804"}],"collection":[{"href":"https:\/\/www.infokuryr.cz\/n\/wp-json\/wp\/v2\/posts"}],"about":[{"href":"https:\/\/www.infokuryr.cz\/n\/wp-json\/wp\/v2\/types\/post"}],"author":[{"embeddable":true,"href":"https:\/\/www.infokuryr.cz\/n\/wp-json\/wp\/v2\/users\/2"}],"replies":[{"embeddable":true,"href":"https:\/\/www.infokuryr.cz\/n\/wp-json\/wp\/v2\/comments?post=20804"}],"version-history":[{"count":1,"href":"https:\/\/www.infokuryr.cz\/n\/wp-json\/wp\/v2\/posts\/20804\/revisions"}],"predecessor-version":[{"id":20806,"href":"https:\/\/www.infokuryr.cz\/n\/wp-json\/wp\/v2\/posts\/20804\/revisions\/20806"}],"wp:featuredmedia":[{"embeddable":true,"href":"https:\/\/www.infokuryr.cz\/n\/wp-json\/wp\/v2\/media\/20805"}],"wp:attachment":[{"href":"https:\/\/www.infokuryr.cz\/n\/wp-json\/wp\/v2\/media?parent=20804"}],"wp:term":[{"taxonomy":"category","embeddable":true,"href":"https:\/\/www.infokuryr.cz\/n\/wp-json\/wp\/v2\/categories?post=20804"},{"taxonomy":"post_tag","embeddable":true,"href":"https:\/\/www.infokuryr.cz\/n\/wp-json\/wp\/v2\/tags?post=20804"}],"curies":[{"name":"wp","href":"https:\/\/api.w.org\/{rel}","templated":true}]}}