{"id":20798,"date":"2023-01-05T11:41:33","date_gmt":"2023-01-05T10:41:33","guid":{"rendered":"http:\/\/www.infokuryr.cz\/n\/?p=20798"},"modified":"2023-01-05T11:41:33","modified_gmt":"2023-01-05T10:41:33","slug":"jaroslav-basta-jediny-kandidat-zastupujici-zajmy-ceskych-obcanu","status":"publish","type":"post","link":"https:\/\/www.infokuryr.cz\/n\/2023\/01\/05\/jaroslav-basta-jediny-kandidat-zastupujici-zajmy-ceskych-obcanu\/","title":{"rendered":"Jaroslav Ba\u0161ta, jedin\u00fd kandid\u00e1t zastupuj\u00edc\u00ed z\u00e1jmy \u010desk\u00fdch ob\u010dan\u016f"},"content":{"rendered":"<div id=\"fb-root\"><\/div>\n<p><span style=\"font-size: 18pt;\"><strong>L\u00e9ka\u0159 a poslanec Evropsk\u00e9ho parlamentu MUDr. Ivan David, CSc. podporuje kandid\u00e1ta na prezidenta Jaroslava Ba\u0161tu. <\/strong><\/span><\/p>\n<p>Jaroslav Ba\u0161ta &#8211; archeolog, historik, disident a politik. V r. 1970 zat\u010den StB a uv\u011bzn\u011bn na dva a p\u016fl roku za podvracen\u00ed republiky. Po r. 1989 n\u00e1m\u011bstek \u0159editele \u00da\u0159adu na ochranu \u00fastavy a demokracie (pozd\u011bji Feder\u00e1ln\u00ed bezpe\u010dnostn\u00ed informa\u010dn\u00ed slu\u017eba, ze kter\u00e9 pozd\u011bji vznikla dne\u0161n\u00ed BIS), p\u0159edseda lustra\u010dn\u00ed komise, \u010dlen vl\u00e1dy, velvyslanec v Rusku a na Ukrajin\u011b. Kandid\u00e1t na prezidenta s podporou hnut\u00ed SPD, Trikolory, Hnut\u00ed PES, Manifestu, Akce D.O.S.T. a dal\u0161\u00edch vlasteneck\u00fdch uskupen\u00ed.<\/p>\n<p><iframe loading=\"lazy\" title=\"MUDr. Ivan David, CSc. na podporu Jaroslava Ba\u0161ty\" width=\"640\" height=\"360\" src=\"https:\/\/www.youtube.com\/embed\/veOLrCs0YgE?start=1&#038;feature=oembed\" frameborder=\"0\" allow=\"accelerometer; autoplay; clipboard-write; encrypted-media; gyroscope; picture-in-picture; web-share\" allowfullscreen><\/iframe><\/p>\n<p>&nbsp;<\/p>\n<p><img decoding=\"async\" loading=\"lazy\" class=\"wp-image-19187 aligncenter\" src=\"http:\/\/www.infokuryr.cz\/n\/wp-content\/uploads\/2022\/12\/1-PRO-300x36.jpg\" alt=\"\" width=\"1258\" height=\"151\" srcset=\"https:\/\/www.infokuryr.cz\/n\/wp-content\/uploads\/2022\/12\/1-PRO-300x36.jpg 300w, https:\/\/www.infokuryr.cz\/n\/wp-content\/uploads\/2022\/12\/1-PRO.jpg 699w\" sizes=\"(max-width: 1258px) 100vw, 1258px\" \/><\/p>\n<p>&nbsp;<\/p>\n","protected":false},"excerpt":{"rendered":"<p>L\u00e9ka\u0159 a poslanec Evropsk\u00e9ho parlamentu MUDr. Ivan David, CSc. podporuje kandid\u00e1ta na prezidenta Jaroslava Ba\u0161tu&#8230;.<\/p>\n","protected":false},"author":2,"featured_media":19953,"comment_status":"closed","ping_status":"closed","sticky":false,"template":"","format":"standard","meta":[],"categories":[6],"tags":[425,1218,974,165,27],"_links":{"self":[{"href":"https:\/\/www.infokuryr.cz\/n\/wp-json\/wp\/v2\/posts\/20798"}],"collection":[{"href":"https:\/\/www.infokuryr.cz\/n\/wp-json\/wp\/v2\/posts"}],"about":[{"href":"https:\/\/www.infokuryr.cz\/n\/wp-json\/wp\/v2\/types\/post"}],"author":[{"embeddable":true,"href":"https:\/\/www.infokuryr.cz\/n\/wp-json\/wp\/v2\/users\/2"}],"replies":[{"embeddable":true,"href":"https:\/\/www.infokuryr.cz\/n\/wp-json\/wp\/v2\/comments?post=20798"}],"version-history":[{"count":0,"href":"https:\/\/www.infokuryr.cz\/n\/wp-json\/wp\/v2\/posts\/20798\/revisions"}],"wp:featuredmedia":[{"embeddable":true,"href":"https:\/\/www.infokuryr.cz\/n\/wp-json\/wp\/v2\/media\/19953"}],"wp:attachment":[{"href":"https:\/\/www.infokuryr.cz\/n\/wp-json\/wp\/v2\/media?parent=20798"}],"wp:term":[{"taxonomy":"category","embeddable":true,"href":"https:\/\/www.infokuryr.cz\/n\/wp-json\/wp\/v2\/categories?post=20798"},{"taxonomy":"post_tag","embeddable":true,"href":"https:\/\/www.infokuryr.cz\/n\/wp-json\/wp\/v2\/tags?post=20798"}],"curies":[{"name":"wp","href":"https:\/\/api.w.org\/{rel}","templated":true}]}}