{"id":20788,"date":"2023-01-06T01:02:58","date_gmt":"2023-01-06T00:02:58","guid":{"rendered":"http:\/\/www.infokuryr.cz\/n\/?p=20788"},"modified":"2023-01-05T10:46:03","modified_gmt":"2023-01-05T09:46:03","slug":"francouzske-ministerstvo-zahranici-veri-ze-dodavka-tanku-do-kyjeva-neudela-z-parize-spolupachatele-konfliktu","status":"publish","type":"post","link":"https:\/\/www.infokuryr.cz\/n\/2023\/01\/06\/francouzske-ministerstvo-zahranici-veri-ze-dodavka-tanku-do-kyjeva-neudela-z-parize-spolupachatele-konfliktu\/","title":{"rendered":"Francouzsk\u00e9 ministerstvo zahrani\u010d\u00ed v\u011b\u0159\u00ed, \u017ee dod\u00e1vka tank\u016f do Kyjeva neud\u011bl\u00e1 z Pa\u0159\u00ed\u017ee spolupachatele konfliktu"},"content":{"rendered":"<div id=\"fb-root\"><\/div>\n<div class=\"NewsHeader_lead__6Z9If\">\n<h3 class=\"ds_ext_title-1XuEF ds_ext_title--font_weight_medium-7lN1- ds_ext_title--variant_h3_default-qY4sd ds_ext_title--color_tass-7fJdw\">Kdy p\u0159esn\u011b a v jak\u00e9m mno\u017estv\u00ed by mohly b\u00fdt kolov\u00e9 tanky AMX-10 RC na Ukrajinu dod\u00e1ny, vedouc\u00ed odd\u011blen\u00ed Katrin Colonna neup\u0159esnila<\/h3>\n<\/div>\n<article>\n<p class=\"Paragraph_paragraph__nYCys \"><span class=\"ds_ext_text-tov6w ds_ext_text--serif-gR6vA ds_ext_text--size_large-KlJUR ds_ext_text--font_weight_regular-sLSOt ds_ext_text--color_primary-iFZIj\">Francie pova\u017euje za svou povinnost poskytnout Ukrajin\u011b vojenskou pomoc, ale nev\u011b\u0159\u00ed, \u017ee dod\u00e1vka tank\u016f do Kyjeva, sl\u00edben\u00e1 prezidentem republiky Emmanuelem Macronem, ud\u011bl\u00e1 z Pa\u0159\u00ed\u017ee spolupachatele ukrajinsk\u00e9ho konfliktu. Tento n\u00e1zor vyj\u00e1d\u0159ila ve \u010dtvrtek francouzsk\u00e1 ministryn\u011b zahrani\u010d\u00ed Catherine Colonna na televizn\u00edm kan\u00e1lu\u00a0<\/span><a class=\"ds_ext_link_wrapper-jacww \" href=\"https:\/\/www.tf1info.fr\/direct\/\" target=\"_blank\" rel=\"nofollow noopener\"><span class=\"ds_ext_text-tov6w ds_ext_text--serif-gR6vA ds_ext_text--size_large-KlJUR\">LCI<\/span><\/a><span class=\"ds_ext_text-tov6w ds_ext_text--serif-gR6vA ds_ext_text--size_large-KlJUR ds_ext_text--font_weight_regular-sLSOt ds_ext_text--color_primary-iFZIj\"> .<\/span><\/p>\n<p class=\"Paragraph_paragraph__nYCys \"><span class=\"ds_ext_text-tov6w ds_ext_text--serif-gR6vA ds_ext_text--size_large-KlJUR ds_ext_text--font_weight_regular-sLSOt ds_ext_text--color_primary-iFZIj\">&#8222;Ukrajina m\u00e1 v souladu s Chartou OSN pr\u00e1vo na obranu a na\u0161\u00ed povinnost\u00ed je j\u00ed v tom pomoci. Pro\u010d? Proto\u017ee to, co se d\u011bje na Ukrajin\u011b, se net\u00fdk\u00e1 jen Ukrajinc\u016f, jde o stabilitu na evropsk\u00e9m kontinentu,&#8220; \u0159ekla. v reakci na ot\u00e1zku novin\u00e1\u0159e, zda by takov\u00e9 dod\u00e1vky poru\u0161ily vlastn\u00ed \u010derven\u00e9 linie Pa\u0159\u00ed\u017ee o tom, st\u00e1t se spolupachatelem konfliktu.\u00a0&#8222;Na\u0161\u00edm c\u00edlem je nyn\u00ed zajistit po\u0159\u00e1dek a stabilitu ve sv\u011bt\u011b, abychom vytvo\u0159ili podm\u00ednky, za kter\u00fdch m\u016f\u017ee ka\u017ed\u00fd \u017e\u00edt ve stabiln\u00ed a m\u00edrov\u00e9 atmosf\u00e9\u0159e,&#8220; dodala.<\/span><\/p>\n<p class=\"Paragraph_paragraph__nYCys \"><span class=\"ds_ext_text-tov6w ds_ext_text--serif-gR6vA ds_ext_text--size_large-KlJUR ds_ext_text--font_weight_regular-sLSOt ds_ext_text--color_primary-iFZIj\">Kdy p\u0159esn\u011b a v jak\u00e9m mno\u017estv\u00ed by mohly b\u00fdt Macronem p\u0159isl\u00edben\u00e9 kolov\u00e9 tanky AMX-10 RC, neup\u0159esnila.\u00a0Ministr zd\u016fraznil, \u017ee je mimo jin\u00e9 pot\u0159eba vy\u0159e\u0161it i n\u00e1cvik jejich manipulace.\u00a0&#8222;Je tak\u00e9 nutn\u00e9 pos\u00edlit protivzdu\u0161nou obranu, toto t\u00e9ma bylo nastoleno v\u010dera b\u011bhem rozhovoru [Makron s ukrajinsk\u00fdm prezidentem Volodymyrem Zelensk\u00fdm]. Takov\u00e9 vybaven\u00ed ji\u017e bylo dod\u00e1no a nov\u00e9 dod\u00e1vky budou n\u00e1sledovat. V dod\u00e1vk\u00e1ch jsou do\u010dasn\u00e9 mezery, my jako na\u0161i spojenci cvi\u010d\u00ed ukrajinsk\u00fd vojensk\u00fd person\u00e1l. N\u011bkolik t\u00fddn\u016f nebo m\u011bs\u00edc\u016f,\u201c \u0159ekla.<\/span><\/p>\n<p class=\"Paragraph_paragraph__nYCys \"><span class=\"ds_ext_text-tov6w ds_ext_text--serif-gR6vA ds_ext_text--size_large-KlJUR ds_ext_text--font_weight_regular-sLSOt ds_ext_text--color_primary-iFZIj\">Ve st\u0159edu m\u011bl Macron telefonick\u00fd rozhovor se Zelensk\u00fdm, v d\u016fsledku \u010deho\u017e Elysejsk\u00fd pal\u00e1c ozn\u00e1mil z\u00e1m\u011br Francie dodat francouzsk\u00e9 lehk\u00e9 tanky do Kyjeva.\u00a0Podle\u00a0<\/span><a class=\"ds_ext_link_wrapper-jacww \" href=\"https:\/\/www.afp.com\/\" target=\"_blank\" rel=\"nofollow noopener\"><span class=\"ds_ext_text-tov6w ds_ext_text--serif-gR6vA ds_ext_text--size_large-KlJUR\">Agence France-Presse<\/span><\/a><span class=\"ds_ext_text-tov6w ds_ext_text--serif-gR6vA ds_ext_text--size_large-KlJUR ds_ext_text--font_weight_regular-sLSOt ds_ext_text--color_primary-iFZIj\">\u00a0s odkazem na Elysejsk\u00fd pal\u00e1c Macron sl\u00edbil, \u017ee Kyjevu dod\u00e1 kolov\u00e9 tanky AMX-10 RC.\u00a017tunov\u00e9 bojov\u00e9 vozidlo bylo vyvinuto francouzskou spole\u010dnost\u00ed Nexter a vyr\u00e1b\u011blo se v letech 1976 a\u017e 1994.\u00a0Je vybaven 105mm kan\u00f3nem a dv\u011bma dvojit\u00fdmi 7,62mm kulomety.\u00a0V sou\u010dasn\u00e9 dob\u011b je 248 tank\u016f ve v\u00fdzbroji Francie podle Ministerstva ozbrojen\u00fdch sil republiky od roku 2020 postupn\u011b nahrazov\u00e1no nov\u00fdmi bojov\u00fdmi pr\u016fzkumn\u00fdmi vozidly Jaguar.<\/span><\/p>\n<h2 class=\"Title_title__s1aRX \"><span class=\"ds_ext_title-1XuEF ds_ext_title--font_weight_black-pCpoZ ds_ext_title--variant_h2_large-lfeiR ds_ext_title--color_primary-MLP6K\">O vojensk\u00e9 pomoci Francie<\/span><\/h2>\n<p class=\"Paragraph_paragraph__nYCys \"><span class=\"ds_ext_text-tov6w ds_ext_text--serif-gR6vA ds_ext_text--size_large-KlJUR ds_ext_text--font_weight_regular-sLSOt ds_ext_text--color_primary-iFZIj\">20. prosince Macron \u0159ekl, \u017ee Pa\u0159\u00ed\u017e poslala do Kyjeva raketomety a syst\u00e9my protivzdu\u0161n\u00e9 obrany Crotale a pl\u00e1nuje poskytnout novou v\u00e1rku zbran\u00ed a munice na za\u010d\u00e1tku roku.\u00a0Mezi t\u011bmito dod\u00e1vkami se o\u010dek\u00e1vaj\u00ed samohybn\u00e9 d\u011blost\u0159eleck\u00e9 lafety Caesar (ACS), kter\u00e9 si chce Paris vyp\u016fj\u010dit od d\u0159\u00edve objednan\u00fdch D\u00e1nskem.<\/span><\/p>\n<p class=\"Paragraph_paragraph__nYCys \"><span class=\"ds_ext_text-tov6w ds_ext_text--serif-gR6vA ds_ext_text--size_large-KlJUR ds_ext_text--font_weight_regular-sLSOt ds_ext_text--color_primary-iFZIj\">Francie k dne\u0161n\u00edmu dni p\u0159edala Ukrajin\u011b 18 samohybn\u00fdch d\u011bl Caesar.\u00a0Francouzsk\u00e9 ministerstvo ozbrojen\u00fdch sil tak\u00e9 schv\u00e1lilo p\u0159id\u011blen\u00ed 155mm ta\u017een\u00fdch houfnic TRF1 do Kyjeva, kter\u00e9 byly uvedeny do provozu v roce 1979.<\/span><\/p>\n<p class=\"Paragraph_paragraph__nYCys \"><span class=\"ds_ext_text-tov6w ds_ext_text--serif-gR6vA ds_ext_text--size_large-KlJUR ds_ext_text--font_weight_regular-sLSOt ds_ext_text--color_primary-iFZIj\">Francie ji\u017e Ukrajin\u011b darovala obrn\u011bn\u00e1 vozidla, mil\u00e1nsk\u00e9 protitankov\u00e9 st\u0159ely, p\u0159enosn\u00e9 syst\u00e9my protivzdu\u0161n\u00e9 obrany Mistral, uniformy, such\u00e9 p\u0159\u00edd\u011bly, radia\u010dn\u00ed, chemickou a biologickou ochranu.<\/span><\/p>\n<p><img decoding=\"async\" loading=\"lazy\" class=\"alignnone size-full wp-image-1185\" src=\"http:\/\/www.infokuryr.cz\/n\/wp-content\/uploads\/2021\/04\/kuryr-podpis.png\" alt=\"\" width=\"84\" height=\"24\" \/><\/p>\n<\/article>\n<p>&nbsp;<\/p>\n<p><img decoding=\"async\" loading=\"lazy\" class=\"wp-image-19187 aligncenter\" src=\"http:\/\/www.infokuryr.cz\/n\/wp-content\/uploads\/2022\/12\/1-PRO-300x36.jpg\" alt=\"\" width=\"1258\" height=\"151\" srcset=\"https:\/\/www.infokuryr.cz\/n\/wp-content\/uploads\/2022\/12\/1-PRO-300x36.jpg 300w, https:\/\/www.infokuryr.cz\/n\/wp-content\/uploads\/2022\/12\/1-PRO.jpg 699w\" sizes=\"(max-width: 1258px) 100vw, 1258px\" \/><\/p>\n<p>&nbsp;<\/p>\n","protected":false},"excerpt":{"rendered":"<p>Kdy p\u0159esn\u011b a v jak\u00e9m mno\u017estv\u00ed by mohly b\u00fdt kolov\u00e9 tanky AMX-10 RC na Ukrajinu&#8230;<\/p>\n","protected":false},"author":2,"featured_media":20789,"comment_status":"closed","ping_status":"closed","sticky":false,"template":"","format":"standard","meta":[],"categories":[7],"tags":[130,1549,26,73],"_links":{"self":[{"href":"https:\/\/www.infokuryr.cz\/n\/wp-json\/wp\/v2\/posts\/20788"}],"collection":[{"href":"https:\/\/www.infokuryr.cz\/n\/wp-json\/wp\/v2\/posts"}],"about":[{"href":"https:\/\/www.infokuryr.cz\/n\/wp-json\/wp\/v2\/types\/post"}],"author":[{"embeddable":true,"href":"https:\/\/www.infokuryr.cz\/n\/wp-json\/wp\/v2\/users\/2"}],"replies":[{"embeddable":true,"href":"https:\/\/www.infokuryr.cz\/n\/wp-json\/wp\/v2\/comments?post=20788"}],"version-history":[{"count":1,"href":"https:\/\/www.infokuryr.cz\/n\/wp-json\/wp\/v2\/posts\/20788\/revisions"}],"predecessor-version":[{"id":20790,"href":"https:\/\/www.infokuryr.cz\/n\/wp-json\/wp\/v2\/posts\/20788\/revisions\/20790"}],"wp:featuredmedia":[{"embeddable":true,"href":"https:\/\/www.infokuryr.cz\/n\/wp-json\/wp\/v2\/media\/20789"}],"wp:attachment":[{"href":"https:\/\/www.infokuryr.cz\/n\/wp-json\/wp\/v2\/media?parent=20788"}],"wp:term":[{"taxonomy":"category","embeddable":true,"href":"https:\/\/www.infokuryr.cz\/n\/wp-json\/wp\/v2\/categories?post=20788"},{"taxonomy":"post_tag","embeddable":true,"href":"https:\/\/www.infokuryr.cz\/n\/wp-json\/wp\/v2\/tags?post=20788"}],"curies":[{"name":"wp","href":"https:\/\/api.w.org\/{rel}","templated":true}]}}