{"id":20785,"date":"2023-01-06T01:01:56","date_gmt":"2023-01-06T00:01:56","guid":{"rendered":"http:\/\/www.infokuryr.cz\/n\/?p=20785"},"modified":"2023-01-05T10:41:01","modified_gmt":"2023-01-05T09:41:01","slug":"dlr-oznamila-ze-pod-rouskou-zoldaku-miri-na-ukrajinu-skupiny-zapadnich-specialnich-jednotek","status":"publish","type":"post","link":"https:\/\/www.infokuryr.cz\/n\/2023\/01\/06\/dlr-oznamila-ze-pod-rouskou-zoldaku-miri-na-ukrajinu-skupiny-zapadnich-specialnich-jednotek\/","title":{"rendered":"DLR ozn\u00e1mila, \u017ee pod rou\u0161kou \u017eold\u00e1k\u016f m\u00ed\u0159\u00ed na Ukrajinu skupiny z\u00e1padn\u00edch speci\u00e1ln\u00edch jednotek"},"content":{"rendered":"<div id=\"fb-root\"><\/div>\n<div class=\"NewsHeader_lead__6Z9If\">\n<h3 class=\"ds_ext_title-1XuEF ds_ext_title--font_weight_medium-7lN1- ds_ext_title--variant_h3_default-qY4sd ds_ext_title--color_tass-7fJdw\">Podplukovn\u00edk Lidov\u00fdch milic\u00ed, poslanec parlamentu Don\u011bck\u00e9 lidov\u00e9 republiky Andrej Baevskij, vysv\u011btlil, \u017ee p\u0159ich\u00e1zej\u00ed ji\u017e \u201evycvi\u010den\u00ed lid\u00e9, kte\u0159\u00ed se na takov\u00e9 operace specializuj\u00ed\u201c<\/h3>\n<\/div>\n<article>\n<p class=\"Paragraph_paragraph__nYCys \"><span class=\"ds_ext_text-tov6w ds_ext_text--serif-gR6vA ds_ext_text--size_large-KlJUR ds_ext_text--font_weight_regular-sLSOt ds_ext_text--color_primary-iFZIj\">Na Ukrajinu m\u00ed\u0159\u00ed velk\u00e9 mno\u017estv\u00ed bojovn\u00edk\u016f ze z\u00e1padn\u00edch speci\u00e1ln\u00edch jednotek pod rou\u0161kou \u017eold\u00e1k\u016f a p\u0159ij\u00ed\u017ed\u011bj\u00ed v dob\u0159e organizovan\u00fdch skupin\u00e1ch. V rozhovoru pro TASS to \u0159ekl podplukovn\u00edk Lidov\u00fdch milic\u00ed, poslanec parlamentu Don\u011bck\u00e9 lidov\u00e9 republiky Andrej Baevskij.<\/span><\/p>\n<p class=\"Paragraph_paragraph__nYCys \"><span class=\"ds_ext_text-tov6w ds_ext_text--serif-gR6vA ds_ext_text--size_large-KlJUR ds_ext_text--font_weight_regular-sLSOt ds_ext_text--color_primary-iFZIj\">&#8222;Takzvan\u00ed \u017eold\u00e1ci jsou ve v\u011bt\u0161in\u011b p\u0159\u00edpad\u016f zam\u011bstnanci z\u00e1padn\u00edch speci\u00e1ln\u00edch jednotek, kte\u0159\u00ed tam tak n\u011bjak &#8222;ode\u0161li&#8220; a p\u0159i\u0161li na Ukrajinu pod rou\u0161kou \u017eold\u00e1k\u016f. Ch\u00e1pete, \u017ee mezi jejich p\u0159\u00edchodem a odchodem je velmi kr\u00e1tk\u00e1 doba mise. Maxim\u00e1ln\u011b p\u00e1r m\u011bs\u00edc\u016f. B\u011bhem t\u00e9to doby nelze p\u0159ipravit a zkoordinovat odd\u011blen\u00ed p\u0159esn\u011b na t\u00e9 \u00farovni, na kter\u00e9 by m\u011bla b\u00fdt koordinov\u00e1na skupina pro sabot\u00e1\u017en\u00ed nebo pr\u016fzkumn\u00fd v\u00fdjezd. To znamen\u00e1, \u017ee p\u0159ich\u00e1zej\u00ed ji\u017e sehran\u00e9 skupiny, vy\u0161kolen\u00ed lid\u00e9, kte\u0159\u00ed se na takov\u00e9 operace specializuj\u00ed,\u201c vysv\u011btlil.<\/span><\/p>\n<p class=\"Paragraph_paragraph__nYCys \"><span class=\"ds_ext_text-tov6w ds_ext_text--serif-gR6vA ds_ext_text--size_large-KlJUR ds_ext_text--font_weight_regular-sLSOt ds_ext_text--color_primary-iFZIj\">Minul\u00fd t\u00fdden \u00fa\u0159aduj\u00edc\u00ed \u0161\u00e9f LPR Leonid Pasechnik v rozhovoru pro TASS \u0159ekl, \u017ee v ozbrojen\u00fdch sil\u00e1ch Ukrajiny bojuj\u00ed tis\u00edce \u017eold\u00e1k\u016f z v\u00edce ne\u017e 50 zem\u00ed, n\u011bkte\u0159\u00ed z nich se od roku 2014 \u00fa\u010dastn\u00ed boj\u016f.<\/span><\/p>\n<p><img decoding=\"async\" loading=\"lazy\" class=\"alignnone size-full wp-image-1185\" src=\"http:\/\/www.infokuryr.cz\/n\/wp-content\/uploads\/2021\/04\/kuryr-podpis.png\" alt=\"\" width=\"84\" height=\"24\" \/><\/p>\n<\/article>\n<p>&nbsp;<\/p>\n<p><img decoding=\"async\" loading=\"lazy\" class=\"wp-image-19187 aligncenter\" src=\"http:\/\/www.infokuryr.cz\/n\/wp-content\/uploads\/2022\/12\/1-PRO-300x36.jpg\" alt=\"\" width=\"1242\" height=\"149\" srcset=\"https:\/\/www.infokuryr.cz\/n\/wp-content\/uploads\/2022\/12\/1-PRO-300x36.jpg 300w, https:\/\/www.infokuryr.cz\/n\/wp-content\/uploads\/2022\/12\/1-PRO.jpg 699w\" sizes=\"(max-width: 1242px) 100vw, 1242px\" \/><\/p>\n<p>&nbsp;<\/p>\n","protected":false},"excerpt":{"rendered":"<p>Podplukovn\u00edk Lidov\u00fdch milic\u00ed, poslanec parlamentu Don\u011bck\u00e9 lidov\u00e9 republiky Andrej Baevskij, vysv\u011btlil, \u017ee p\u0159ich\u00e1zej\u00ed ji\u017e \u201evycvi\u010den\u00ed&#8230;<\/p>\n","protected":false},"author":2,"featured_media":20786,"comment_status":"closed","ping_status":"closed","sticky":false,"template":"","format":"standard","meta":[],"categories":[7],"tags":[26,365,1870],"_links":{"self":[{"href":"https:\/\/www.infokuryr.cz\/n\/wp-json\/wp\/v2\/posts\/20785"}],"collection":[{"href":"https:\/\/www.infokuryr.cz\/n\/wp-json\/wp\/v2\/posts"}],"about":[{"href":"https:\/\/www.infokuryr.cz\/n\/wp-json\/wp\/v2\/types\/post"}],"author":[{"embeddable":true,"href":"https:\/\/www.infokuryr.cz\/n\/wp-json\/wp\/v2\/users\/2"}],"replies":[{"embeddable":true,"href":"https:\/\/www.infokuryr.cz\/n\/wp-json\/wp\/v2\/comments?post=20785"}],"version-history":[{"count":1,"href":"https:\/\/www.infokuryr.cz\/n\/wp-json\/wp\/v2\/posts\/20785\/revisions"}],"predecessor-version":[{"id":20787,"href":"https:\/\/www.infokuryr.cz\/n\/wp-json\/wp\/v2\/posts\/20785\/revisions\/20787"}],"wp:featuredmedia":[{"embeddable":true,"href":"https:\/\/www.infokuryr.cz\/n\/wp-json\/wp\/v2\/media\/20786"}],"wp:attachment":[{"href":"https:\/\/www.infokuryr.cz\/n\/wp-json\/wp\/v2\/media?parent=20785"}],"wp:term":[{"taxonomy":"category","embeddable":true,"href":"https:\/\/www.infokuryr.cz\/n\/wp-json\/wp\/v2\/categories?post=20785"},{"taxonomy":"post_tag","embeddable":true,"href":"https:\/\/www.infokuryr.cz\/n\/wp-json\/wp\/v2\/tags?post=20785"}],"curies":[{"name":"wp","href":"https:\/\/api.w.org\/{rel}","templated":true}]}}