{"id":20783,"date":"2023-01-06T01:00:54","date_gmt":"2023-01-06T00:00:54","guid":{"rendered":"http:\/\/www.infokuryr.cz\/n\/?p=20783"},"modified":"2023-01-05T10:34:23","modified_gmt":"2023-01-05T09:34:23","slug":"zacinaji-pravoslavne-vanocni-svatky-patriarcha-kirill-vyzval-k-vanocnimu-primeri-na-ukrajine-a-v-donbasu","status":"publish","type":"post","link":"https:\/\/www.infokuryr.cz\/n\/2023\/01\/06\/zacinaji-pravoslavne-vanocni-svatky-patriarcha-kirill-vyzval-k-vanocnimu-primeri-na-ukrajine-a-v-donbasu\/","title":{"rendered":"Za\u010d\u00ednaj\u00ed pravoslavn\u00e9 v\u00e1no\u010dn\u00ed sv\u00e1tky. Patriarcha Kirill vyzval k v\u00e1no\u010dn\u00edmu p\u0159\u00edm\u011b\u0159\u00ed na Ukrajin\u011b a v Donbasu"},"content":{"rendered":"<div id=\"fb-root\"><\/div>\n<h3 class=\"ds_ext_title-1XuEF ds_ext_title--font_weight_medium-7lN1- ds_ext_title--variant_h3_default-qY4sd ds_ext_title--color_tass-7fJdw\">Pravoslavn\u00e9<span>\u00a0c\u00edrkve slav\u00ed v\u00e1no\u010dn\u00ed sv\u00e1tky ve dnech 6.1 (\u0160<em>t\u011bdr\u00fd den<\/em>) a 7.1. (<em>Narozen\u00ed P\u00e1n\u011b<\/em>). Poznamenal, \u017ee v tomto p\u0159\u00edpad\u011b se pravoslavn\u00ed budou moci z\u00fa\u010dastnit bohoslu\u017eeb na \u0160t\u011bdr\u00fd den.<\/span><\/h3>\n<p class=\"Paragraph_paragraph__nYCys \"><span class=\"ds_ext_text-tov6w ds_ext_text--serif-gR6vA ds_ext_text--size_large-KlJUR ds_ext_text--font_weight_regular-sLSOt ds_ext_text--color_primary-iFZIj\"><span>Patriarcha Moskvy a cel\u00e9 Rusi Kirill vyzval k p\u0159\u00edm\u011b\u0159\u00ed a v\u00e1no\u010dn\u00edmu p\u0159\u00edm\u011b\u0159\u00ed na Ukrajin\u011b a v Donbasu.<\/span><\/span><\/p>\n<p class=\"Paragraph_paragraph__nYCys \"><span class=\"ds_ext_text-tov6w ds_ext_text--serif-gR6vA ds_ext_text--size_large-KlJUR ds_ext_text--font_weight_regular-sLSOt ds_ext_text--color_primary-iFZIj\"><span>Informoval o tom ve \u010dtvrtek\u00a0<\/span><\/span><a class=\"ds_ext_link_wrapper-jacww \" href=\"http:\/\/www.patriarchia.ru\/db\/text\/5992770.html\" target=\"_blank\" rel=\"nofollow noopener\"><span class=\"ds_ext_text-tov6w ds_ext_text--serif-gR6vA ds_ext_text--size_large-KlJUR\"><span>web<\/span><\/span><\/a><span class=\"ds_ext_text-tov6w ds_ext_text--serif-gR6vA ds_ext_text--size_large-KlJUR ds_ext_text--font_weight_regular-sLSOt ds_ext_text--color_primary-iFZIj\"><span>\u00a0Rusk\u00e9 pravoslavn\u00e9 c\u00edrkve.<\/span><\/span><\/p>\n<p class=\"Paragraph_paragraph__nYCys \"><span class=\"ds_ext_text-tov6w ds_ext_text--serif-gR6vA ds_ext_text--size_large-KlJUR ds_ext_text--font_weight_regular-sLSOt ds_ext_text--color_primary-iFZIj\"><span>\u201eJ\u00e1, Kirill, patriarcha Moskvy a cel\u00e9 Rusi, apeluji na v\u0161echny strany zapojen\u00e9 do bratrovra\u017eedn\u00e9ho konfliktu s v\u00fdzvou k zastaven\u00ed palby a nastolen\u00ed v\u00e1no\u010dn\u00edho p\u0159\u00edm\u011b\u0159\u00ed od 12:00 6. ledna do 24:00 7. ledna, aby Pravoslavn\u00ed mohou nav\u0161t\u011bvovat bohoslu\u017eby na \u0160t\u011bdr\u00fd den a v den narozen\u00ed Krista<\/span><\/span><\/p>\n<p><img decoding=\"async\" loading=\"lazy\" class=\"alignnone size-full wp-image-1185\" src=\"http:\/\/www.infokuryr.cz\/n\/wp-content\/uploads\/2021\/04\/kuryr-podpis.png\" alt=\"\" width=\"84\" height=\"24\" \/><\/p>\n<p>&nbsp;<\/p>\n<p><img decoding=\"async\" loading=\"lazy\" class=\"wp-image-19187 aligncenter\" src=\"http:\/\/www.infokuryr.cz\/n\/wp-content\/uploads\/2022\/12\/1-PRO-300x36.jpg\" alt=\"\" width=\"1242\" height=\"149\" srcset=\"https:\/\/www.infokuryr.cz\/n\/wp-content\/uploads\/2022\/12\/1-PRO-300x36.jpg 300w, https:\/\/www.infokuryr.cz\/n\/wp-content\/uploads\/2022\/12\/1-PRO.jpg 699w\" sizes=\"(max-width: 1242px) 100vw, 1242px\" \/><\/p>\n<p>&nbsp;<\/p>\n<p>&nbsp;<\/p>\n","protected":false},"excerpt":{"rendered":"<p>Pravoslavn\u00e9\u00a0c\u00edrkve slav\u00ed v\u00e1no\u010dn\u00ed sv\u00e1tky ve dnech 6.1 (\u0160t\u011bdr\u00fd den) a 7.1. (Narozen\u00ed P\u00e1n\u011b). Poznamenal, \u017ee&#8230;<\/p>\n","protected":false},"author":2,"featured_media":20784,"comment_status":"closed","ping_status":"closed","sticky":false,"template":"","format":"standard","meta":[],"categories":[7],"tags":[2254,4199,22,26,4198],"_links":{"self":[{"href":"https:\/\/www.infokuryr.cz\/n\/wp-json\/wp\/v2\/posts\/20783"}],"collection":[{"href":"https:\/\/www.infokuryr.cz\/n\/wp-json\/wp\/v2\/posts"}],"about":[{"href":"https:\/\/www.infokuryr.cz\/n\/wp-json\/wp\/v2\/types\/post"}],"author":[{"embeddable":true,"href":"https:\/\/www.infokuryr.cz\/n\/wp-json\/wp\/v2\/users\/2"}],"replies":[{"embeddable":true,"href":"https:\/\/www.infokuryr.cz\/n\/wp-json\/wp\/v2\/comments?post=20783"}],"version-history":[{"count":0,"href":"https:\/\/www.infokuryr.cz\/n\/wp-json\/wp\/v2\/posts\/20783\/revisions"}],"wp:featuredmedia":[{"embeddable":true,"href":"https:\/\/www.infokuryr.cz\/n\/wp-json\/wp\/v2\/media\/20784"}],"wp:attachment":[{"href":"https:\/\/www.infokuryr.cz\/n\/wp-json\/wp\/v2\/media?parent=20783"}],"wp:term":[{"taxonomy":"category","embeddable":true,"href":"https:\/\/www.infokuryr.cz\/n\/wp-json\/wp\/v2\/categories?post=20783"},{"taxonomy":"post_tag","embeddable":true,"href":"https:\/\/www.infokuryr.cz\/n\/wp-json\/wp\/v2\/tags?post=20783"}],"curies":[{"name":"wp","href":"https:\/\/api.w.org\/{rel}","templated":true}]}}