{"id":20779,"date":"2023-01-05T07:24:22","date_gmt":"2023-01-05T06:24:22","guid":{"rendered":"http:\/\/www.infokuryr.cz\/n\/?p=20779"},"modified":"2023-01-05T07:24:22","modified_gmt":"2023-01-05T06:24:22","slug":"konec-samostatnosti-ceska-byl-vcera-vyhlasen-v-lisabonu","status":"publish","type":"post","link":"https:\/\/www.infokuryr.cz\/n\/2023\/01\/05\/konec-samostatnosti-ceska-byl-vcera-vyhlasen-v-lisabonu\/","title":{"rendered":"Konec samostatnosti \u010ceska byl v\u010dera vyhl\u00e1\u0161en v Lisabonu!"},"content":{"rendered":"<div id=\"fb-root\"><\/div>\n<h2 class=\"post-title entry-title\">P\u0159esn\u011b jak V\u00e1clav Klaus p\u0159edpov\u011bd\u011bl 3. listopadu 2009, kdy\u017e byl donucen podepsat Lisabonskou smlouvu!<\/h2>\n<p>\u010cesko i Slovensko se maj\u00ed st\u00e1t vazalsk\u00fdmi st\u00e1ty Bruselu,\u00a0<a href=\"https:\/\/wpolityce.pl\/swiat\/628862-niemiecka-minister-chce-usuniecia-prawa-weta-w-ue\">ozn\u00e1mila v\u010dera 4. ledna n\u011bmeck\u00e1 ministryn\u011b zahrani\u010d\u00ed Annalena Barbockov\u00e1 v Lisabonu slovy<\/a>:\u00a0\u00a0<em>V Evropsk\u00e9 unii nem\u016f\u017eeme nad\u00e1le dovolit jednotliv\u00fdm \u010dlensk\u00fdm st\u00e1t\u016fm blokovat rozhodnut\u00ed! Mus\u00edme b\u00fdt schopni jednat rychle a efektivn\u011b! V\u011bt\u0161ina bude rozhodovat! Konec pr\u00e1va veta!<\/em><\/p>\n<p>3. listopadu 2009, kdy\u017e prezident V\u00e1clav Klaus ozn\u00e1mil, \u017ee jeho podpisem Lisabonsk\u00fdch protokol\u016f, kter\u00e9 umo\u017en\u00ed Bruselu, aby \u010cesku na\u0159izoval z\u00e1kony,\u00a0<a href=\"https:\/\/www.idnes.cz\/zpravy\/domaci\/klaus-podepsal-lisabon-cesko-tak-ztraci-suverenitu-prohlasil.A091103_145225_domaci_adb\">ztrat\u00ed \u010cesko st\u00e1tn\u00ed samostatnost, souhlasilo s n\u00edm 61,5% \u010cech\u016f<\/a>! Dnes se ztr\u00e1tou \u010desk\u00e9 st\u00e1tn\u00ed suverenity souhlas\u00ed cel\u00e1 \u010desk\u00e1 vl\u00e1da (ODS,KD\u00da-\u010cSL,STAN i Pir\u00e1ti). Klaus Lisabonskou smlouvu podepsal a\u017e po N\u00e1lezu \u00dastavn\u00edho soudu! \u010cesk\u00e1 fialov\u00e1 vl\u00e1da je u moci jen d\u00edky N\u00e1lezu \u00fastavn\u00edho soudu o zm\u011bn\u011b volebn\u00edch pravidel! A tak brzy, bude Brusel moci \u010cesku na\u0159izovat cokoli. A co si z\u00e1padn\u00ed v\u011bt\u0161ina EU odhlasuje, bude pro v\u00fdchodn\u00ed men\u0161inu EU povinn\u00e9. V\u00fdchod EU p\u0159itom nem\u016f\u017ee nikdy p\u0159ehlasovat Z\u00e1pad EU! Takov\u00e1 jsou lisabonsk\u00e1 hlasovac\u00ed pravidla!<\/p>\n<p><strong>Uve\u010fme dva p\u0159\u00edklady, co n\u00e1m brzy asi na\u0159\u00edd\u00ed!<\/strong><\/p>\n<ol>\n<li><a href=\"https:\/\/tr.wikipedia.org\/wiki\/%C4%B0stanbul_S%C3%B6zle%C5%9Fmesi\">Istanbulsk\u00e1 smlouva<\/a>! \u010cesko smlouvu o povinn\u00e9m zaveden\u00ed genderu a dal\u0161\u00edch na\u0159\u00edzen\u00ed o tzv. modern\u00ed rodin\u011b pro odpor ve\u0159ejnosti nikdy neratifikovalo.<a href=\"https:\/\/a2larm.cz\/2022\/06\/ukrajina-ratifikovala-istanbulskou-umluvu-ceska-republika-to-v-nejblizsi-dobe-neplanuje\/\">\u00a0Sou\u010dasn\u00e1 vl\u00e1da se pr\u00fd v loni l\u00e9t\u011b u\u017e chystala letos v lednu v ratifikaci pokro\u010dit! To u\u017e ale u\u017e nebude t\u0159eba<\/a>. Jakmile Fiala a jeho parta schv\u00e1l\u00ed konec pr\u00e1va veta v EU, bude obsah Istanbulsk\u00e9 smlouvy na\u0159\u00edzen \u010cesku i Slovensku bruselsk\u00fdm na\u0159\u00edzen\u00edm!\u00a0<a href=\"https:\/\/www.haberturk.com\/turkiye-istanbul-sozlesmesi-nden-resmen-cekildi-3552698\">Turecko, proto\u017ee m\u00e1 samostatn\u00fd nejvy\u0161\u0161\u00ed soud, kter\u00fd nepodl\u00e9h\u00e1 Bruselu, soudn\u011b pr\u00e1voplatn\u011b rozhodlo 2.1.2022, \u017ee Turecko u\u017e nen\u00ed signat\u00e1\u0159em Istanbulsk\u00e9 smlouvy<\/a>!<\/li>\n<li>Imigranti a Uprchl\u00edci! Brusel po ukon\u010den\u00ed pr\u00e1va veta snadno schv\u00e1l\u00ed\u00a0<em><a href=\"https:\/\/www.michalapetr.com\/mip-63-cerny-patek-krach-bruselu-jak-zamestnanci-prichazeji-diky-imigrantum-o-praci\/\">p\u0159erozd\u011blov\u00e1n\u00ed uprchl\u00edk\u016f, kter\u00e9 se, p\u0159es lo\u0148skou snahu \u010desk\u00e9 vl\u00e1dy, st\u00e1le neda\u0159\u00ed pro odpor Ma\u010farska a Polska definitivn\u011b prosadit<\/a>.\u00a0<\/em>Uprchl\u00edci a Imigranti, tak budou bez pr\u00e1va VETA snadno pomoc\u00ed bruselsk\u00e9ho na\u0159\u00edzen\u00ed p\u0159erozd\u011bleni do \u010ceska i Slovenska a do Ma\u010farska!<\/li>\n<\/ol>\n<p>Annalena Baerbockov\u00e1 v\u010dera ne n\u00e1hodou volala v Lisabonu na shrom\u00e1\u017ed\u011bn\u00ed diplomat\u016f po okam\u017eit\u00e9m ukon\u010den\u00ed pr\u00e1va VETA. N\u00e1lady Evropan\u016f se toti\u017e prudce m\u011bn\u00ed, a st\u00e1le v\u00edce obyvatel Evropy se nyn\u00ed nov\u011b stav\u00ed proti bruselsk\u00e9 v\u00edtac\u00ed a genderov\u00e9 politice! Proti v\u00e1lce i drahot\u011b! Baerbockov\u00e1 v\u00ed, \u017ee Bruselu doch\u00e1z\u00ed \u010das. Dmitry Kozak, prav\u00e1 ruka Putina, uspo\u0159\u00e1dal p\u0159ed v\u00e1nocemi \u0159adu tajn\u00fdch setk\u00e1n\u00ed s evropsk\u00fdmi politiky, jejich\u017e c\u00edlem bylo vyjednat m\u00edr podle rusk\u00fdch a ne podle kyjevsk\u00fdch podm\u00ednek. Kozakovovy aktivity,\u00a0<a href=\"https:\/\/www.michalapetr.com\/map-1556-mazany-putin-ustedril-na-silvestra-vsem-svym-nepratelum-novou-krutou-lekci\/\">kter\u00e9 jsou sou\u010d\u00e1st\u00ed rozs\u00e1hl\u00e9 p\u0159edv\u00e1no\u010dn\u00ed Putinovy diplomatick\u00e9 ofenz\u00edvy<\/a>, maj\u00ed z\u0159ejm\u011b \u00fasp\u011bch,<a href=\"https:\/\/www.unian.net\/war\/rossiya-gotovit-obostrenie-danilov-predupredil-ob-opasnosti-12099657.html\">\u00a0proto\u017ee v\u010dera na n\u011b s podr\u00e1\u017ed\u011bn\u00edm a slovy o chystan\u00e9 zrad\u011b evropsk\u00fdch politik\u016f reagoval Kyjev<\/a>!<\/p>\n<p>Nespokojenost v Evrop\u011b v\u0159e. Nejpopul\u00e1rn\u011bj\u0161\u00ed \u0161v\u00fdcarsk\u00e1 strana<a href=\"https:\/\/de.wikipedia.org\/wiki\/Schweizerische_Volkspartei\">\u00a0SVP<\/a>\u00a0, (kupodivu lidovci!), ozn\u00e1mila, \u017ee zah\u00e1jila kampa\u0148 pro referendum, kter\u00e9 zak\u00e1\u017ee a\u017e na nepatrn\u00e9 v\u00fdjimky ve\u0161kerou imigraci do \u0160v\u00fdcarska, a kter\u00e9 vypov\u00ed v\u0161echny mezin\u00e1rodn\u00ed smlouvy o imigraci! Stran\u011b SVP se ji\u017e v roce 2014 poda\u0159ilo protiimigra\u010dn\u00edm referendem zna\u010dn\u011b zt\u00ed\u017eit imigraci do \u0160v\u00fdcarska. Nyn\u00ed \u0161\u00e9f kampan\u011b Marcel Detling argumentuje, \u017ee 147 tis\u00edc leto\u0161n\u00edch imigrant\u016f, kter\u00e9 nen\u00ed mo\u017en\u00e9 vyhostit, vys\u00e1v\u00e1 \u0161v\u00fdcarsk\u00fd soci\u00e1ln\u00ed syst\u00e9m, zp\u016fsobuje bytovou, krimin\u00e1ln\u00ed a ekonomickou krizi! \u0160v\u00fdcarsko m\u00e1 8,89 milionu obyvatel! Letos tedy do \u0160v\u00fdcarska dorazilo jen 1,68 % nov\u00fdch obyvatel \u2013 a u\u017e podle nejsiln\u011bj\u0161\u00ed politick\u00e9 strany \u0160v\u00fdcarska\u00a0<a href=\"https:\/\/www.svp.ch\/aktuell\/publikationen\/editorials\/die-negativen-folgen-der-masslosen-zuwanderung\/\">drancuj\u00ed soci\u00e1ln\u00ed syst\u00e9m, sni\u017euj\u00ed \u00farove\u0148 \u0161koln\u00ed v\u00fduky, ulice jsou ucpan\u00e9, vlaky p\u0159epln\u011bn\u00e9<\/a>! Fiala je v \u010cesku spokojen \u2013 676 951 ukrajinsk\u00fdch uprchl\u00edk\u016f pr\u00fd nep\u016fsob\u00ed v \u010cesku \u017e\u00e1dn\u00fd probl\u00e9m. To je k neuv\u011b\u0159en\u00ed,\u00a0<a href=\"https:\/\/twitter.com\/vnitro\/status\/1610539150481965057\">\u010cesko se za rok podle vlastn\u00edch Raku\u0161anov\u00fdch \u00fadaj\u016f nafouklo o 6,45 % obyvatel<\/a>, ale \u0161koly, nemocnice, byty, silnice, zubn\u00ed ordinace, ani v\u00fdb\u011br dan\u00ed, bez zapo\u010dten\u00ed inflace, se odpov\u00eddaj\u00edc\u00edm zp\u016fsobem nenafoukly. Pokud bohat\u00e9 \u0160v\u00fdcarsko nevydr\u017e\u00ed ro\u010dn\u00ed n\u00e1por 1,68% nov\u00fdch obyvatel, jak m\u00e1 vydr\u017eet \u010cesko n\u00e1por 6,45%!<\/p>\n<p>V N\u011bmecku p\u0159edev\u010d\u00edrem zazn\u011bla od nejvy\u0161\u0161\u00edho p\u0159edstavitele CDU\/CSU dosud nemysliteln\u00e1 slova:<a href=\"https:\/\/www.t-online.de\/nachrichten\/deutschland\/innenpolitik\/id_100104984\/spahn-gescheiterte-integration-fuer-silvesterkrawalle-mitverantwortlich.html\"><em>\u00a0Vin\u00edkem masov\u00fdch n\u00e1silnost\u00ed o Silvestru 2023 je neregulovan\u00e1 imigrace,<\/em><\/a><em>\u00a0ne\u00fasp\u011b\u0161n\u00e1 integrace a nedostatek respektu (imigrant\u016f)\u00a0 k (n\u011bmeck\u00e9mu) st\u00e1tu. Vin\u00edkem n\u00e1silnost\u00ed nen\u00ed pyrotechnika, jak tvrd\u00ed ve\u0159ejnopr\u00e1vn\u00ed m\u00e9dia!<\/em>\u00a0Slova pronesl Jens Spahn, a\u00a0<a href=\"https:\/\/jungefreiheit.de\/politik\/deutschland\/2023\/polizei-gegen-pyro\/\">reagoval tak na d\u011bsiv\u00e9 \u0159\u00e1d\u011bn\u00ed imigrant\u016f o Silvestru 2022<\/a>, kdy podpalovali auta, ni\u010dili, co jim p\u0159i\u0161lo pod ruku, a zranili des\u00edtky a\u017e stovky policist\u016f, hasi\u010d\u016f a z\u00e1chran\u00e1\u0159\u016f.<\/p>\n<p>Oby\u010dejn\u00ed N\u011bmci maj\u00ed u\u017e v\u0161eho dost.<a href=\"https:\/\/jungefreiheit.de\/politik\/deutschland\/2023\/afd-regierung\/\">\u00a0V b\u00fdval\u00e9m v\u00fdchodn\u00edm N\u011bmecku u\u017e strana AfD v\u00e9vod\u00ed pr\u016fzkum\u016fm<\/a>, a je jasn\u00e9, \u017ee vyhraje v zemsk\u00fdch volb\u00e1ch v roce 2024, pokud klasick\u00e9 strany nezm\u011bn\u00ed politiku. Nav\u00edc n\u011bmeck\u00fdm poslanc\u016fm z CDU\/CSU, SPD a AfD u\u017e do\u0161la trp\u011blivost s tajnostmi okolo pachatele sabot\u00e1\u017ee plynovodu Nord Stream a po\u017eaduj\u00ed po vl\u00e1d\u011b,\u00a0<a href=\"https:\/\/jungefreiheit.de\/politik\/deutschland\/2023\/ampelkoalition-mauert-nord-stream\/\">aby jednala, \u0161st\u0159ila, a vin\u00edka ozna\u010dila<\/a>!<\/p>\n<p>\u010ce\u0161i maj\u00ed za p\u00e1r dn\u00ed unik\u00e1tn\u00ed mo\u017enost zvolit rozhodn\u00e9ho prezidenta, kter\u00fd se neschopn\u00e9mu Fialovi a jeho poskok\u016fm postav\u00ed. Nezb\u00fdv\u00e1 ne\u017e doufat, \u017ee p\u0159\u00edle\u017eitost nez\u016fstane promarn\u011bna. Proto hlasujte! \u010cesk\u00e1 st\u00e1tn\u00ed samostatnost si zaslou\u017e\u00ed, aby byla zachov\u00e1na!<\/p>\n<p><a href=\"https:\/\/www.michalapetr.com\/map-1560-konec-samostatnosti-ceska-byl-vcera-vyhlasen-v-lisabonu-presne-jak-vaclav-klaus-predpovedel-3-listopadu-2009-kdyz-byl-donucen-podepsat-lisabonskou-smlouvu\/\">Michael Svato\u0161<\/a><\/p>\n<p><img decoding=\"async\" loading=\"lazy\" class=\"wp-image-19187 aligncenter\" src=\"http:\/\/www.infokuryr.cz\/n\/wp-content\/uploads\/2022\/12\/1-PRO-300x36.jpg\" alt=\"\" width=\"1292\" height=\"155\" srcset=\"https:\/\/www.infokuryr.cz\/n\/wp-content\/uploads\/2022\/12\/1-PRO-300x36.jpg 300w, https:\/\/www.infokuryr.cz\/n\/wp-content\/uploads\/2022\/12\/1-PRO.jpg 699w\" sizes=\"(max-width: 1292px) 100vw, 1292px\" \/><\/p>\n<p>&nbsp;<\/p>\n","protected":false},"excerpt":{"rendered":"<p>P\u0159esn\u011b jak V\u00e1clav Klaus p\u0159edpov\u011bd\u011bl 3. listopadu 2009, kdy\u017e byl donucen podepsat Lisabonskou smlouvu! \u010cesko&#8230;<\/p>\n","protected":false},"author":2,"featured_media":11522,"comment_status":"closed","ping_status":"closed","sticky":false,"template":"","format":"standard","meta":[],"categories":[6],"tags":[1042,4196,768,459],"_links":{"self":[{"href":"https:\/\/www.infokuryr.cz\/n\/wp-json\/wp\/v2\/posts\/20779"}],"collection":[{"href":"https:\/\/www.infokuryr.cz\/n\/wp-json\/wp\/v2\/posts"}],"about":[{"href":"https:\/\/www.infokuryr.cz\/n\/wp-json\/wp\/v2\/types\/post"}],"author":[{"embeddable":true,"href":"https:\/\/www.infokuryr.cz\/n\/wp-json\/wp\/v2\/users\/2"}],"replies":[{"embeddable":true,"href":"https:\/\/www.infokuryr.cz\/n\/wp-json\/wp\/v2\/comments?post=20779"}],"version-history":[{"count":0,"href":"https:\/\/www.infokuryr.cz\/n\/wp-json\/wp\/v2\/posts\/20779\/revisions"}],"wp:featuredmedia":[{"embeddable":true,"href":"https:\/\/www.infokuryr.cz\/n\/wp-json\/wp\/v2\/media\/11522"}],"wp:attachment":[{"href":"https:\/\/www.infokuryr.cz\/n\/wp-json\/wp\/v2\/media?parent=20779"}],"wp:term":[{"taxonomy":"category","embeddable":true,"href":"https:\/\/www.infokuryr.cz\/n\/wp-json\/wp\/v2\/categories?post=20779"},{"taxonomy":"post_tag","embeddable":true,"href":"https:\/\/www.infokuryr.cz\/n\/wp-json\/wp\/v2\/tags?post=20779"}],"curies":[{"name":"wp","href":"https:\/\/api.w.org\/{rel}","templated":true}]}}