{"id":20753,"date":"2023-01-05T01:01:02","date_gmt":"2023-01-05T00:01:02","guid":{"rendered":"http:\/\/www.infokuryr.cz\/n\/?p=20753"},"modified":"2023-01-04T16:40:16","modified_gmt":"2023-01-04T15:40:16","slug":"nova-izraelska-vlada-zaujme-vice-prorusky-postoj","status":"publish","type":"post","link":"https:\/\/www.infokuryr.cz\/n\/2023\/01\/05\/nova-izraelska-vlada-zaujme-vice-prorusky-postoj\/","title":{"rendered":"Nov\u00e1 izraelsk\u00e1 vl\u00e1da zaujme v\u00edce prorusk\u00fd postoj"},"content":{"rendered":"<div id=\"fb-root\"><\/div>\n<p><strong>Zat\u00edmco p\u0159edchoz\u00ed izraelsk\u00e1 vl\u00e1da byla sp\u00ed\u0161e na stran\u011b Ukrajiny, nov\u00e9 pravicov\u00e9 konzervativn\u00ed veden\u00ed pod veden\u00edm premi\u00e9ra Netanjahua bude st\u00e1le v\u00edce usilovat o dobr\u00e9 vztahy s Moskvou.\u00a0Ministr zahrani\u010d\u00ed Cohen ji\u017e projevuje pat\u0159i\u010dn\u00e9 iniciativy.<\/strong><\/p>\n<p>Izraelsk\u00e1 politika je proslul\u00e1 t\u00edm, \u017ee stav\u00ed n\u00e1rodn\u00ed z\u00e1jmy nade v\u0161e a nev\u011bnuje p\u0159\u00edli\u0161nou pozornost rezoluc\u00edm OSN a citliv\u00fdm bod\u016fm jin\u00fdch zem\u00ed.\u00a0To plat\u00ed i pro postoj Tel Avivu k eskaluj\u00edc\u00edmu ukrajinsk\u00e9mu konfliktu.\u00a0Vl\u00e1da pod veden\u00edm Bennyho Gantze z\u016fstala do zna\u010dn\u00e9 m\u00edry neutr\u00e1ln\u00ed i p\u0159es verb\u00e1ln\u00ed podporu Kyjevu.\u00a0\u017d\u00e1dn\u00e9 p\u0159\u00edm\u00e9 dod\u00e1vky zbran\u00ed na Ukrajinu nebyly (Tel Aviv fungoval pouze jako prost\u0159edn\u00edk) a p\u0159\u00edpadn\u00e9 \u017e\u00e1dosti Kyjeva o dod\u00e1vku zn\u00e1m\u00e9ho protiletadlov\u00e9ho syst\u00e9mu \u017delezn\u00e1 kupole byly zma\u0159eny.<\/p>\n<p><strong>Hlavn\u00ed d\u016fvod:<\/strong> dobr\u00e9 vztahy Moskvy se syrsk\u00fdm prezidentem Ba\u0161\u00e1rem al-Asadem a re\u017eimem mull\u00e1h\u016f v \u00cdr\u00e1nu.\u00a0<strong>Rozzlobit Kreml by bylo pro \u017eidovsk\u00fd st\u00e1t bezpe\u010dnostn\u00ed no\u010dn\u00ed m\u016frou.\u00a0<\/strong>A tak\u00a0nov\u00fd izraelsk\u00fd ministr zahrani\u010d\u00ed Eli Cohen o ukrajinsk\u00e9m konfliktu\u00a0<a href=\"https:\/\/www.yahoo.com\/news\/incoming-israeli-foreign-minister-signals-234900925.html\" target=\"_blank\" rel=\"noreferrer noopener\">\u0159ekl : &#8222;V ot\u00e1zce Ruska a Ukrajiny ud\u011bl\u00e1me jednu v\u011bc jist\u011b &#8211; m\u00e9n\u011b mluvit na ve\u0159ejnosti.&#8220;\u00a0<\/a>Jasn\u00e1 zm\u011bna politick\u00e9ho stylu a n\u00e1znak toho, \u017ee se nyn\u00ed cht\u011bj\u00ed v\u00edce orientovat na Moskvu.<\/p>\n<figure class=\"wp-block-embed is-type-rich is-provider-twitter wp-block-embed-twitter\">\n<div class=\"wp-block-embed__wrapper\">\n<div class=\"twitter-tweet twitter-tweet-rendered\"><iframe id=\"twitter-widget-0\" class=\"\" title=\"Twitter tweet\" src=\"https:\/\/platform.twitter.com\/embed\/Tweet.html?dnt=true&amp;embedId=twitter-widget-0&amp;features=eyJ0ZndfdGltZWxpbmVfbGlzdCI6eyJidWNrZXQiOlsibGlua3RyLmVlIiwidHIuZWUiLCJ0ZXJyYS5jb20uYnIiLCJ3d3cubGlua3RyLmVlIiwid3d3LnRyLmVlIiwid3d3LnRlcnJhLmNvbS5iciJdLCJ2ZXJzaW9uIjpudWxsfSwidGZ3X2hvcml6b25fdGltZWxpbmVfMTIwMzQiOnsiYnVja2V0IjoidHJlYXRtZW50IiwidmVyc2lvbiI6bnVsbH0sInRmd190d2VldF9lZGl0X2JhY2tlbmQiOnsiYnVja2V0Ijoib24iLCJ2ZXJzaW9uIjpudWxsfSwidGZ3X3JlZnNyY19zZXNzaW9uIjp7ImJ1Y2tldCI6Im9uIiwidmVyc2lvbiI6bnVsbH0sInRmd19zaG93X2J1c2luZXNzX3ZlcmlmaWVkX2JhZGdlIjp7ImJ1Y2tldCI6Im9uIiwidmVyc2lvbiI6bnVsbH0sInRmd19jaGluX3BpbGxzXzE0NzQxIjp7ImJ1Y2tldCI6ImNvbG9yX2ljb25zIiwidmVyc2lvbiI6bnVsbH0sInRmd190d2VldF9yZXN1bHRfbWlncmF0aW9uXzEzOTc5Ijp7ImJ1Y2tldCI6InR3ZWV0X3Jlc3VsdCIsInZlcnNpb24iOm51bGx9LCJ0ZndfbWl4ZWRfbWVkaWFfMTU4OTciOnsiYnVja2V0IjoidHJlYXRtZW50IiwidmVyc2lvbiI6bnVsbH0sInRmd19zZW5zaXRpdmVfbWVkaWFfaW50ZXJzdGl0aWFsXzEzOTYzIjp7ImJ1Y2tldCI6ImludGVyc3RpdGlhbCIsInZlcnNpb24iOm51bGx9LCJ0ZndfZXhwZXJpbWVudHNfY29va2llX2V4cGlyYXRpb24iOnsiYnVja2V0IjoxMjA5NjAwLCJ2ZXJzaW9uIjpudWxsfSwidGZ3X2R1cGxpY2F0ZV9zY3JpYmVzX3RvX3NldHRpbmdzIjp7ImJ1Y2tldCI6Im9uIiwidmVyc2lvbiI6bnVsbH0sInRmd192aWRlb19obHNfZHluYW1pY19tYW5pZmVzdHNfMTUwODIiOnsiYnVja2V0IjoidHJ1ZV9iaXRyYXRlIiwidmVyc2lvbiI6bnVsbH0sInRmd19zaG93X2JsdWVfdmVyaWZpZWRfYmFkZ2UiOnsiYnVja2V0Ijoib24iLCJ2ZXJzaW9uIjpudWxsfSwidGZ3X3Nob3dfZ292X3ZlcmlmaWVkX2JhZGdlIjp7ImJ1Y2tldCI6Im9uIiwidmVyc2lvbiI6bnVsbH0sInRmd19zaG93X2J1c2luZXNzX2FmZmlsaWF0ZV9iYWRnZSI6eyJidWNrZXQiOiJvbiIsInZlcnNpb24iOm51bGx9LCJ0ZndfdHdlZXRfZWRpdF9mcm9udGVuZCI6eyJidWNrZXQiOiJvbiIsInZlcnNpb24iOm51bGx9fQ%3D%3D&amp;frame=false&amp;hideCard=false&amp;hideThread=false&amp;id=1609886512694595584&amp;lang=de&amp;origin=https%3A%2F%2Freport24.news%2Fisraels-neue-regierung-wird-eine-eher-russland-freundliche-haltung-einnehmen%2F&amp;sessionId=46099fbacc4658634d6bf2872016560454e4ab9a&amp;theme=light&amp;widgetsVersion=a3525f077c700%3A1667415560940&amp;width=550px\" frameborder=\"0\" scrolling=\"no\" allowfullscreen=\"allowfullscreen\" data-tweet-id=\"1609886512694595584\" data-mce-fragment=\"1\"><\/iframe><\/div>\n<\/div>\n<\/figure>\n<p>Je dob\u0159e zn\u00e1mo, \u017ee prezident Vladimir Putin a premi\u00e9r Benjamin Netanjahu spolu vych\u00e1zej\u00ed pom\u011brn\u011b dob\u0159e.\u00a0N\u011bco, co prezident Zelenskyj ji\u017e d\u0159\u00edve <a href=\"https:\/\/www.jpost.com\/breaking-news\/article-723728\" target=\"_blank\" rel=\"noreferrer noopener\">kritizoval<\/a>.\u00a0Nen\u00ed tedy divu, \u017ee nov\u00fd izraelsk\u00fd ministr zahrani\u010d\u00ed nyn\u00ed vyz\u00fdv\u00e1 k \u201eodpov\u011bdn\u00e9\u201c politice ve vztahu k v\u00e1lce na Ukrajin\u011b.\u00a0Na rozd\u00edl od sv\u00e9ho p\u0159edch\u016fdce Yaira Lapida na Moskvu pravd\u011bpodobn\u011b nevyslov\u00ed ostr\u00e1 slova.\u00a0To je o to jasn\u011bj\u0161\u00ed, \u017ee Cohen mluvil se sv\u00fdm rusk\u00fdm prot\u011bj\u0161kem Sergejem Lavrovem, zat\u00edmco Lapid ho cel\u00e9 m\u011bs\u00edce od rusk\u00e9 invaze na Ukrajinu ignoroval.\u00a0Co se stane te\u010f? Nech\u00e1me se p\u0159ekvapit.<\/p>\n<p><img decoding=\"async\" loading=\"lazy\" class=\"alignnone size-full wp-image-1185\" src=\"http:\/\/www.infokuryr.cz\/n\/wp-content\/uploads\/2021\/04\/kuryr-podpis.png\" alt=\"\" width=\"84\" height=\"24\" \/><\/p>\n<p>&nbsp;<\/p>\n<p><img decoding=\"async\" loading=\"lazy\" class=\"wp-image-19187 aligncenter\" src=\"http:\/\/www.infokuryr.cz\/n\/wp-content\/uploads\/2022\/12\/1-PRO-300x36.jpg\" alt=\"\" width=\"1258\" height=\"151\" srcset=\"https:\/\/www.infokuryr.cz\/n\/wp-content\/uploads\/2022\/12\/1-PRO-300x36.jpg 300w, https:\/\/www.infokuryr.cz\/n\/wp-content\/uploads\/2022\/12\/1-PRO.jpg 699w\" sizes=\"(max-width: 1258px) 100vw, 1258px\" \/><\/p>\n<p>&nbsp;<\/p>\n","protected":false},"excerpt":{"rendered":"<p>Zat\u00edmco p\u0159edchoz\u00ed izraelsk\u00e1 vl\u00e1da byla sp\u00ed\u0161e na stran\u011b Ukrajiny, nov\u00e9 pravicov\u00e9 konzervativn\u00ed veden\u00ed pod veden\u00edm&#8230;<\/p>\n","protected":false},"author":2,"featured_media":20754,"comment_status":"closed","ping_status":"closed","sticky":false,"template":"","format":"standard","meta":[],"categories":[7],"tags":[107,22,1014,26],"_links":{"self":[{"href":"https:\/\/www.infokuryr.cz\/n\/wp-json\/wp\/v2\/posts\/20753"}],"collection":[{"href":"https:\/\/www.infokuryr.cz\/n\/wp-json\/wp\/v2\/posts"}],"about":[{"href":"https:\/\/www.infokuryr.cz\/n\/wp-json\/wp\/v2\/types\/post"}],"author":[{"embeddable":true,"href":"https:\/\/www.infokuryr.cz\/n\/wp-json\/wp\/v2\/users\/2"}],"replies":[{"embeddable":true,"href":"https:\/\/www.infokuryr.cz\/n\/wp-json\/wp\/v2\/comments?post=20753"}],"version-history":[{"count":0,"href":"https:\/\/www.infokuryr.cz\/n\/wp-json\/wp\/v2\/posts\/20753\/revisions"}],"wp:featuredmedia":[{"embeddable":true,"href":"https:\/\/www.infokuryr.cz\/n\/wp-json\/wp\/v2\/media\/20754"}],"wp:attachment":[{"href":"https:\/\/www.infokuryr.cz\/n\/wp-json\/wp\/v2\/media?parent=20753"}],"wp:term":[{"taxonomy":"category","embeddable":true,"href":"https:\/\/www.infokuryr.cz\/n\/wp-json\/wp\/v2\/categories?post=20753"},{"taxonomy":"post_tag","embeddable":true,"href":"https:\/\/www.infokuryr.cz\/n\/wp-json\/wp\/v2\/tags?post=20753"}],"curies":[{"name":"wp","href":"https:\/\/api.w.org\/{rel}","templated":true}]}}