{"id":20750,"date":"2023-01-04T14:27:31","date_gmt":"2023-01-04T13:27:31","guid":{"rendered":"http:\/\/www.infokuryr.cz\/n\/?p=20750"},"modified":"2023-01-04T14:27:31","modified_gmt":"2023-01-04T13:27:31","slug":"iran-informoval-o-izraelskem-terorismu-a-porusovani-charty-osn","status":"publish","type":"post","link":"https:\/\/www.infokuryr.cz\/n\/2023\/01\/04\/iran-informoval-o-izraelskem-terorismu-a-porusovani-charty-osn\/","title":{"rendered":"\u00cdr\u00e1n informoval o izraelsk\u00e9m terorismu a poru\u0161ov\u00e1n\u00ed Charty OSN"},"content":{"rendered":"<div id=\"fb-root\"><\/div>\n<p class=\"lead\"><span>St\u00e1l\u00fd z\u00e1stupce \u00cdr\u00e1nu p\u0159i OSN je v dopise gener\u00e1ln\u00edmu tajemn\u00edkovi OSN a Rad\u011b bezpe\u010dnosti varoval p\u0159ed ignorov\u00e1n\u00edm \u201enechvaln\u011b proslul\u00e9 sionistick\u00e9 politiky v regionu\u201c a ponechal \u00cdr\u00e1nu pr\u00e1vo kdykoli prov\u00e9st odvetu.\u00a0Informovala o tom \u00edr\u00e1nsk\u00e1 tiskov\u00e1 agentura IRNA.<\/span><\/p>\n<p><span>St\u00e1l\u00fd \u00edr\u00e1nsk\u00fd p\u0159edstavitel p\u0159i OSN\u00a0<\/span><strong><span>Amir Saeed Iravani<\/span><\/strong><span>\u00a0ve sv\u00e9m dopise odkazoval na militaristick\u00e1 prohl\u00e1\u0161en\u00ed \u201esionistick\u00fdch p\u0159edstavitel\u016f\u201c, co\u017e se rovn\u00e1 jasn\u00e9mu poru\u0161en\u00ed Charty OSN kv\u016fli hrozb\u011b pou\u017eit\u00ed vojensk\u00e9 s\u00edly proti \u00edr\u00e1nsk\u00fdm m\u00edrov\u00fdm jadern\u00fdm za\u0159\u00edzen\u00edm.<\/span><\/p>\n<p><span>Iravani ve sv\u00e9m dopise zd\u016fraznil, \u017ee \u201etento nez\u00e1konn\u00fd re\u017eim\u201c se uchyluje k vojensk\u00fdm hrozb\u00e1m za podm\u00ednek, kdy jsou \u00edr\u00e1nsk\u00e1 jadern\u00e1 za\u0159\u00edzen\u00ed pod kontrolou MAAE:<\/span><\/p>\n<p><em><strong>&#8222;Nen\u00ed to poprv\u00e9, co Izrael hrozil pou\u017eit\u00edm s\u00edly proti \u00cdr\u00e1nu, proto\u017ee se ji\u017e p\u0159ihl\u00e1sil k odpov\u011bdnosti za zabit\u00ed \u00edr\u00e1nsk\u00fdch v\u011bdc\u016f p\u0159i teroristick\u00fdch \u00fatoc\u00edch a zni\u010den\u00ed infrastruktury \u00edr\u00e1nsk\u00e9ho m\u00edrov\u00e9ho jadern\u00e9ho programu.&#8220;<\/strong><\/em><\/p>\n<p><span>Napsal, \u017ee takov\u00e1 \u201emilitantn\u00ed hrozba\u201c ukazuje, \u017ee Izrael p\u0159eb\u00edr\u00e1 plnou odpov\u011bdnost za v\u0161echny sv\u00e9 zlo\u010dinn\u00e9 a teroristick\u00e9 \u010diny proti \u00cdr\u00e1nu.<\/span><\/p>\n<p><span>Iravani rovn\u011b\u017e vyzval Radu bezpe\u010dnosti OSN, aby vzala v \u00favahu sv\u00e9 z\u00e1vazky podle Charty OSN zachovat mezin\u00e1rodn\u00ed m\u00edr a bezpe\u010dnost a odsoudila \u201ebojovn\u00e1 prohl\u00e1\u0161en\u00ed sionist\u016f\u201c, kter\u00e1 p\u0159edstavuj\u00ed skute\u010dnou hrozbu pro mezin\u00e1rodn\u00ed a region\u00e1ln\u00ed m\u00edr a stabilitu.<\/span><\/p>\n<p><span>Jak ji\u017e d\u0159\u00edve m\u00e9dia<\/span><span> informovala , izraelsk\u00e9 ministerstvo obrany po\u017e\u00e1dalo o 17procentn\u00ed nav\u00fd\u0161en\u00ed sv\u00e9ho rozpo\u010dtu, aby se p\u0159ipravilo na p\u0159\u00edpadn\u00fd <\/span><a href=\"https:\/\/eadaily.com\/ru\/news\/2023\/01\/03\/minoborony-izrailya-gotovitsya-k-vozmozhnomu-udaru-po-iranu\" target=\"_blank\" rel=\"noopener\"><span>\u00fader na \u00edr\u00e1nsk\u00e1 jadern\u00e1 za\u0159\u00edzen\u00ed<\/span><\/a><span>\u00a0.\u00a0Anonymn\u00ed zdroje uvedly, \u017ee ministerstvo obrany:<\/span><\/p>\n<p><em><strong>&#8222;po\u017e\u00e1dalo o neobvykl\u00e9 nav\u00fd\u0161en\u00ed sv\u00e9ho rozpo\u010dtu o deset miliard \u0161ekel\u016f (2,8 miliardy dolar\u016f) pro sou\u010dasn\u00fd a p\u0159\u00ed\u0161t\u00ed rok jako sou\u010d\u00e1st snah zintenzivnit p\u0159\u00edpravy na potenci\u00e1ln\u00ed \u00fader na \u00edr\u00e1nsk\u00e1 jadern\u00e1 za\u0159\u00edzen\u00ed.&#8220;<\/strong><\/em><\/p>\n<p><span>Agentura\u00a0<\/span><a href=\"https:\/\/eadaily.com\/\" target=\"_blank\" rel=\"noopener\"><strong><span>EADaily<\/span><\/strong><\/a><span>\u00a0tak\u00e9 citovala prohl\u00e1\u0161en\u00ed b\u00fdval\u00e9ho izraelsk\u00e9ho ministra obrany\u00a0<\/span><strong><span>Bennyho Gantze<\/span><\/strong><span>\u00a0, kter\u00fd poznamenal, \u017ee \u201enade\u0161el \u010das\u201c za\u00fato\u010dit na \u00cdr\u00e1n.\u00a0Premi\u00e9r\u00a0<\/span><strong><span>Benjamin Netanjahu<\/span><\/strong><span>\u00a0tak\u00e9 \u0159ekl, \u017ee zabr\u00e1nit \u00cdr\u00e1nu v z\u00edsk\u00e1n\u00ed jadern\u00fdch zbran\u00ed bude jedn\u00edm z kl\u00ed\u010dov\u00fdch c\u00edl\u016f jeho vl\u00e1dy.<\/span><\/p>\n<p><img decoding=\"async\" loading=\"lazy\" class=\"alignnone size-full wp-image-1185\" src=\"http:\/\/www.infokuryr.cz\/n\/wp-content\/uploads\/2021\/04\/kuryr-podpis.png\" alt=\"\" width=\"84\" height=\"24\" \/><\/p>\n<p>&nbsp;<\/p>\n<p><img decoding=\"async\" loading=\"lazy\" class=\"wp-image-19187 aligncenter\" src=\"http:\/\/www.infokuryr.cz\/n\/wp-content\/uploads\/2022\/12\/1-PRO-300x36.jpg\" alt=\"\" width=\"1233\" height=\"148\" srcset=\"https:\/\/www.infokuryr.cz\/n\/wp-content\/uploads\/2022\/12\/1-PRO-300x36.jpg 300w, https:\/\/www.infokuryr.cz\/n\/wp-content\/uploads\/2022\/12\/1-PRO.jpg 699w\" sizes=\"(max-width: 1233px) 100vw, 1233px\" \/><\/p>\n<p>&nbsp;<\/p>\n<p>&nbsp;<\/p>\n","protected":false},"excerpt":{"rendered":"<p>St\u00e1l\u00fd z\u00e1stupce \u00cdr\u00e1nu p\u0159i OSN je v dopise gener\u00e1ln\u00edmu tajemn\u00edkovi OSN a Rad\u011b bezpe\u010dnosti varoval&#8230;<\/p>\n","protected":false},"author":2,"featured_media":20751,"comment_status":"closed","ping_status":"closed","sticky":false,"template":"","format":"standard","meta":[],"categories":[7],"tags":[38,107,186,1408],"_links":{"self":[{"href":"https:\/\/www.infokuryr.cz\/n\/wp-json\/wp\/v2\/posts\/20750"}],"collection":[{"href":"https:\/\/www.infokuryr.cz\/n\/wp-json\/wp\/v2\/posts"}],"about":[{"href":"https:\/\/www.infokuryr.cz\/n\/wp-json\/wp\/v2\/types\/post"}],"author":[{"embeddable":true,"href":"https:\/\/www.infokuryr.cz\/n\/wp-json\/wp\/v2\/users\/2"}],"replies":[{"embeddable":true,"href":"https:\/\/www.infokuryr.cz\/n\/wp-json\/wp\/v2\/comments?post=20750"}],"version-history":[{"count":0,"href":"https:\/\/www.infokuryr.cz\/n\/wp-json\/wp\/v2\/posts\/20750\/revisions"}],"wp:featuredmedia":[{"embeddable":true,"href":"https:\/\/www.infokuryr.cz\/n\/wp-json\/wp\/v2\/media\/20751"}],"wp:attachment":[{"href":"https:\/\/www.infokuryr.cz\/n\/wp-json\/wp\/v2\/media?parent=20750"}],"wp:term":[{"taxonomy":"category","embeddable":true,"href":"https:\/\/www.infokuryr.cz\/n\/wp-json\/wp\/v2\/categories?post=20750"},{"taxonomy":"post_tag","embeddable":true,"href":"https:\/\/www.infokuryr.cz\/n\/wp-json\/wp\/v2\/tags?post=20750"}],"curies":[{"name":"wp","href":"https:\/\/api.w.org\/{rel}","templated":true}]}}