{"id":20709,"date":"2023-01-04T00:59:00","date_gmt":"2023-01-03T23:59:00","guid":{"rendered":"http:\/\/www.infokuryr.cz\/n\/?p=20709"},"modified":"2023-01-03T17:42:21","modified_gmt":"2023-01-03T16:42:21","slug":"polsko-pozadalo-osn-aby-pomohla-ziskat-valecne-reparace-z-nemecka","status":"publish","type":"post","link":"https:\/\/www.infokuryr.cz\/n\/2023\/01\/04\/polsko-pozadalo-osn-aby-pomohla-ziskat-valecne-reparace-z-nemecka\/","title":{"rendered":"Polsko po\u017e\u00e1dalo OSN, aby pomohla z\u00edskat v\u00e1le\u010dn\u00e9 reparace z N\u011bmecka"},"content":{"rendered":"<div id=\"fb-root\"><\/div>\n<h2 class=\"article__second-title\"><span>N\u00e1m\u011bstek ministra zahrani\u010d\u00ed Mulyarchik ozn\u00e1mil \u017e\u00e1dost Polska do OSN o pomoc p\u0159i z\u00edsk\u00e1v\u00e1n\u00ed reparac\u00ed od N\u011bmecka<\/span><\/h2>\n<p>Var\u0161ava vyzvala OSN, aby pomohla z\u00edskat v\u00e1le\u010dn\u00e9 reparace od N\u011bmecka , \u0159ekl ve vys\u00edl\u00e1n\u00ed\u00a0<a href=\"https:\/\/www.polskieradio.pl\/400\/7764\/Artykul\/3096977,polen-verschickt-note-zu-kriegsreparationen-an-die-uno\">Polsk\u00e9ho rozhlasu<\/a>\u00a0Arkadiusz Mulyarchik, n\u00e1m\u011bstek ministra zahrani\u010d\u00ed zem\u011b, zmocn\u011bnec vl\u00e1dy pro reparace .<\/p>\n<p>Ji\u017e d\u0159\u00edve Polsko se stejnou \u017e\u00e1dost\u00ed oslovilo\u00a0<a href=\"https:\/\/ria.ru\/organization_JUNESKO\/\">UNESCO<\/a>\u00a0a\u00a0<a href=\"https:\/\/ria.ru\/organization_Sovet_Evropy\/\">Radu Evropy<\/a>\u00a0.<\/p>\n<p>&#8222;Pos\u00edl\u00e1me tak\u00e9 prohl\u00e1\u0161en\u00ed do OSN s \u017e\u00e1dost\u00ed o z\u00e1sah do t\u00e9to problematiky. &lt;&#8230;&gt; \u017d\u00e1d\u00e1me V\u00e1s, abyste do t\u00e9to problematiky zas\u00e1hli, abyste vytvo\u0159ili jakousi platformu pro dialog s N\u011bmeckem, kter\u00e9 nechce v\u00e9st tento dialog,\u201c \u0159ekl Mulyarchik.<\/p>\n<p>Ji\u017e d\u0159\u00edve polsk\u00e9 \u00fa\u0159ady uvedly, \u017ee od N\u011bmecka po\u017eaduj\u00ed 6,2 bilionu zlot\u00fdch (asi 1,3 bilionu dolar\u016f) jako n\u00e1hradu za \u0161kody z druh\u00e9 sv\u011btov\u00e9 v\u00e1lky.\u00a0Za\u010d\u00e1tkem \u0159\u00edjna byla prost\u0159ednictv\u00edm ministerstva zahrani\u010d\u00ed zasl\u00e1na odpov\u00eddaj\u00edc\u00ed n\u00f3ta do Berl\u00edna.<\/p>\n<p>N\u011bmeck\u00e1 vl\u00e1da opakovan\u011b prohl\u00e1sila, \u017ee nehodlaj\u00ed nic platit: domn\u00edvaj\u00ed se, \u017ee ji\u017e zaplatili pom\u011brn\u011b velkou n\u00e1hradu a nen\u00ed d\u016fvod zpochyb\u0148ovat polsk\u00e9 odm\u00edtnut\u00ed reparac\u00ed v roce 1953.<\/p>\n<p><img decoding=\"async\" loading=\"lazy\" class=\"alignnone size-full wp-image-1185\" src=\"http:\/\/www.infokuryr.cz\/n\/wp-content\/uploads\/2021\/04\/kuryr-podpis.png\" alt=\"\" width=\"84\" height=\"24\" \/><\/p>\n<p>&nbsp;<\/p>\n<p><img decoding=\"async\" loading=\"lazy\" class=\"wp-image-19187 aligncenter\" src=\"http:\/\/www.infokuryr.cz\/n\/wp-content\/uploads\/2022\/12\/1-PRO-300x36.jpg\" alt=\"\" width=\"1217\" height=\"146\" srcset=\"https:\/\/www.infokuryr.cz\/n\/wp-content\/uploads\/2022\/12\/1-PRO-300x36.jpg 300w, https:\/\/www.infokuryr.cz\/n\/wp-content\/uploads\/2022\/12\/1-PRO.jpg 699w\" sizes=\"(max-width: 1217px) 100vw, 1217px\" \/><\/p>\n<p>&nbsp;<\/p>\n","protected":false},"excerpt":{"rendered":"<p>N\u00e1m\u011bstek ministra zahrani\u010d\u00ed Mulyarchik ozn\u00e1mil \u017e\u00e1dost Polska do OSN o pomoc p\u0159i z\u00edsk\u00e1v\u00e1n\u00ed reparac\u00ed od&#8230;<\/p>\n","protected":false},"author":2,"featured_media":2754,"comment_status":"closed","ping_status":"closed","sticky":false,"template":"","format":"standard","meta":[],"categories":[7],"tags":[84,186,31,1715],"_links":{"self":[{"href":"https:\/\/www.infokuryr.cz\/n\/wp-json\/wp\/v2\/posts\/20709"}],"collection":[{"href":"https:\/\/www.infokuryr.cz\/n\/wp-json\/wp\/v2\/posts"}],"about":[{"href":"https:\/\/www.infokuryr.cz\/n\/wp-json\/wp\/v2\/types\/post"}],"author":[{"embeddable":true,"href":"https:\/\/www.infokuryr.cz\/n\/wp-json\/wp\/v2\/users\/2"}],"replies":[{"embeddable":true,"href":"https:\/\/www.infokuryr.cz\/n\/wp-json\/wp\/v2\/comments?post=20709"}],"version-history":[{"count":0,"href":"https:\/\/www.infokuryr.cz\/n\/wp-json\/wp\/v2\/posts\/20709\/revisions"}],"wp:featuredmedia":[{"embeddable":true,"href":"https:\/\/www.infokuryr.cz\/n\/wp-json\/wp\/v2\/media\/2754"}],"wp:attachment":[{"href":"https:\/\/www.infokuryr.cz\/n\/wp-json\/wp\/v2\/media?parent=20709"}],"wp:term":[{"taxonomy":"category","embeddable":true,"href":"https:\/\/www.infokuryr.cz\/n\/wp-json\/wp\/v2\/categories?post=20709"},{"taxonomy":"post_tag","embeddable":true,"href":"https:\/\/www.infokuryr.cz\/n\/wp-json\/wp\/v2\/tags?post=20709"}],"curies":[{"name":"wp","href":"https:\/\/api.w.org\/{rel}","templated":true}]}}