{"id":20690,"date":"2023-01-04T01:02:04","date_gmt":"2023-01-04T00:02:04","guid":{"rendered":"http:\/\/www.infokuryr.cz\/n\/?p=20690"},"modified":"2023-01-03T16:33:16","modified_gmt":"2023-01-03T15:33:16","slug":"profesor-ne-rusko-ale-nato-je-nejvetsi-hrozbou-miru-na-ukrajine","status":"publish","type":"post","link":"https:\/\/www.infokuryr.cz\/n\/2023\/01\/04\/profesor-ne-rusko-ale-nato-je-nejvetsi-hrozbou-miru-na-ukrajine\/","title":{"rendered":"Profesor: Ne Rusko, ale NATO je nejv\u011bt\u0161\u00ed hrozbou m\u00edru na Ukrajin\u011b"},"content":{"rendered":"<div id=\"fb-root\"><\/div>\n<p><span>Prezident Putin p\u0159ed rokem vyzval k zastaven\u00ed roz\u0161i\u0159ov\u00e1n\u00ed NATO.\u00a0Necht\u011bl, aby v Gruzii a na Ukrajin\u011b byly um\u00edst\u011bny jednotky zem\u00ed NATO.\u00a0Putin nav\u00edc chce, aby byla vy\u0159e\u0161ena krize na Donbasu na v\u00fdchodn\u00ed Ukrajin\u011b, \u0159ekl profesor Jeffrey Sachs v\u00a0<\/span><a href=\"https:\/\/youtu.be\/qheHrJPeLu8\" target=\"_blank\" rel=\"noreferrer noopener\" data-type=\"URL\" data-id=\"https:\/\/youtu.be\/qheHrJPeLu8\"><span>podcastu<\/span><\/a><span>\u00a0The Left Lens s Dannym Haiphongem.<\/span><\/p>\n<p><span>M\u016f\u017eete se vr\u00e1tit je\u0161t\u011b d\u00e1le.\u00a0Nap\u0159\u00edklad v roce 2014 byl prorusk\u00fd prezident sesazen p\u0159i pu\u010di \u0159\u00edzen\u00e9m USA.<\/span><\/p>\n<p><span>Lze se tak\u00e9 ohl\u00e9dnout do roku 2008, kdy prezident George W. Bush na summitu NATO v Bukure\u0161ti prosazoval roz\u0161\u00ed\u0159en\u00ed NATO o Ukrajinu a Gruzii.<\/span><\/p>\n<figure class=\"wp-block-embed is-type-video is-provider-youtube wp-block-embed-youtube wp-embed-aspect-16-9 wp-has-aspect-ratio\">\n<div class=\"wp-block-embed__wrapper\"><iframe loading=\"lazy\" title=\"Jeffrey Sachs: NATO je nejv\u011bt\u0161\u00ed hrozbou m\u00edru na Ukrajin\u011b\" src=\"https:\/\/www.youtube.com\/embed\/qheHrJPeLu8?feature=oembed\" width=\"800\" height=\"450\" frameborder=\"0\" allowfullscreen=\"allowfullscreen\" data-mce-fragment=\"1\"><\/iframe><\/div>\n<\/figure>\n<p><span>Dokonce se lze vr\u00e1tit do roku 1990, kdy USA a N\u011bmecko sl\u00edbily prezidentu Michailu Gorba\u010dovovi, \u017ee NATO se nepohne ani o p\u00ed\u010f na v\u00fdchod.<\/span><\/p>\n<p><span>R\u00e9torika v z\u00e1padn\u00edch mainstreamov\u00fdch m\u00e9di\u00edch, \u017ee pro tuto v\u00e1lku neexistuje \u017e\u00e1dn\u00fd d\u016fvod, je zcela nespr\u00e1vn\u00e1, tvrdil Sachs.<\/span><\/p>\n<p><span>Pouk\u00e1zal na to, \u017ee USA udr\u017euj\u00ed 800 arm\u00e1dn\u00edch z\u00e1kladen v 80 zem\u00edch.\u00a0\u201eAmeri\u010dt\u00ed politici jsou r\u00e1di v\u0161ude.\u00a0Chcete se zapojit do v\u0161eho.\u00a0Cht\u011bj\u00ed se ujistit, \u017ee ka\u017ed\u00e1 vl\u00e1da sleduje z\u00e1jmy USA, a kdy\u017e tomu tak nen\u00ed, \u010dasto tyto vl\u00e1dy eliminuj\u00ed.<\/span><\/p>\n<p><span>Tak\u017ee tohle se d\u011bje u\u017e dlouho, \u0159ekl profesor Sachs.<\/span><\/p>\n<p><span>Byl ekonomick\u00fdm poradcem prezidenta Jelcina a cht\u011bl za\u0159\u00eddit finan\u010dn\u00ed pomoc, ale brzy zjistil, \u017ee B\u00edl\u00fd d\u016fm se tomu zdr\u00e1h\u00e1.\u00a0Pokud existuj\u00ed mocn\u00e9 zem\u011b mimo NATO, jsou zobrazov\u00e1ny jako nep\u0159\u00e1tel\u00e9, \u0159ekl Sachs.<\/span><\/p>\n<p><span>U\u017e 30 let Rusko nal\u00e9h\u00e1 na NATO, aby zastavilo expanzi na v\u00fdchod.\u00a0\u0158\u00edk\u00e1te si obrann\u00e1 aliance, ale my to tak nevid\u00edme, proto\u017ee vid\u00edme, kolikr\u00e1t jste svrhli vl\u00e1dy.\u00a0Dr\u017ete se pros\u00edm daleko od na\u0161ich hranic.\u00a0Bylo n\u00e1m to jedno, \u0159ekl profesor Sachs a zd\u016fraznil, \u017ee v\u00e1lka nen\u00ed v\u00fdsledkem rusk\u00e9 agrese.<\/span><\/p>\n<p><img decoding=\"async\" loading=\"lazy\" class=\"alignnone size-full wp-image-1185\" src=\"http:\/\/www.infokuryr.cz\/n\/wp-content\/uploads\/2021\/04\/kuryr-podpis.png\" alt=\"\" width=\"84\" height=\"24\" \/><\/p>\n<p>&nbsp;<\/p>\n<p><img decoding=\"async\" loading=\"lazy\" class=\"wp-image-19187 aligncenter\" src=\"http:\/\/www.infokuryr.cz\/n\/wp-content\/uploads\/2022\/12\/1-PRO-300x36.jpg\" alt=\"\" width=\"1242\" height=\"149\" srcset=\"https:\/\/www.infokuryr.cz\/n\/wp-content\/uploads\/2022\/12\/1-PRO-300x36.jpg 300w, https:\/\/www.infokuryr.cz\/n\/wp-content\/uploads\/2022\/12\/1-PRO.jpg 699w\" sizes=\"(max-width: 1242px) 100vw, 1242px\" \/><\/p>\n<p>&nbsp;<\/p>\n<p>&nbsp;<\/p>\n","protected":false},"excerpt":{"rendered":"<p>Prezident Putin p\u0159ed rokem vyzval k zastaven\u00ed roz\u0161i\u0159ov\u00e1n\u00ed NATO.\u00a0Necht\u011bl, aby v Gruzii a na Ukrajin\u011b&#8230;<\/p>\n","protected":false},"author":2,"featured_media":20691,"comment_status":"closed","ping_status":"closed","sticky":false,"template":"","format":"standard","meta":[],"categories":[7],"tags":[39,22,40],"_links":{"self":[{"href":"https:\/\/www.infokuryr.cz\/n\/wp-json\/wp\/v2\/posts\/20690"}],"collection":[{"href":"https:\/\/www.infokuryr.cz\/n\/wp-json\/wp\/v2\/posts"}],"about":[{"href":"https:\/\/www.infokuryr.cz\/n\/wp-json\/wp\/v2\/types\/post"}],"author":[{"embeddable":true,"href":"https:\/\/www.infokuryr.cz\/n\/wp-json\/wp\/v2\/users\/2"}],"replies":[{"embeddable":true,"href":"https:\/\/www.infokuryr.cz\/n\/wp-json\/wp\/v2\/comments?post=20690"}],"version-history":[{"count":1,"href":"https:\/\/www.infokuryr.cz\/n\/wp-json\/wp\/v2\/posts\/20690\/revisions"}],"predecessor-version":[{"id":20692,"href":"https:\/\/www.infokuryr.cz\/n\/wp-json\/wp\/v2\/posts\/20690\/revisions\/20692"}],"wp:featuredmedia":[{"embeddable":true,"href":"https:\/\/www.infokuryr.cz\/n\/wp-json\/wp\/v2\/media\/20691"}],"wp:attachment":[{"href":"https:\/\/www.infokuryr.cz\/n\/wp-json\/wp\/v2\/media?parent=20690"}],"wp:term":[{"taxonomy":"category","embeddable":true,"href":"https:\/\/www.infokuryr.cz\/n\/wp-json\/wp\/v2\/categories?post=20690"},{"taxonomy":"post_tag","embeddable":true,"href":"https:\/\/www.infokuryr.cz\/n\/wp-json\/wp\/v2\/tags?post=20690"}],"curies":[{"name":"wp","href":"https:\/\/api.w.org\/{rel}","templated":true}]}}