{"id":20641,"date":"2023-01-03T00:59:23","date_gmt":"2023-01-02T23:59:23","guid":{"rendered":"http:\/\/www.infokuryr.cz\/n\/?p=20641"},"modified":"2023-01-02T14:24:24","modified_gmt":"2023-01-02T13:24:24","slug":"nedelnik-adama-b-bartose-115-novorocni","status":"publish","type":"post","link":"https:\/\/www.infokuryr.cz\/n\/2023\/01\/03\/nedelnik-adama-b-bartose-115-novorocni\/","title":{"rendered":"NED\u011aLN\u00cdK ADAMA B. BARTO\u0160E (115) NOVORO\u010cN\u00cd"},"content":{"rendered":"<div id=\"fb-root\"><\/div>\n<p>V\u00e1\u017een\u00e9 a mil\u00e9 \u010dten\u00e1\u0159ky, v\u00e1\u017een\u00ed a mil\u00ed \u010dten\u00e1\u0159i m\u00fdch ned\u011bln\u00edk\u016f. V posledn\u00edm roce se u mne rozmohl takov\u00fd ne\u0161var \u2013 ned\u011bln\u00edk jsem v\u00e1m serv\u00edroval a\u017e v pond\u011bl\u00ed a n\u011bkdy se stalo, \u017ee dokonce a\u017e v noci z pond\u011bl\u00ed na \u00fater\u00fd. Sp\u00ed\u0161e by se mohl jmenovat pond\u011bln\u00edk, ale beru si na nov\u00fd rok p\u0159edsevzet\u00ed, \u017ee ho vr\u00e1t\u00edm do dne, po kter\u00e9m jsem jej nazval. Dne\u0161ek je dobrou p\u0159\u00edle\u017eitost\u00ed s t\u00edm za\u010d\u00edt, proto\u017ee je ned\u011ble 1. ledna a politici v\u00e1m budou serv\u00edrovat plno novoro\u010dn\u00edch \u017ev\u00e1st\u016f. Chci v\u00e1m k nim nab\u00eddnout alternativu\u2026<span id=\"more-13339\"><\/span><\/p>\n<p>Posledn\u00ed dobou jsme si zvykli, \u017ee se do ka\u017ed\u00e9ho dal\u0161\u00edho roku d\u00edv\u00e1me s je\u0161t\u011b v\u011bt\u0161\u00edmi obavami, ne\u017e s jak\u00fdmi jsme se d\u00edvali na ten p\u0159edchoz\u00ed. Nemysl\u00edm, \u017ee by tomu letos bylo jinak. Globalist\u00e9 se sna\u017e\u00ed usp\u00ed\u0161it svoji agendu a zat\u00edm se jim to pom\u011brn\u011b da\u0159\u00ed. D\u016fsledky jejich pl\u00e1n\u016f a realizace jejich pl\u00e1n\u016f poci\u0165ujeme na sv\u00fdch \u017eivotech pom\u011brn\u011b hmatateln\u011b \u2013 a rok co rok hmatateln\u011bji\u2026<\/p>\n<p>Jejich snahy jsou dokonce tak p\u0159ekotn\u00e9, \u017ee ka\u017ed\u00fd dal\u0161\u00ed rok p\u0159ich\u00e1z\u00ed jejich \u00fader z ne\u010dekan\u00fdch stran, tak\u017ee i kdy\u017e \u010dek\u00e1me \u201ejen to nejhor\u0161\u00ed\u201c, p\u0159esto jsme nakonec p\u0159ekvapeni, proto\u017ee je n\u00e1m naserv\u00edrov\u00e1no n\u011bco je\u0161t\u011b mnohem hor\u0161\u00edho.<\/p>\n<p>Koho by napadlo na sklonku roku 2019, \u017ee se v roce 2020 budeme b\u00e1t covidu? A kdy\u017e to pak na ja\u0159e skute\u010dn\u011b p\u0159i\u0161lo, ke konci roku 2020 u\u017e to nebyl covid, \u010deho jsme se b\u00e1li, ale vl\u00e1dn\u00ed opat\u0159en\u00ed proti n\u011bmu. Tehdy to byly hlavn\u011b lockdowny a nesmysln\u00e9 rou\u0161ky, zat\u00edmco rok 2021 byl zase ve znamen\u00ed \u2013 tehdy je\u0161t\u011b form\u00e1ln\u011b nepovinn\u00e9ho \u2013 te\u010dkov\u00e1n\u00ed, ve skute\u010dnosti v\u0161ak ohromn\u00e9ho tlaku na v\u0161echny, aby se nechali ote\u010dkovat dobrovoln\u011b, proto\u017ee kdy\u017e to nep\u016fjde po dobr\u00e9m, p\u016fjde to pr\u00fd po zl\u00e9m. Dodnes pova\u017euji za trag\u00e9dii, \u017ee v\u011bt\u0161ina n\u00e1roda se stala pokusn\u00fdmi kr\u00e1l\u00edky a je\u0161t\u011b u toho vrn\u011bla blahem. V\u0161ichni jsme p\u0159ed rokem (tedy na za\u010d\u00e1tku roku 2022) o\u010dek\u00e1vali p\u0159itvrzen\u00ed, proto\u017ee se m\u011blo za\u010d\u00edt o\u010dkovat povinn\u011b ve vybran\u00fdch profes\u00edch \u010di v\u011bkov\u00fdch kategori\u00edch. Jenom\u017ee covid porazil Vladim\u00edr Vladim\u00edrovi\u010d \u2013 od chv\u00edle, kdy za\u010dal speci\u00e1ln\u00ed vojenskou operaci, zmizel covid a zmizelo i o\u010dkov\u00e1n\u00ed. Ale zase p\u0159i\u0161la drahota, p\u0159i\u0161la cenzura, p\u0159i\u0161la energetick\u00e1 krize. V zemi dnes \u00fadajn\u011b panuje ch\u0159ipkov\u00e1 epidemie, p\u016flka n\u00e1roda marodila nebo marod\u00ed, ale nikdo po n\u00e1s najednou nevy\u017eaduje nic, co p\u0159ed dv\u011bma lety. Bohu d\u00edky za to, ale je tomu jedin\u011b proto, \u017ee dnes globalist\u00e9 tla\u010d\u00ed jinou agendu a v tom roce, kter\u00fd pr\u00e1v\u011b za\u010dal, budou tla\u010dit zase jinou. A to \u2013 tato nejistota, odkud p\u0159ijde dal\u0161\u00ed jejich \u00fader \u2013 n\u00e1m na klidu tak\u00e9 nep\u0159id\u00e1\u2026<\/p>\n<p>Ka\u017ed\u00fd z n\u00e1s nyn\u00ed \u0159e\u0161\u00ed energie a v\u00edme, \u017ee je budeme \u0159e\u0161it hlavn\u011b v roce 2022, proto\u017ee teprve te\u010f se mnoh\u00fdm z n\u00e1s z\u00e1lohy zvedly a teprve v nov\u00e9m roce uvid\u00edme, jak si s t\u00edm jako jednotlivci a jako celek porad\u00edme. P\u0159esto si mysl\u00edm, \u017ee to zdaleka nemus\u00ed b\u00fdt to nejhor\u0161\u00ed, co se n\u00e1m m\u016f\u017ee st\u00e1t. Osobn\u011b se domn\u00edv\u00e1m, \u017ee velk\u00e9 t\u00e9ma bude i nad\u00e1le v\u00e1lka na Ukrajin\u011b, nebezpe\u010d\u00ed jej\u00ed eskalace, nebezpe\u010d\u00ed jadern\u00e9ho konflitku a nebezpe\u010d\u00ed mobilizace. Vypad\u00e1 to, \u017ee k tomu v\u0161e sm\u011b\u0159uje, respektive ned\u011bje se nic, co by n\u00e1s od t\u011bchto hrozeb vzdalovalo, ba naopak. Pr\u00e1v\u011b proto, \u017ee konflikt nebyl vy\u0159e\u0161en minul\u00fd rok, hroz\u00ed, \u017ee se stane konfliktem dlouhodob\u00fdm, vlekl\u00fdm \u2013 stane se opot\u0159ebov\u00e1vac\u00ed v\u00e1lkou se v\u0161emi negativn\u00edmi d\u016fsledky, kter\u00e9 to m\u016f\u017ee m\u00edt, nebo \u2013 a to je je\u0161t\u011b hor\u0161\u00ed varianta \u2013 bude snaha ho n\u011bjak akcelerovat, co\u017e m\u016f\u017ee m\u00edt n\u00e1sledky je\u0161t\u011b hroziv\u011bj\u0161\u00ed, je\u0161t\u011b ni\u010div\u011bj\u0161\u00ed. V\u00e1lka samoz\u0159ejm\u011b m\u016f\u017ee b\u00fdt ukon\u010dena i m\u00edrem, ale zat\u00edm nen\u00ed po m\u00edru popt\u00e1vka. Na\u0161e vl\u00e1da se naopak chov\u00e1 tak, jako kdyby m\u00edr byl sprost\u00e9 slovo a bylo pot\u0159eba za ka\u017edou cenu zma\u0159it co nejv\u00edce \u017eivot\u016f.<\/p>\n<p>Osobn\u011b si proto p\u0159eji, aby n\u00e1s nov\u00fd rok nezasko\u010dil t\u00edm, \u017ee bychom snad m\u00edsto slo\u017eenek museli \u0159e\u0161it i rukov\u00e1n\u00ed na vojnu, ztr\u00e1tu sv\u00fdch bl\u00edzk\u00fdch \u010di dokonce \u2013 jadernou v\u00fdm\u011bnu mezi Z\u00e1padem a Ruskem.<\/p>\n<p>I kdy\u017e v\u0161echny v\u00fd\u0161e zm\u00edn\u011bn\u00e9 hrozby \u2013 covidov\u00e1 totalita, energetick\u00e1 krize, v\u00e1lka apod. \u2013 maj\u00ed co do \u010din\u011bn\u00ed s globalisty a jejich pl\u00e1ny na nov\u00fd sv\u011btov\u00fd \u0159\u00e1d, d\u00e1 se proti nim mnoh\u00e9 ud\u011blat i na n\u00e1rodn\u00ed \u00farovni. Pr\u00e1v\u011b t\u00edm, \u017ee tyto pl\u00e1ny globalist\u016f odm\u00edtneme a budeme h\u00e1jit jen a pouze z\u00e1jmy n\u00e1rodn\u00ed, z\u00e1jmy na\u0161e vlastn\u00ed, m\u016f\u017eeme se na n\u00e1rodn\u00ed \u00farovni p\u0159ed mnoha nebezpe\u010d\u00edmi uchr\u00e1nit. I p\u0159es ve\u0161kerou skepsi jsem p\u0159esv\u011bd\u010den, \u017ee existovala-li by politick\u00e1 v\u016fle, m\u016f\u017eeme se vyhnout v\u0161emu, m\u016f\u017eeme v\u0161e vy\u0159e\u0161it, v\u0161emu p\u0159edej\u00edt, v\u0161echno zvl\u00e1dnout.<\/p>\n<p>Probl\u00e9m je, \u017ee zat\u00edm nen\u00ed ona politick\u00e1 v\u016fle a nen\u00ed dokonce ani \u2013 natolik zjevn\u00e1 \u2013 v\u016fle lidu, aby tu v\u016fli politickou korigovala. Bohu\u017eel nevid\u00edm, \u017ee by zde byla velk\u00e1 popt\u00e1vka po tom, vym\u011bnit neschopnou (v\u0161ehoschopnou) vl\u00e1du nebo sp\u00ed\u0161e, co\u017e by bylo mnohem pot\u0159ebn\u011bj\u0161\u00ed, rovnou cel\u00fd polistopadov\u00fd re\u017eim. Vzniklo-li by takov\u00e9 spont\u00e1nn\u00ed hnut\u00ed v nov\u00e9m roce, bylo by to p\u0159\u00edjemn\u00e9 p\u0159ekvapen\u00ed, zat\u00edm tomu ale nic nenasv\u011bd\u010duje. Dokonce ani prezidentsk\u00e9 volby, kter\u00e9 n\u00e1s \u010dekaj\u00ed v lednu, nesk\u00fdtaj\u00ed v tomto smyslu \u017e\u00e1dnou velkou nad\u011bji. Re\u00e1ln\u011b hroz\u00ed, \u017ee P\u011btikoalice z\u00edsk\u00e1 i prezidenta a spolu s n\u00edm \u00dastavn\u00ed soud, co\u017e by znamenalo t\u00e9m\u011b\u0159 orb\u00e1novsk\u00e9 zabetonov\u00e1n\u00ed pozic, jen s opa\u010dn\u00fdm znam\u00e9nkem: tedy ne pos\u00edlen\u00ed n\u00e1roda a jeho sv\u00e9bytnosti (jako v Ma\u010farsku), ale pos\u00edlen\u00ed soro\u0161ovsk\u00fdch sil, tedy t\u011bch, kte\u0159\u00ed cht\u011bj\u00ed n\u00e1rodu \/ n\u00e1rod\u016fm co nejv\u00edce ubl\u00ed\u017eit\u2026<\/p>\n<p>I proto jsem se rozhodl v prvn\u00edm kole \u2013 i p\u0159es mnoh\u00e9 v\u00fdhrady \u2013 volit Jaroslava Ba\u0161tu, i kdy\u017e v\u00edm, \u017ee je to risk a \u017ee budu dokonce mo\u017en\u00e1, jako voli\u010d, oklam\u00e1n. Ale k prezidentsk\u00e9 volb\u011b se vr\u00e1t\u00edm p\u0159\u00ed\u0161t\u011b.<\/p>\n<p>Lze tedy od nov\u00e9ho roku \u010dekat n\u011bco dobr\u00e9ho? Nepochybn\u011b. D\u00edl\u010d\u00ed radosti, d\u00edl\u010d\u00ed \u00fasp\u011bchy a d\u00edl\u010d\u00ed osobn\u00ed a rodinn\u00e1 v\u00edt\u011bzstv\u00ed n\u00e1s \u010dekaj\u00ed nez\u00e1visle na sv\u011btov\u00fdch ud\u00e1lostech, nez\u00e1visle na vl\u00e1d\u011b, nebo sp\u00ed\u0161e, abychom byli p\u0159esn\u011bj\u0161\u00ed, vl\u00e1d\u011b navzdory. Dokonce i z velk\u00e9 \u010d\u00e1sti plat\u00ed, \u017ee \u201ejak\u00e9 si to ud\u011bl\u00e1me, takov\u00e9 to budeme m\u00edt\u201c. M\u016f\u017eeme se p\u0159ipravit na krizi, abychom j\u00ed byli co mo\u017en\u00e1 nejm\u00e9n\u011b zasko\u010deni. M\u016f\u017eeme ignorovat m\u00e9dia a \u017e\u00edt si vlastn\u00edm \u017eivotem, v jak\u00e9si vnit\u0159n\u00ed emigraci a nepochybuji o tom, \u017ee v n\u00ed m\u016f\u017eeme b\u00fdt \u0161\u0165astn\u00ed. M\u016f\u017eeme se v\u00edce zam\u011b\u0159it na rodinu, na kon\u00ed\u010dky, nebo t\u0159eba na pr\u00e1ci, na byznys. Na vztahy, na p\u0159\u00e1tele a podobn\u011b. A m\u016f\u017eeme pro\u017e\u00edt docela spokojen\u00fd rok 2023\u2026<\/p>\n<p>Ke skute\u010dn\u00e9mu \u0161t\u011bst\u00ed a skute\u010dn\u00e9 spokojenosti v\u0161ak budeme m\u00edt daleko, nevy\u0159e\u0161\u00edme-li, co n\u00e1s tr\u00e1p\u00ed: nech\u00e1me-li u moci vl\u00e1du, kter\u00e1 n\u00e1s o\u017eebra\u010duje, kter\u00e1 n\u00e1s \u017eene do v\u00e1lky, kter\u00e1 n\u00e1m bere na\u0161e svobody. Sv\u011btov\u00e9 globalisty neporaz\u00edme, ale H\u0148upa vyhnat m\u016f\u017eeme. A aby H\u0148up nebyl vyst\u0159\u00edd\u00e1n jen o trochu jin\u00fdm H\u0148upem, proto je pot\u0159eba p\u0159i t\u00e9 v\u00fdm\u011bn\u011b vl\u00e1dy vym\u011bnit rovnou i cel\u00fd ten re\u017eim, jak tu v\u017edy opakuji. Bez ohledu na to, zda se to v roce 2022 poda\u0159\u00ed, \u010di nikoli, zd\u00e1 se, \u017ee je to \u2013 z hlediska n\u00e1rodn\u00ed strategie \u2013 nutnost, kter\u00e1 ji p\u0159edur\u010duje, aby se stala v\u00fdzvou pro nov\u00fd rok. Aby se stala na\u0161\u00edm p\u0159\u00e1n\u00edm pro nov\u00fd rok. Aby se stala na\u0161\u00edm p\u0159edsevzet\u00edm pro nov\u00fd rok.<\/p>\n<p>Do nov\u00e9ho roku si proto pro v\u00e1s (ale i pro sebe a sv\u00e9 bl\u00edzk\u00e9) nep\u0159eji nic jin\u00e9ho, ne\u017e abychom bez \u00fajmy p\u0159e\u017eili v\u0161echny satansk\u00e9 pl\u00e1ny globalistick\u00fdch kmotr\u016f a jejich n\u00e1rodn\u00edch posluhova\u010d\u016f: abychom byli \u017eivi a zdr\u00e1vi a abychom nestr\u00e1dali, aby se n\u00e1m \u017eilo dob\u0159e. Kdy\u017e se od materi\u00e1ln\u00edch v\u011bc\u00ed trochu odprost\u00edme a za\u010dneme si v\u0161\u00edmat d\u0159\u00edve opovrhovan\u00fdch hodnot, nebude to na \u0161kodu, ba naopak, ale nem\u011blo by to b\u00fdt nijak vynucen\u00e9 \u2013 m\u011bli bychom na to p\u0159ij\u00edt sami. A nem\u011bli bychom si nechat nakukat zase opa\u010dn\u00fd extr\u00e9m: \u017ee kdy\u017e pr\u00fd nebudeme nic vlastnit (na \u010dem\u017e se te\u010f hore\u010dn\u011b pracuje), \u017ee pr\u00fd budeme \u0161\u0165astn\u00ed. Mysl\u00edm, \u017ee pokud to po n\u00e1s n\u011bkdo vy\u017eaduje, m\u011bl by n\u00e1m j\u00edt s\u00e1m p\u0159\u00edkladem. A pokud se tito \u201emesi\u00e1\u0161ov\u00e9\u201c velk\u00e9ho resetu sami nevzdaj\u00ed sv\u00fdch honosn\u00fdch s\u00eddel, sv\u00fdch jachet, sv\u00e9ho luxusu, sv\u00fdch bankovn\u00edch kont, sv\u00e9ho zlata a j\u00e1 nev\u00edm, co v\u0161e si nakradli \u2013 nep\u0159istupujme ani my o p\u00ed\u010f na jejich n\u00e1vrhy. Nenechme si vz\u00edt nic z toho, co n\u00e1m vz\u00edt cht\u011bj\u00ed \u2013 auta, stejky, domovy, \u00faspory, n\u00e1\u0161 \u017eivotn\u00ed standard, na\u0161e jistoty, na\u0161e svobody. Vzka\u017eme jim toto: pokud toho nenech\u00e1te, budete to vy, co nebudete nic vlastnit. A my budeme \u0161\u0165astn\u00ed\u2026<\/p>\n<p>Ale hlavn\u011b: nenechme si vz\u00edt na\u0161e \u017eivoty. Proto nesm\u00edme nikdy dopustit, aby se na\u0161e zem\u011b zapojila do v\u00e1lky na Ukrajin\u011b. Nesm\u00edme nad\u00e1le tolerovat bezpe\u010dnostn\u00ed rizika, kter\u00e9 pro n\u00e1s p\u0159edstavuj\u00ed zahrani\u010dn\u011b-politick\u00e9 kroky vl\u00e1dy a jej\u00ed diplomatick\u00e1, ekonomick\u00e1 a vojensk\u00e1 podpora v\u00e1lky. Mus\u00edme za ka\u017edou cenu zabr\u00e1nit tomu, aby n\u00e1s z\u00e1padn\u00ed mocnosti vman\u00e9vrovaly a vmanipulovaly do p\u0159\u00edm\u00e9ho zapojen\u00ed do bojov\u00fdch operac\u00ed. Mus\u00edme zabr\u00e1nit p\u0159\u00edpadn\u00e9 mobilizaci a nasazen\u00ed na\u0161ich \u017eivot\u016f v t\u00e9to z\u00e1stupn\u00e9 v\u00e1lce USA. I kdy\u017e to dnes m\u00e1lokdo \u2013 krom\u011b n\u00e1s, oby\u010dejn\u00fdch lid\u00ed \u2013 chce sly\u0161et, mus\u00edme v\u0161emi prost\u0159edky usilovat o m\u00edr. Tady nejde o n\u011bjak\u00fd pacifismus, o n\u011bjak\u00e9 slabo\u0161stv\u00ed. Touto v\u00e1lkou nem\u016f\u017eeme nic z\u00edskat, ale m\u016f\u017eeme p\u0159ij\u00edt o v\u0161e. A H\u0148up mus\u00ed b\u00fdt konfrontov\u00e1n s t\u00edm, \u017ee my to v\u00edme, \u017ee my na tom trv\u00e1me a \u017ee p\u0159es to nejede vlak\u2026<\/p>\n<p>To je m\u00e9 novoro\u010dn\u00ed poselstv\u00ed.<\/p>\n<p>N\u00e1rodu zdar, jeho \u0161k\u016fdc\u016fm zmar!<\/p>\n<p><em>Adam B. Barto\u0161<\/em><br \/>\n<em>p\u0159edseda N\u00e1rodn\u00ed demokracie<\/em><\/p>\n<p><img decoding=\"async\" loading=\"lazy\" class=\"alignnone size-full wp-image-678\" src=\"http:\/\/www.infokuryr.cz\/n\/wp-content\/uploads\/2021\/04\/narodni_demokracie_logo.jpg\" alt=\"\" width=\"300\" height=\"85\" \/><\/p>\n<p>&nbsp;<\/p>\n<p>_____________________________<\/p>\n<p><img decoding=\"async\" loading=\"lazy\" class=\"wp-image-19187 aligncenter\" src=\"http:\/\/www.infokuryr.cz\/n\/wp-content\/uploads\/2022\/12\/1-PRO-300x36.jpg\" alt=\"\" width=\"1275\" height=\"153\" srcset=\"https:\/\/www.infokuryr.cz\/n\/wp-content\/uploads\/2022\/12\/1-PRO-300x36.jpg 300w, https:\/\/www.infokuryr.cz\/n\/wp-content\/uploads\/2022\/12\/1-PRO.jpg 699w\" sizes=\"(max-width: 1275px) 100vw, 1275px\" \/><\/p>\n<p>&nbsp;<\/p>\n","protected":false},"excerpt":{"rendered":"<p>V\u00e1\u017een\u00e9 a mil\u00e9 \u010dten\u00e1\u0159ky, v\u00e1\u017een\u00ed a mil\u00ed \u010dten\u00e1\u0159i m\u00fdch ned\u011bln\u00edk\u016f. V posledn\u00edm roce se u&#8230;<\/p>\n","protected":false},"author":2,"featured_media":20642,"comment_status":"closed","ping_status":"closed","sticky":false,"template":"","format":"standard","meta":[],"categories":[6],"tags":[367,29,85],"_links":{"self":[{"href":"https:\/\/www.infokuryr.cz\/n\/wp-json\/wp\/v2\/posts\/20641"}],"collection":[{"href":"https:\/\/www.infokuryr.cz\/n\/wp-json\/wp\/v2\/posts"}],"about":[{"href":"https:\/\/www.infokuryr.cz\/n\/wp-json\/wp\/v2\/types\/post"}],"author":[{"embeddable":true,"href":"https:\/\/www.infokuryr.cz\/n\/wp-json\/wp\/v2\/users\/2"}],"replies":[{"embeddable":true,"href":"https:\/\/www.infokuryr.cz\/n\/wp-json\/wp\/v2\/comments?post=20641"}],"version-history":[{"count":0,"href":"https:\/\/www.infokuryr.cz\/n\/wp-json\/wp\/v2\/posts\/20641\/revisions"}],"wp:featuredmedia":[{"embeddable":true,"href":"https:\/\/www.infokuryr.cz\/n\/wp-json\/wp\/v2\/media\/20642"}],"wp:attachment":[{"href":"https:\/\/www.infokuryr.cz\/n\/wp-json\/wp\/v2\/media?parent=20641"}],"wp:term":[{"taxonomy":"category","embeddable":true,"href":"https:\/\/www.infokuryr.cz\/n\/wp-json\/wp\/v2\/categories?post=20641"},{"taxonomy":"post_tag","embeddable":true,"href":"https:\/\/www.infokuryr.cz\/n\/wp-json\/wp\/v2\/tags?post=20641"}],"curies":[{"name":"wp","href":"https:\/\/api.w.org\/{rel}","templated":true}]}}