{"id":2062,"date":"2021-05-29T05:04:04","date_gmt":"2021-05-29T03:04:04","guid":{"rendered":"http:\/\/www.infokuryr.cz\/n\/?p=2062"},"modified":"2021-05-29T05:04:04","modified_gmt":"2021-05-29T03:04:04","slug":"10-imigrantu-na-kanarech-jsou-nezletilci","status":"publish","type":"post","link":"https:\/\/www.infokuryr.cz\/n\/2021\/05\/29\/10-imigrantu-na-kanarech-jsou-nezletilci\/","title":{"rendered":"10% imigrant\u016f na Kan\u00e1rech jsou nezletilci"},"content":{"rendered":"<div id=\"fb-root\"><\/div>\n<p>S imigranty p\u0159iplouvaj\u00edc\u00edmi na Kan\u00e1ry se v posledn\u00ed dob\u011b roztrhl pytel. Od za\u010d\u00e1tku minul\u00e9ho roku jich \u0161pan\u011blsk\u00e9 \u00fa\u0159ady napo\u010d\u00edtaly cca 27.500. A v\u00edce ne\u017e 10% z nich jsou nezletilci, \u010di \u010deskou imigra\u010dn\u00ed hant\u00fdrkou &#8211; sirotci. T\u011bch \u00fa\u0159ady napo\u010d\u00edtaly p\u0159es 2.800.<\/p>\n<p>Sirotky tud\u00ed\u017e nen\u00ed pot\u0159eba dov\u00e1\u017eet, jak ve\u0159ejnosti klamav\u011b sugeruj\u00ed jist\u00e9 \u010desk\u00e9 politick\u00e9 kruhy, kter\u00e9 tomu rozum\u00ed jako koza petr\u017eeli. P\u0159iplouvaj\u00ed sami, a\u017e z toho maj\u00ed \u0161pan\u011blsk\u00e9 \u00fa\u0159ady hlavu v pejru.<\/p>\n<p><a href=\"https:\/\/observador.pt\/2021\/05\/27\/um-em-cada-10-migrantes-que-chegam-as-canarias-e-menor-e-esta-sozinho\/\">ZDROJ<\/a><\/p>\n<p>&nbsp;<\/p>\n","protected":false},"excerpt":{"rendered":"<p>S imigranty p\u0159iplouvaj\u00edc\u00edmi na Kan\u00e1ry se v posledn\u00ed dob\u011b roztrhl pytel. Od za\u010d\u00e1tku minul\u00e9ho roku&#8230;<\/p>\n","protected":false},"author":2,"featured_media":1990,"comment_status":"closed","ping_status":"closed","sticky":false,"template":"","format":"standard","meta":[],"categories":[7],"tags":[119],"_links":{"self":[{"href":"https:\/\/www.infokuryr.cz\/n\/wp-json\/wp\/v2\/posts\/2062"}],"collection":[{"href":"https:\/\/www.infokuryr.cz\/n\/wp-json\/wp\/v2\/posts"}],"about":[{"href":"https:\/\/www.infokuryr.cz\/n\/wp-json\/wp\/v2\/types\/post"}],"author":[{"embeddable":true,"href":"https:\/\/www.infokuryr.cz\/n\/wp-json\/wp\/v2\/users\/2"}],"replies":[{"embeddable":true,"href":"https:\/\/www.infokuryr.cz\/n\/wp-json\/wp\/v2\/comments?post=2062"}],"version-history":[{"count":0,"href":"https:\/\/www.infokuryr.cz\/n\/wp-json\/wp\/v2\/posts\/2062\/revisions"}],"wp:featuredmedia":[{"embeddable":true,"href":"https:\/\/www.infokuryr.cz\/n\/wp-json\/wp\/v2\/media\/1990"}],"wp:attachment":[{"href":"https:\/\/www.infokuryr.cz\/n\/wp-json\/wp\/v2\/media?parent=2062"}],"wp:term":[{"taxonomy":"category","embeddable":true,"href":"https:\/\/www.infokuryr.cz\/n\/wp-json\/wp\/v2\/categories?post=2062"},{"taxonomy":"post_tag","embeddable":true,"href":"https:\/\/www.infokuryr.cz\/n\/wp-json\/wp\/v2\/tags?post=2062"}],"curies":[{"name":"wp","href":"https:\/\/api.w.org\/{rel}","templated":true}]}}