{"id":2061,"date":"2021-05-29T04:54:43","date_gmt":"2021-05-29T02:54:43","guid":{"rendered":"http:\/\/www.infokuryr.cz\/n\/?p=2061"},"modified":"2021-05-29T04:54:43","modified_gmt":"2021-05-29T02:54:43","slug":"dalsi-pobodana-policistka","status":"publish","type":"post","link":"https:\/\/www.infokuryr.cz\/n\/2021\/05\/29\/dalsi-pobodana-policistka\/","title":{"rendered":"Dal\u0161\u00ed  pobodan\u00e1 policistka !"},"content":{"rendered":"<div id=\"fb-root\"><\/div>\n<p>Ve Francii byla v p\u00e1tek pobod\u00e1na dal\u0161\u00ed policistka. Dopoledne pachatel ve\u0161el do policejn\u00ed slu\u017eebny v La Chapelle-sur-Erdre, no\u017eem zasadil policistce n\u011bkolik ran, sebral ji slu\u017eebn\u00ed pistoli a utekl.<\/p>\n<p>Okam\u017eit\u011b byl povol\u00e1n p\u00e1trac\u00ed vrtuln\u00edk, psovodi, rozjela se cel\u00e1 st\u00edhac\u00ed ma\u0161in\u00e9rie o 250 policistech a p\u00e1trac\u00ed techniky, \u0161koly byly preventivn\u011b zav\u0159eny, obyvatel\u00e9 vyzv\u00e1ni nevych\u00e1zet. Po p\u0159est\u0159elce, ve kter\u00e9 byli zran\u011bni dal\u0161\u00ed t\u0159i policist\u00e9 i pachatel, kter\u00fd posl\u00e9ze sv\u00fdm zran\u011bn\u00edm podlehl. Pobodan\u00e1 policistka je ve v\u00e1\u017en\u00e9m stavu.<\/p>\n<p>Marine Le Penov\u00e1 odsoudila tuto barbarii a vyzvala k boji s n\u00ed a odm\u00edtla si na ni zvykat.<\/p>\n<p>Modus operandi nasv\u011bd\u010duje, \u017ee pachatel je imigrant. M\u00e9dia to zat\u00edm obch\u00e1z\u00ed. Tak uvid\u00edme, co z nich vypadne.<\/p>\n<p>Aktualizace: u\u017e to z nich leze &#8211; Le Parisien p\u00ed\u0161e o pachatelov\u011b radikalizaci a n\u00e1bo\u017eenskosti a rigor\u00f3zn\u011b praktikovan\u00e9mu isl\u00e1mu. Kdo to asi byl..? Jeho jm\u00e9no zn\u00ed africky: Ngiada Dieye&#8230;<\/p>\n<p>Policejn\u00ed odbory se znovu dom\u00e1haj\u00ed zv\u00fd\u0161en\u00ed bezpe\u010dnosti pr\u00e1ce policist\u016f.<\/p>\n<p>Marine Le Pen op\u011bt twittuje: &#8222;Jak mohlo individuum zn\u00e1m\u00e9 radikalizac\u00ed a t\u00edm, \u017ee cht\u011blo \u00fato\u010dit na policisty, chodit voln\u011b po sv\u011bt\u011b, aby \u0161kodilo? Na tuto netolerovatelnou situaci by te\u010f vl\u00e1da m\u011bla d\u00e1t odpov\u011b\u010f!&#8220;<\/p>\n<p><a href=\"https:\/\/www.7sur7.be\/monde\/une-policiere-agressee-au-couteau-pres-de-nantes-le-suspect-interpelle~ad43133b\/\">ZDROJ<\/a><\/p>\n<p>&nbsp;<\/p>\n<p>&nbsp;<\/p>\n","protected":false},"excerpt":{"rendered":"<p>Ve Francii byla v p\u00e1tek pobod\u00e1na dal\u0161\u00ed policistka. Dopoledne pachatel ve\u0161el do policejn\u00ed slu\u017eebny v&#8230;<\/p>\n","protected":false},"author":2,"featured_media":1684,"comment_status":"closed","ping_status":"closed","sticky":false,"template":"","format":"standard","meta":[],"categories":[7],"tags":[130,119,86],"_links":{"self":[{"href":"https:\/\/www.infokuryr.cz\/n\/wp-json\/wp\/v2\/posts\/2061"}],"collection":[{"href":"https:\/\/www.infokuryr.cz\/n\/wp-json\/wp\/v2\/posts"}],"about":[{"href":"https:\/\/www.infokuryr.cz\/n\/wp-json\/wp\/v2\/types\/post"}],"author":[{"embeddable":true,"href":"https:\/\/www.infokuryr.cz\/n\/wp-json\/wp\/v2\/users\/2"}],"replies":[{"embeddable":true,"href":"https:\/\/www.infokuryr.cz\/n\/wp-json\/wp\/v2\/comments?post=2061"}],"version-history":[{"count":0,"href":"https:\/\/www.infokuryr.cz\/n\/wp-json\/wp\/v2\/posts\/2061\/revisions"}],"wp:featuredmedia":[{"embeddable":true,"href":"https:\/\/www.infokuryr.cz\/n\/wp-json\/wp\/v2\/media\/1684"}],"wp:attachment":[{"href":"https:\/\/www.infokuryr.cz\/n\/wp-json\/wp\/v2\/media?parent=2061"}],"wp:term":[{"taxonomy":"category","embeddable":true,"href":"https:\/\/www.infokuryr.cz\/n\/wp-json\/wp\/v2\/categories?post=2061"},{"taxonomy":"post_tag","embeddable":true,"href":"https:\/\/www.infokuryr.cz\/n\/wp-json\/wp\/v2\/tags?post=2061"}],"curies":[{"name":"wp","href":"https:\/\/api.w.org\/{rel}","templated":true}]}}