{"id":2058,"date":"2021-05-29T04:46:40","date_gmt":"2021-05-29T02:46:40","guid":{"rendered":"http:\/\/www.infokuryr.cz\/n\/?p=2058"},"modified":"2021-05-29T04:46:40","modified_gmt":"2021-05-29T02:46:40","slug":"usa-chteji-aby-zpravodajske-agentury-vysetrovaly-puvod-noveho-koronaviru","status":"publish","type":"post","link":"https:\/\/www.infokuryr.cz\/n\/2021\/05\/29\/usa-chteji-aby-zpravodajske-agentury-vysetrovaly-puvod-noveho-koronaviru\/","title":{"rendered":"USA cht\u011bj\u00ed, aby zpravodajsk\u00e9 agentury vy\u0161et\u0159ovaly p\u016fvod nov\u00e9ho koronaviru?"},"content":{"rendered":"<div id=\"fb-root\"><\/div>\n<p>Americk\u00fd prezident Biden v\u010dera na\u0159\u00eddil zpravodajsk\u00fdm slu\u017eb\u00e1m, aby prozkoumaly p\u016fvod nov\u00e9ho koronaviru, v\u010detn\u011b toho, zda virus poch\u00e1z\u00ed z p\u0159\u00edrody nebo z laborato\u0159e, a do 90 dn\u016f p\u0159edlo\u017eily zpr\u00e1vu. Rovn\u011b\u017e uvedl, \u017ee Spojen\u00e9 st\u00e1ty budou nad\u00e1le spolupracovat s partnery na nal\u00e9h\u00e1n\u00ed na \u010c\u00ednu, aby se \u00fa\u010dastnila mezin\u00e1rodn\u00edch vy\u0161et\u0159ov\u00e1n\u00ed.<\/p>\n<p>Sledov\u00e1n\u00ed p\u016fvodu vir\u016f je v\u011bdeck\u00fd probl\u00e9m, pro\u010d by ho m\u011bli vy\u0161et\u0159ovat zpravodaj\u0161t\u00ed pracovn\u00edci? \u010c\u00ednsk\u00e1 \u010d\u00e1st sledov\u00e1n\u00ed p\u016fvodu viru skon\u010dila, pro\u010d je na n\u00e1s \u201enal\u00e9h\u00e1no\u201c? Z\u00e1m\u011br sou\u010dasn\u00e9 vl\u00e1dy USA politizovat epidemii lze popsat jako \u201enepokryt\u00fd\u201c. To nem\u016f\u017ee ne\u017e p\u0159ipomenout lidem skute\u010dnost, \u017ee Bushova administrativa p\u0159inutila zpravodajskou komunitu, aby na\u0161la d\u016fkazy o tom, \u017ee Ir\u00e1k m\u00e1 zbran\u011b hromadn\u00e9ho ni\u010den\u00ed. \u0160lo o vy\u0161et\u0159ov\u00e1n\u00ed s \u201epresumpc\u00ed viny\u201c.<\/p>\n<p>Jak v\u0161ichni v\u00edme, Spole\u010dn\u00e1 v\u00fdzkumn\u00e1 zpr\u00e1va \u010c\u00edna &#8211; WHO o sledov\u00e1n\u00ed p\u016fvodu nov\u00e9ho koronaviru, kterou vydala WHO na konci b\u0159ezna, potvrdila, \u017ee je \u201eextr\u00e9mn\u011b nepravd\u011bpodobn\u00e9\u201c, \u017ee by nov\u00fd koronavirus poch\u00e1zel z laborato\u0159e. Chybn\u00fd p\u0159\u00edstup Trumpovy administrativy a \u201esvalov\u00e1n\u00ed viny\u201c bylo rovn\u011b\u017e kritizov\u00e1no cel\u00fdm sv\u011btem. Pro\u010d Bidenova administrativa ned\u00e1vno nastolila tento probl\u00e9m, dokonce donutila n\u011bkter\u00e9 profesion\u00e1ly, aby se k n\u011bmu p\u0159ipojili?<\/p>\n<p>Na jedn\u00e9 stran\u011b, na z\u00e1klad\u011b nespr\u00e1vn\u00e9ho odhadu sou\u010dasn\u00e9 situace prevence epidemie, se n\u011bkte\u0159\u00ed lid\u00e9 v USA domn\u00edvaj\u00ed, \u017ee s rozs\u00e1hl\u00fdm o\u010dkov\u00e1n\u00edm vakc\u00edny se zd\u00e1, \u017ee prevence a kontrola epidemie se bl\u00ed\u017e\u00ed ke konci. V obav\u011b, \u017ee budou \u010delit krizi odpov\u011bdnosti, rozv\u00ed\u0159ili takzvanou teorii \u201e\u00faniku z laborato\u0159e\u201c se z\u00e1m\u011brem znovu uk\u00e1zat prstem na wuhanskou laborato\u0159.<\/p>\n<p>Na druhou stranu je to tak\u00e9 neodd\u011bliteln\u00e9 od pozad\u00ed, kdy americk\u00e1 vl\u00e1da pova\u017euje \u010c\u00ednu za sv\u00e9ho \u201enejv\u011bt\u0161\u00edho konkurenta\u201c.<\/p>\n<p>Tento druh politick\u00e9 manipulace odhalil, \u017ee n\u011bkte\u0159\u00ed lid\u00e9 ve Spojen\u00fdch st\u00e1tech se v\u016fbec nepou\u010dili z t\u00e9to lekce a st\u00e1le divoce b\u011b\u017e\u00ed po cest\u011b proti v\u011bd\u011b s extr\u00e9mn\u00edm sobectv\u00edm a kr\u00e1tkozrakost\u00ed, co\u017e vytv\u00e1\u0159\u00ed v\u00e1\u017en\u00e9 p\u0159ek\u00e1\u017eky pro glob\u00e1ln\u00ed spolupr\u00e1ci v boji proti epidemii. Nen\u00ed to z hlub\u0161\u00ed \u00farovn\u011b endogenn\u00ed vada americk\u00e9ho syst\u00e9mu zalo\u017een\u00e9ho na \u201eextr\u00e9mn\u00edm egoismu\u201c?<\/p>\n<p>Sledov\u00e1n\u00ed p\u016fvodu viru je glob\u00e1ln\u00ed \u00fakol. V r\u016fzn\u00fdch \u010d\u00e1stech sv\u011bta byly objeveny ran\u00e9 p\u0159\u00edpady a sledov\u00e1n\u00ed p\u016fvodu viru by m\u011blo b\u00fdt prov\u00e1d\u011bno v mnoha zem\u00edch a m\u00edstech. Jako nejv\u00edce posti\u017een\u00e1 zem\u011b by Spojen\u00e9 st\u00e1ty m\u011bly aktivn\u011b spolupracovat. Pokud USA trvaj\u00ed na tom, \u017ee budou hypot\u00e9zu o \u00faniku viru z laborato\u0159e br\u00e1t jako my\u0161lenku pro vy\u0161et\u0159ov\u00e1n\u00ed, jsou prvn\u00edm, kdo bude do vy\u0161et\u0159ovac\u00ed oblasti zahrnut.<\/p>\n<p>Ji\u017e v b\u0159eznu lo\u0148sk\u00e9ho roku Redfield, b\u00fdval\u00fd \u0159editel Centra pro kontrolu a prevenci nemoc\u00ed v USA, p\u0159ipustil, \u017ee n\u011bkter\u00e1 \u00famrt\u00ed v ch\u0159ipkov\u00e9 sez\u00f3n\u011b, kter\u00e1 za\u010dala v z\u00e1\u0159\u00ed 2019, byla skute\u010dn\u011b zp\u016fsobena pneumoni\u00ed nov\u00e9ho koronaviru. Kdy se objevil nult\u00fd p\u0159\u00edpad epidemie COVID-19 ve Spojen\u00fdch st\u00e1tech? Pochopen\u00ed tohoto bodu je nejvy\u0161\u0161\u00ed prioritou druh\u00e9 f\u00e1ze glob\u00e1ln\u00edho sledov\u00e1n\u00ed p\u016fvodu viru.<\/p>\n<p>Zdroj viru z\u00e1vis\u00ed na v\u011bd\u011b, nikoli na politice. Kdy USA, stejn\u011b jako \u010c\u00edna, vyzvou WHO k v\u00fdzkumu sledov\u00e1n\u00ed p\u016fvodu viru? USA dlu\u017e\u00ed sv\u011btu odpov\u011b\u010f.<\/p>\n<p><img decoding=\"async\" loading=\"lazy\" class=\"alignnone size-full wp-image-1185\" src=\"http:\/\/www.infokuryr.cz\/n\/wp-content\/uploads\/2021\/04\/kuryr-podpis.png\" alt=\"\" width=\"84\" height=\"24\" \/><\/p>\n<p>&nbsp;<\/p>\n","protected":false},"excerpt":{"rendered":"<p>Americk\u00fd prezident Biden v\u010dera na\u0159\u00eddil zpravodajsk\u00fdm slu\u017eb\u00e1m, aby prozkoumaly p\u016fvod nov\u00e9ho koronaviru, v\u010detn\u011b toho, zda&#8230;<\/p>\n","protected":false},"author":2,"featured_media":2059,"comment_status":"closed","ping_status":"closed","sticky":false,"template":"","format":"standard","meta":[],"categories":[7],"tags":[72,30,23,37,81],"_links":{"self":[{"href":"https:\/\/www.infokuryr.cz\/n\/wp-json\/wp\/v2\/posts\/2058"}],"collection":[{"href":"https:\/\/www.infokuryr.cz\/n\/wp-json\/wp\/v2\/posts"}],"about":[{"href":"https:\/\/www.infokuryr.cz\/n\/wp-json\/wp\/v2\/types\/post"}],"author":[{"embeddable":true,"href":"https:\/\/www.infokuryr.cz\/n\/wp-json\/wp\/v2\/users\/2"}],"replies":[{"embeddable":true,"href":"https:\/\/www.infokuryr.cz\/n\/wp-json\/wp\/v2\/comments?post=2058"}],"version-history":[{"count":0,"href":"https:\/\/www.infokuryr.cz\/n\/wp-json\/wp\/v2\/posts\/2058\/revisions"}],"wp:featuredmedia":[{"embeddable":true,"href":"https:\/\/www.infokuryr.cz\/n\/wp-json\/wp\/v2\/media\/2059"}],"wp:attachment":[{"href":"https:\/\/www.infokuryr.cz\/n\/wp-json\/wp\/v2\/media?parent=2058"}],"wp:term":[{"taxonomy":"category","embeddable":true,"href":"https:\/\/www.infokuryr.cz\/n\/wp-json\/wp\/v2\/categories?post=2058"},{"taxonomy":"post_tag","embeddable":true,"href":"https:\/\/www.infokuryr.cz\/n\/wp-json\/wp\/v2\/tags?post=2058"}],"curies":[{"name":"wp","href":"https:\/\/api.w.org\/{rel}","templated":true}]}}