{"id":2057,"date":"2021-05-29T04:41:08","date_gmt":"2021-05-29T02:41:08","guid":{"rendered":"http:\/\/www.infokuryr.cz\/n\/?p=2057"},"modified":"2021-05-29T04:41:08","modified_gmt":"2021-05-29T02:41:08","slug":"ministri-nekolika-evropskych-zemi-navstivi-na-pozvani-cinu","status":"publish","type":"post","link":"https:\/\/www.infokuryr.cz\/n\/2021\/05\/29\/ministri-nekolika-evropskych-zemi-navstivi-na-pozvani-cinu\/","title":{"rendered":"Minist\u0159i n\u011bkolika evropsk\u00fdch zem\u00ed nav\u0161t\u00edv\u00ed na pozv\u00e1n\u00ed \u010c\u00ednu"},"content":{"rendered":"<div id=\"fb-root\"><\/div>\n<p>Mluv\u010d\u00ed \u010d\u00ednsk\u00e9ho ministerstva zahrani\u010d\u00ed Zhao Lijian (\u010cao Li-\u0165ien) \u0159ekl, \u017ee na pozv\u00e1n\u00ed \u010dlena St\u00e1tn\u00ed rady \u010c\u00edny Wanga Yi (Wang I) od 29. do 31. kv\u011btna nav\u0161t\u00edv\u00ed \u010c\u00ednu minist\u0159i zahrani\u010d\u00ed Polska, Srbska, Irska a Ma\u010farska.<\/p>\n<p>No a \u010cesk\u00e1 republika se svoj\u00ed proti\u010d\u00ednskou a protiruskou politikou op\u011bt jen \u010du\u010d\u00ed a \u010dek\u00e1 na pokyny sv\u00fdch americk\u00fdch p\u00e1n\u00ed\u010dk\u016f.<\/p>\n<p><img decoding=\"async\" loading=\"lazy\" class=\"alignnone size-full wp-image-1185\" src=\"http:\/\/www.infokuryr.cz\/n\/wp-content\/uploads\/2021\/04\/kuryr-podpis.png\" alt=\"\" width=\"84\" height=\"24\" \/><\/p>\n<p>&nbsp;<\/p>\n<p>&nbsp;<\/p>\n<p>&nbsp;<\/p>\n","protected":false},"excerpt":{"rendered":"<p>Mluv\u010d\u00ed \u010d\u00ednsk\u00e9ho ministerstva zahrani\u010d\u00ed Zhao Lijian (\u010cao Li-\u0165ien) \u0159ekl, \u017ee na pozv\u00e1n\u00ed \u010dlena St\u00e1tn\u00ed rady&#8230;<\/p>\n","protected":false},"author":2,"featured_media":1793,"comment_status":"closed","ping_status":"closed","sticky":false,"template":"","format":"standard","meta":[],"categories":[7],"tags":[30,41],"_links":{"self":[{"href":"https:\/\/www.infokuryr.cz\/n\/wp-json\/wp\/v2\/posts\/2057"}],"collection":[{"href":"https:\/\/www.infokuryr.cz\/n\/wp-json\/wp\/v2\/posts"}],"about":[{"href":"https:\/\/www.infokuryr.cz\/n\/wp-json\/wp\/v2\/types\/post"}],"author":[{"embeddable":true,"href":"https:\/\/www.infokuryr.cz\/n\/wp-json\/wp\/v2\/users\/2"}],"replies":[{"embeddable":true,"href":"https:\/\/www.infokuryr.cz\/n\/wp-json\/wp\/v2\/comments?post=2057"}],"version-history":[{"count":0,"href":"https:\/\/www.infokuryr.cz\/n\/wp-json\/wp\/v2\/posts\/2057\/revisions"}],"wp:featuredmedia":[{"embeddable":true,"href":"https:\/\/www.infokuryr.cz\/n\/wp-json\/wp\/v2\/media\/1793"}],"wp:attachment":[{"href":"https:\/\/www.infokuryr.cz\/n\/wp-json\/wp\/v2\/media?parent=2057"}],"wp:term":[{"taxonomy":"category","embeddable":true,"href":"https:\/\/www.infokuryr.cz\/n\/wp-json\/wp\/v2\/categories?post=2057"},{"taxonomy":"post_tag","embeddable":true,"href":"https:\/\/www.infokuryr.cz\/n\/wp-json\/wp\/v2\/tags?post=2057"}],"curies":[{"name":"wp","href":"https:\/\/api.w.org\/{rel}","templated":true}]}}