{"id":2053,"date":"2021-05-28T12:40:39","date_gmt":"2021-05-28T10:40:39","guid":{"rendered":"http:\/\/www.infokuryr.cz\/n\/?p=2053"},"modified":"2021-05-28T12:40:39","modified_gmt":"2021-05-28T10:40:39","slug":"v-syrskych-prezidentskych-volbach-zvitezil-opet-basar-asad","status":"publish","type":"post","link":"https:\/\/www.infokuryr.cz\/n\/2021\/05\/28\/v-syrskych-prezidentskych-volbach-zvitezil-opet-basar-asad\/","title":{"rendered":"V syrsk\u00fdch prezidentsk\u00fdch volb\u00e1ch zv\u00edt\u011bzil\u00a0op\u011bt Ba\u0161\u00e1r Asad"},"content":{"rendered":"<div id=\"fb-root\"><\/div>\n<p><strong>V prezidentsk\u00fdch volb\u00e1ch v S\u00fdrii zv\u00edt\u011bzil Ba\u0161\u00e1r Asad se ziskem 95,1 procent hlas\u016f. Uvedl to mluv\u010d\u00ed syrsk\u00e9ho parlamentu Hammouda Sabbagh.<\/strong><\/p>\n<p>\u201ePro kandid\u00e1ta Ba\u0161\u00e1ra Asada hlasovalo 13 milion\u016f 540 tis\u00edc 860 lid\u00ed &#8230; vyhr\u00e1l se ziskem absolutn\u00ed v\u011bt\u0161iny hlas\u016f. Celkov\u00fd po\u010det t\u011bch, kte\u0159\u00ed se z\u00fa\u010dastnili voleb v\u00a0S\u00fdrii\u00a0a ve volebn\u00edch m\u00edstnostech v jin\u00fdch zem\u00edch, \u010din\u00ed 18 milion\u016f 107 tis\u00edc 109. Asad z\u00edskal 95,1 % hlas\u016f,\u201c uvedl Sabbagh.<\/p>\n<p>Ba\u0161\u00e1r Asad, kter\u00fd je prezidentem od roku 2000, byl tak zvolen na dal\u0161\u00ed sedmilet\u00e9 funk\u010dn\u00ed obdob\u00ed. V p\u0159edchoz\u00edch volb\u00e1ch v roce 2014 z\u00edskal v\u00edce ne\u017e 88 % hlas\u016f.<\/p>\n<p>Prezidentsk\u00e9 volby v S\u00fdrii\u00a0se konaly 26. kv\u011btna. Od 7.00 do p\u016flnoci bylo otev\u0159eno v\u00edce ne\u017e 12 tis\u00edc volebn\u00edch m\u00edstnost\u00ed. Podle ofici\u00e1ln\u00edch \u00fadaj\u016f prob\u011bhlo hlasov\u00e1n\u00ed ve v\u0161ech provinci\u00edch bez poru\u0161en\u00ed. \u00da\u010dast v prezidentsk\u00fdch volb\u00e1ch \u010dinila 78,64 procenta.<\/p>\n<p>Ba\u0161\u00e1r H\u00e1fiz al-Asad\u00a0je od roku 2000 prezidentem S\u00fdrie. Jeho otcem je p\u0159edchoz\u00ed prezident H\u00e1fiz al-Asad. Po smrti jeho otce na srde\u010dn\u00ed infarkt 10. \u010dervna 2000 byl v \u00dastav\u011b Syrsk\u00e9 republiky zm\u011bn\u011bn minim\u00e1ln\u00ed v\u011bk na kandidaturu do prezidentsk\u00e9ho k\u0159esla, tak\u017ee se mohl ve sv\u00fdch 34 letech st\u00e1t otcov\u00fdm n\u00e1sledn\u00edkem.<\/p>\n<p>Koncem dubna 2014 Asad ohl\u00e1sil svou kandidaturu v prezidentsk\u00fdch volb\u00e1ch. Byly to po desetilet\u00edch prvn\u00ed prezidentsk\u00e9 volby s v\u00edce kandid\u00e1ty. Tyto volby vyhr\u00e1l a 16. \u010dervence 2014 slo\u017eil v dama\u0161sk\u00e9m pal\u00e1ci prezidentskou p\u0159\u00edsahu na t\u0159et\u00ed sedmilet\u00e9 obdob\u00ed.<\/p>\n<p><img decoding=\"async\" loading=\"lazy\" class=\"alignnone size-full wp-image-1185\" src=\"http:\/\/www.infokuryr.cz\/n\/wp-content\/uploads\/2021\/04\/kuryr-podpis.png\" alt=\"\" width=\"84\" height=\"24\" \/><\/p>\n<p>&nbsp;<\/p>\n","protected":false},"excerpt":{"rendered":"<p>V prezidentsk\u00fdch volb\u00e1ch v S\u00fdrii zv\u00edt\u011bzil Ba\u0161\u00e1r Asad se ziskem 95,1 procent hlas\u016f. Uvedl to&#8230;<\/p>\n","protected":false},"author":2,"featured_media":2054,"comment_status":"closed","ping_status":"closed","sticky":false,"template":"","format":"standard","meta":[],"categories":[7],"tags":[481,147,27],"_links":{"self":[{"href":"https:\/\/www.infokuryr.cz\/n\/wp-json\/wp\/v2\/posts\/2053"}],"collection":[{"href":"https:\/\/www.infokuryr.cz\/n\/wp-json\/wp\/v2\/posts"}],"about":[{"href":"https:\/\/www.infokuryr.cz\/n\/wp-json\/wp\/v2\/types\/post"}],"author":[{"embeddable":true,"href":"https:\/\/www.infokuryr.cz\/n\/wp-json\/wp\/v2\/users\/2"}],"replies":[{"embeddable":true,"href":"https:\/\/www.infokuryr.cz\/n\/wp-json\/wp\/v2\/comments?post=2053"}],"version-history":[{"count":0,"href":"https:\/\/www.infokuryr.cz\/n\/wp-json\/wp\/v2\/posts\/2053\/revisions"}],"wp:featuredmedia":[{"embeddable":true,"href":"https:\/\/www.infokuryr.cz\/n\/wp-json\/wp\/v2\/media\/2054"}],"wp:attachment":[{"href":"https:\/\/www.infokuryr.cz\/n\/wp-json\/wp\/v2\/media?parent=2053"}],"wp:term":[{"taxonomy":"category","embeddable":true,"href":"https:\/\/www.infokuryr.cz\/n\/wp-json\/wp\/v2\/categories?post=2053"},{"taxonomy":"post_tag","embeddable":true,"href":"https:\/\/www.infokuryr.cz\/n\/wp-json\/wp\/v2\/tags?post=2053"}],"curies":[{"name":"wp","href":"https:\/\/api.w.org\/{rel}","templated":true}]}}