{"id":20517,"date":"2022-12-31T02:48:42","date_gmt":"2022-12-31T01:48:42","guid":{"rendered":"http:\/\/www.infokuryr.cz\/n\/?p=20517"},"modified":"2022-12-31T02:48:42","modified_gmt":"2022-12-31T01:48:42","slug":"vyrabeji-se-vakciny-na-vyhazov-rekl-ministr-zdravotnictvi-valek","status":"publish","type":"post","link":"https:\/\/www.infokuryr.cz\/n\/2022\/12\/31\/vyrabeji-se-vakciny-na-vyhazov-rekl-ministr-zdravotnictvi-valek\/","title":{"rendered":"Vyr\u00e1b\u011bj\u00ed se vakc\u00edny na vyhazov, \u0159ekl ministr zdravotnictv\u00ed V\u00e1lek!"},"content":{"rendered":"<div id=\"fb-root\"><\/div>\n<div class=\"introtext\">\n<p>Pane minist\u0159e, to jako fakt? Vy jste se ve\u0159ejn\u011b p\u0159iznal, \u017ee vyhazujete 900 milion\u016f korun m\u011bs\u00ed\u010dn\u011b za vakc\u00edny proti covid-19, o kter\u00e9 nen\u00ed z\u00e1jem? Nav\u00edc o tom v\u00edte u\u017e mnoho m\u011bs\u00edc\u016f a nic jste neud\u011blal?<\/p>\n<\/div>\n<div class=\"fulltext\">\n<p dir=\"auto\">\u00a0Osv\u011b\u017e\u00edme v\u00e1m pam\u011b\u0165. Kdy\u017e 19. dubna leto\u0161n\u00edho roku ozn\u00e1milo Polsko, \u017ee nebude p\u0159eb\u00edrat dal\u0161\u00ed vakc\u00edny proti onemocn\u011bn\u00ed covid-19, sepsal p\u0159edseda strany Pr\u00e1vo Respekt Odbornost\u00a0<strong>Jind\u0159ich Rajchl<\/strong>\u00a0Petici za okam\u017eit\u00e9 zastaven\u00ed\u00a0odb\u011bru vakc\u00edn proti nemoci covid-19, kterou podepsalo na 20 tis\u00edc ob\u010dan\u016f. Pot\u00e9 vyzvala na\u0161e strana vl\u00e1du, tedy i v\u00e1s, abychom se p\u0159ipojili k Polsku a p\u0159estali vyhazovat stovky milion\u016f korun.<\/p>\n<p dir=\"auto\">Ve vyj\u00e1d\u0159en\u00ed pro E15 uvedlo ministerstvo zdravotnictv\u00ed, \u017ee probl\u00e9my s p\u0159ebytkem vakc\u00edn se za\u010daly objevovat u\u017e loni v l\u00e9t\u011b! Pro\u010d jste od t\u00e9 doby, tedy v\u00edce ne\u017e rok nic ned\u011blal?<\/p>\n<p dir=\"auto\">Ministerstvo zdravotnictv\u00ed d\u00e1le ozn\u00e1milo, \u017ee od roku 2023 p\u0159estane objedn\u00e1vat nov\u00e9 vakc\u00edny, ov\u0161em ty nasmlouvan\u00e9 u\u017e mus\u00ed p\u0159ijmout! Pro\u010d n\u00e1m ne\u0159eknete kolik m\u011bs\u00edc\u016f je je\u0161t\u011b budeme muset odeb\u00edrat a kolik n\u00e1s to je\u0161t\u011b bude st\u00e1t?<\/p>\n<p dir=\"auto\">\u010cesko zat\u00edm vyu\u017eilo p\u0159ibli\u017en\u011b 18,5 milionu vakc\u00edn z v\u00edce ne\u017e 35 milion\u016f obdr\u017een\u00fdch d\u00e1vek. Tak n\u00e1m tedy v neposledn\u00ed \u0159ad\u011b sd\u011blte, kdo a za kolik nevyu\u017eit\u00e9 vakc\u00edny bude likvidovat? Ur\u010dit\u011b p\u016fjde \u0159\u00e1dov\u011b o stovky milion\u016f korun a my m\u00e1me pr\u00e1vo to v\u011bd\u011bt!<\/p>\n<p dir=\"auto\"><strong>Kdybyste se choval jako \u0159\u00e1dn\u00fd hospod\u00e1\u0159 a \u0159e\u0161il probl\u00e9m s p\u0159ebytkem vakc\u00edn u\u017e loni, nevyhodil byste zbyte\u010dn\u011b miliardy korun a dal\u0161\u00ed je\u0161t\u011b zbyte\u010dn\u011b vyhod\u00edte!<\/strong><\/p>\n<\/div>\n<p dir=\"auto\">\n<p dir=\"auto\"><img decoding=\"async\" loading=\"lazy\" class=\"wp-image-19187 aligncenter\" src=\"http:\/\/www.infokuryr.cz\/n\/wp-content\/uploads\/2022\/12\/1-PRO-300x36.jpg\" alt=\"\" width=\"1250\" height=\"150\" srcset=\"https:\/\/www.infokuryr.cz\/n\/wp-content\/uploads\/2022\/12\/1-PRO-300x36.jpg 300w, https:\/\/www.infokuryr.cz\/n\/wp-content\/uploads\/2022\/12\/1-PRO.jpg 699w\" sizes=\"(max-width: 1250px) 100vw, 1250px\" \/><\/p>\n<p dir=\"auto\">\n","protected":false},"excerpt":{"rendered":"<p>Pane minist\u0159e, to jako fakt? Vy jste se ve\u0159ejn\u011b p\u0159iznal, \u017ee vyhazujete 900 milion\u016f korun&#8230;<\/p>\n","protected":false},"author":2,"featured_media":20463,"comment_status":"closed","ping_status":"closed","sticky":false,"template":"","format":"standard","meta":[],"categories":[6],"tags":[2992,29,2663,651,1601],"_links":{"self":[{"href":"https:\/\/www.infokuryr.cz\/n\/wp-json\/wp\/v2\/posts\/20517"}],"collection":[{"href":"https:\/\/www.infokuryr.cz\/n\/wp-json\/wp\/v2\/posts"}],"about":[{"href":"https:\/\/www.infokuryr.cz\/n\/wp-json\/wp\/v2\/types\/post"}],"author":[{"embeddable":true,"href":"https:\/\/www.infokuryr.cz\/n\/wp-json\/wp\/v2\/users\/2"}],"replies":[{"embeddable":true,"href":"https:\/\/www.infokuryr.cz\/n\/wp-json\/wp\/v2\/comments?post=20517"}],"version-history":[{"count":0,"href":"https:\/\/www.infokuryr.cz\/n\/wp-json\/wp\/v2\/posts\/20517\/revisions"}],"wp:featuredmedia":[{"embeddable":true,"href":"https:\/\/www.infokuryr.cz\/n\/wp-json\/wp\/v2\/media\/20463"}],"wp:attachment":[{"href":"https:\/\/www.infokuryr.cz\/n\/wp-json\/wp\/v2\/media?parent=20517"}],"wp:term":[{"taxonomy":"category","embeddable":true,"href":"https:\/\/www.infokuryr.cz\/n\/wp-json\/wp\/v2\/categories?post=20517"},{"taxonomy":"post_tag","embeddable":true,"href":"https:\/\/www.infokuryr.cz\/n\/wp-json\/wp\/v2\/tags?post=20517"}],"curies":[{"name":"wp","href":"https:\/\/api.w.org\/{rel}","templated":true}]}}