{"id":20490,"date":"2022-12-30T06:14:05","date_gmt":"2022-12-30T05:14:05","guid":{"rendered":"http:\/\/www.infokuryr.cz\/n\/?p=20490"},"modified":"2022-12-30T06:14:05","modified_gmt":"2022-12-30T05:14:05","slug":"the-saker-nejdulezitejsi-otazka","status":"publish","type":"post","link":"https:\/\/www.infokuryr.cz\/n\/2022\/12\/30\/the-saker-nejdulezitejsi-otazka\/","title":{"rendered":"The Saker: Nejd\u016fle\u017eit\u011bj\u0161\u00ed ot\u00e1zka"},"content":{"rendered":"<div id=\"fb-root\"><\/div>\n<section class=\"perex\"><strong>Vypad\u00e1 to, \u017ee se do\u017eijeme 31. prosince 2022. Zvl\u00e1dneme to do 31. prosince 2023?<\/strong><\/p>\n<p>Tato ot\u00e1zka nen\u00ed nads\u00e1zkou. Dokonce si trouf\u00e1m tvrdit, \u017ee je to nejd\u016fle\u017eit\u011bj\u0161\u00ed ot\u00e1zka p\u0159inejmen\u0161\u00edm pro celou severn\u00ed polokouli.<\/p>\n<\/section>\n<section class=\"clanek-obsah\">Na to, \u017ee se Rusko p\u0159ipravuje na v\u00e1lku v pln\u00e9m rozsahu, upozor\u0148uji p\u0159inejmen\u0161\u00edm od roku 2014. Putin to v podstat\u011b \u0159ekl ve sv\u00e9m ned\u00e1vn\u00e9m projevu p\u0159ed radou rusk\u00e9ho ministerstva obrany. Pokud jste toto video nevid\u011bli, opravdu byste se na n\u011bj m\u011bli pod\u00edvat, poskytne v\u00e1m p\u0159\u00edm\u00fd vhled do toho, jak Kreml uva\u017euje a na co se p\u0159ipravuje. Zde je toto video znovu:<\/p>\n<\/section>\n<p>&nbsp;<\/p>\n<p><iframe loading=\"lazy\" title=\"Vladimir Putin Addresses the Russian Defense Ministry Board Dec 21, 2022 - English Subtitles\" width=\"640\" height=\"360\" src=\"https:\/\/www.youtube.com\/embed\/ina98-IN9k8?feature=oembed\" frameborder=\"0\" allow=\"accelerometer; autoplay; clipboard-write; encrypted-media; gyroscope; picture-in-picture\" allowfullscreen><\/iframe><\/p>\n<p>&nbsp;<\/p>\n<section class=\"clanek-obsah\">P\u0159edpokl\u00e1d\u00e1m, \u017ee jste to video vid\u011bli a \u017ee v\u00e1m nemus\u00edm dokazovat, \u017ee se\u00a0<b>Rusko p\u0159ipravuje na masivn\u00ed v\u00e1lku, v\u010detn\u011b jadern\u00e9.<\/b><\/p>\n<p>Ministr zahrani\u010d\u00ed Lavrov\u00a0<a href=\"https:\/\/www.rt.com\/russia\/568971-us-threatens-russia-putin-assassination\/\" target=\"_blank\" rel=\"external noopener\">ve\u0159ejn\u011b prohl\u00e1sil<\/a>, \u017ee \u201e<i>nejmenovan\u00ed p\u0159edstavitel\u00e9 Pentagonu skute\u010dn\u011b vyhro\u017eovali, \u017ee provedou &#8218;dekapita\u010dn\u00ed \u00fader&#8216; na Kreml&#8230; Mluv\u00edme o hrozb\u011b fyzick\u00e9 likvidace hlavy rusk\u00e9ho st\u00e1tu, (&#8230;) Pokud takov\u00e9 my\u0161lenky n\u011bkdo skute\u010dn\u011b \u017eiv\u00ed, m\u011bl by se tento n\u011bkdo velmi dob\u0159e zamyslet nad mo\u017en\u00fdmi d\u016fsledky takov\u00fdch pl\u00e1n\u016f<\/i>\u201c.<\/p>\n<p><strong>M\u00e1me tedy n\u00e1sleduj\u00edc\u00ed situaci:<\/strong><\/p>\n<ul>\n<li>Pro Rusko je tato v\u00e1lka jasn\u011b, nepopirateln\u011b a ofici\u00e1ln\u011b existen\u010dn\u00ed. Odm\u00edtat tuto skute\u010dnost by bylo vrcholem po\u0161etilosti. Kdy\u017e nejsiln\u011bj\u0161\u00ed jadern\u00e1 mocnost planety opakovan\u011b prohla\u0161uje, \u017ee jde o existen\u010dn\u00ed v\u00e1lku, m\u011bl by to ka\u017ed\u00fd br\u00e1t opravdu v\u00e1\u017en\u011b a nepropadat hlubok\u00e9mu pop\u00edr\u00e1n\u00ed.<\/li>\n<li>Pro americk\u00e9 neocony je to tak\u00e9 existen\u010dn\u00ed v\u00e1lka: pokud Rusko vyhraje, prohraje NATO, a tedy i USA. Co\u017e znamen\u00e1, \u017ee za nevyhnutelnou katastrofu ponesou odpov\u011bdnost v\u0161ichni ti hajzlov\u00e9, kte\u0159\u00ed cel\u00e9 m\u011bs\u00edce krmili ve\u0159ejnost nesmysly o tom, \u017ee Rusko v\u00e1lku prohraje.<\/li>\n<\/ul>\n<div class=\"karta\">\n<figure><img decoding=\"async\" loading=\"lazy\" src=\"https:\/\/zvedavec.news\/images\/22\/nejdulezitejsi-otazka.jpg\" alt=\"[Titulky ma...]\" width=\"560\" height=\"419\" \/><figcaption>Titulky mainstreamu na t\u00e9ma Rusku doch\u00e1zej\u00ed zbran\u011b<\/figcaption><\/figure>\n<\/div>\n<p>Hodn\u011b bude z\u00e1le\u017eet na tom, zda Ameri\u010dan\u00e9, zejm\u00e9na ti u moci, budou ochotni zem\u0159\u00edt v solidarit\u011b s \u201ebl\u00e1zny ve sklep\u011b\u201c, nebo ne. Pr\u00e1v\u011b te\u010f to vypad\u00e1, \u017ee ano. S EU nepo\u010d\u00edtejte, ta u\u017e se d\u00e1vno vzdala jak\u00e9hokoli p\u016fsoben\u00ed. Mluvit s nimi prost\u011b nem\u00e1 smysl.<\/p>\n<p>Co\u017e by mohlo vysv\u011btlovat\u00a0<a href=\"https:\/\/www.rt.com\/russia\/568924-medvedev-rift-western-nations\/\" target=\"_blank\" rel=\"external noopener\">ned\u00e1vn\u00e1 Medved\u011bvova slova<\/a>: \u201e<i>Bohu\u017eel, na Z\u00e1pad\u011b nen\u00ed nikdo, s k\u00fdm bychom mohli z jak\u00e9hokoli d\u016fvodu jednat (&#8230;) je posledn\u00edm varov\u00e1n\u00edm v\u0161em n\u00e1rod\u016fm: s anglosask\u00fdm sv\u011btem nelze obchodovat, proto\u017ee je to zlod\u011bj, podvodn\u00edk, kart\u00e1\u0159, kter\u00fd m\u016f\u017ee ud\u011blat cokoli.<\/i>\u201c<\/p>\n<p>Rusko m\u016f\u017ee ud\u011blat mnoho v\u011bc\u00ed, ale nem\u016f\u017ee osvobodit USA z podru\u010d\u00ed neokonzervativc\u016f. To mohou ud\u011blat pouze Ameri\u010dan\u00e9.<\/p>\n<p><strong>A tady se dost\u00e1v\u00e1me do za\u010darovan\u00e9ho kruhu:<\/strong><\/p>\n<p>Je velmi nepravd\u011bpodobn\u00e9, \u017ee by se politick\u00e9mu syst\u00e9mu USA dalo \u00fa\u010dinn\u011b \u010delit zevnit\u0159, velk\u00e9 pen\u00edze \u0159\u00edd\u00ed v\u0161e, v\u010detn\u011b nejpokro\u010dilej\u0161\u00edho propagandistick\u00e9ho syst\u00e9mu v d\u011bjin\u00e1ch (tzv. \u201esvobodn\u00fdch m\u00e9di\u00ed\u201c), a obyvatelstvo je udr\u017eov\u00e1no v neinformovanosti a vym\u00fdv\u00e1n\u00ed mozk\u016f. A ano, samoz\u0159ejm\u011b, velk\u00e1 por\u00e1\u017eka ve v\u00e1lce proti Rusku by t\u00edmto syst\u00e9mem ot\u0159\u00e1sla tak siln\u011b, \u017ee by nebylo mo\u017en\u00e9 utajit rozsah katastrofy (p\u0159edstavte si \u201eK\u00e1bul na steroidech\u201c). A pr\u00e1v\u011b proto to neoconi nemohou dopustit, proto\u017ee tato por\u00e1\u017eka by spustila dominov\u00fd efekt, kter\u00fd by rychle zahrnul pravdu o 11. z\u00e1\u0159\u00ed a pot\u00e9 i v\u0161echny m\u00fdty a l\u017ei, na nich\u017e byla americk\u00e1 spole\u010dnost po desetilet\u00ed zalo\u017eena (JFK anybody?).<\/p>\n<p>V USA je samoz\u0159ejm\u011b spousta Ameri\u010dan\u016f, kte\u0159\u00ed to pln\u011b ch\u00e1pou. Ale kolik z nich m\u00e1 skute\u010dnou moc ovlivnit rozhodov\u00e1n\u00ed a v\u00fdsledky v USA? Skute\u010dnou ot\u00e1zkou je, zda je v Pentagonu nebo v agentur\u00e1ch pro p\u0159\u00edpravu dopis\u016f je\u0161t\u011b dost vlasteneck\u00fdch sil, aby poslali neocony zp\u011bt do sklepa, z n\u011bho\u017e vylezli po fale\u0161n\u00e9 vlajce z 11. z\u00e1\u0159\u00ed, nebo ne?<\/p>\n<p>Pr\u00e1v\u011b te\u010f to ur\u010dit\u011b vypad\u00e1, \u017ee v\u0161echny mocensk\u00e9 pozice v USA zast\u00e1vaj\u00ed neolibov\u00e9, neoconi, RINO a dal\u0161\u00ed o\u0161kliv\u00e9 kreatury, ale z\u00e1rove\u0148 je nepopirateln\u00e9, \u017ee lid\u00e9 jako\u00a0<a href=\"http:\/\/thesaker.is\/tulsi-gabbard-interviews-tucker-carlson\/\" target=\"_blank\" rel=\"external noopener\">Tucker Carlson a Tulsi Gabbardov\u00e1<\/a>\u00a0oslovuj\u00ed spoustu lid\u00ed, kte\u0159\u00ed \u201eto ch\u00e1pou\u201c. Mezi n\u011b *mus\u00ed* pat\u0159it i SKUTE\u010cN\u00cd liber\u00e1lov\u00e9 a SKUTE\u010cN\u00cd konzervativci, jejich\u017e loajalita nen\u00ed v\u016f\u010di band\u011b mezin\u00e1rodn\u00edch zlo\u010dinc\u016f, ale v\u016f\u010di vlastn\u00ed zemi a vlastn\u00edm lidem.<\/p>\n<p>Jsem si tak\u00e9 docela jist\u00fd, \u017ee existuje mnoho americk\u00fdch vojensk\u00fdch velitel\u016f, kte\u0159\u00ed naslouchaj\u00ed tomu, co\u00a0<a href=\"http:\/\/thesaker.is\/bakhmut-has-turned-into-ukrainian-bloodbath-col-macgregor\/\" target=\"_blank\" rel=\"external noopener\">\u0159\u00edk\u00e1 plukovn\u00edk Macgregor<\/a>.<\/p>\n<p>Bude to sta\u010dit k prolomen\u00ed zdi l\u017e\u00ed a propagandy?<\/p>\n<p>Douf\u00e1m v to, ale nejsem p\u0159\u00edli\u0161 optimistick\u00fd.<\/p>\n<p>Za prv\u00e9, Andrej Mar\u0165anov m\u00e1 naprostou pravdu, kdy\u017e neust\u00e1le kritizuje hrubou neschopnost a ignoranci vl\u00e1dnouc\u00ed t\u0159\u00eddy USA. A j\u00e1 velmi sd\u00edl\u00edm jeho frustraci. Oba vid\u00edme, kam to v\u0161echno sm\u011b\u0159uje, a jedin\u00e9, co m\u016f\u017eeme d\u011blat, je varovat, varovat a znovu varovat. Ch\u00e1pu, \u017ee je t\u011b\u017ek\u00e9 uv\u011b\u0159it my\u0161lence, \u017ee jadernou velmoc, jako jsou USA, \u0159\u00edd\u00ed banda neschopn\u00fdch a ignorantsk\u00fdch zlo\u010dinc\u016f, ale to JE realita a pouh\u00fdm pop\u00edr\u00e1n\u00edm ji nezmiz\u00ed.<\/p>\n<div class=\"karta-r\">\n<figure><img decoding=\"async\" loading=\"lazy\" src=\"https:\/\/zvedavec.news\/images\/22\/nejdulezitejsi-otazka-2.jpg\" alt=\"[...]\" width=\"330\" height=\"326\" \/><\/figure>\n<\/div>\n<p>Zadruh\u00e9, alespo\u0148 doposud americk\u00e1 ve\u0159ejnost (zat\u00edm) nepoc\u00edtila pln\u00e9 dopady zhroucen\u00ed finan\u010dn\u00edho a hospod\u00e1\u0159sk\u00e9ho syst\u00e9mu kontrolovan\u00e9ho USA. Tak\u017ee \u201em\u00e1va\u010di\u201c vlajkami mohou st\u00e1le doufat, \u017ee v\u00e1lka proti Rusku bude vypadat jako st\u0159\u00edlen\u00ed krocan\u016f, jak\u00fdm byla \u201ePou\u0161tn\u00ed bou\u0159e\u201c.<\/p>\n<p>Nebude.<\/p>\n<p>Skute\u010dnou ot\u00e1zkou je, zda jedin\u00fdm zp\u016fsobem, jak probudit \u201emorany\u201c s vymyt\u00fdmi mozky, je jadern\u00fd v\u00fdbuch nad jejich hlavami, nebo ne?<\/p>\n<p>\u201eGo USA\u201c je ment\u00e1ln\u00ed stav, kter\u00fd byl v\u0161t\u011bpov\u00e1n do mysl\u00ed milion\u016f Ameri\u010dan\u016f po mnoho desetilet\u00ed a bude trvat bu\u010f hodn\u011b \u010dasu, nebo n\u011bjak\u00e9 opravdu dramatick\u00e9 ud\u00e1losti, ne\u017e se tito lid\u00e9 vr\u00e1t\u00ed do reality.<\/p>\n<p>Za t\u0159et\u00ed, vl\u00e1dnouc\u00ed elity USA zjevn\u011b hluboce pop\u00edraj\u00ed. V\u0161echny ty hloup\u00e9 \u0159e\u010di o tom, \u017ee americk\u00e9 rakety Patriot nebo st\u00edha\u010dky F-16 zm\u011bn\u00ed pr\u016fb\u011bh v\u00e1lky, jsou infantiln\u00ed a naivn\u00ed. Up\u0159\u00edmn\u011b \u0159e\u010deno, bylo by to cel\u00e9 sp\u00ed\u0161e komick\u00e9, kdyby to nebylo tak nebezpe\u010dn\u00e9 ve sv\u00fdch potenci\u00e1ln\u00edch d\u016fsledc\u00edch. Co se stane, a\u017e bude zni\u010dena jedin\u00e1 baterie raket Patriot a sest\u0159eleny letouny F-16?<\/p>\n<p>Jak brzy dojdou Z\u00e1padu Wunderwaffen?<\/p>\n<p><b>Jak\u00fd by byl dal\u0161\u00ed krok na koncep\u010dn\u00ed \u201estupnici eskalace\u201c od Patriot\u016f a F-16?<\/b><\/p>\n<p>Taktick\u00e9 atomov\u00e9 bomby?<\/p>\n<p>Uva\u017eovat o pon\u011bkud idiotsk\u00e9 p\u0159edstav\u011b, \u017ee \u201etaktick\u00e1\u201c atomov\u00e1 bomba se n\u011bjak z\u00e1sadn\u011b li\u0161\u00ed od \u201estrategick\u00e9\u201c atomov\u00e9 bomby bez ohledu na to, jak je pou\u017eita a kde je pou\u017eita, je velmi nebezpe\u010dn\u00e9.<\/p>\n<p><b>Tvrd\u00edm, \u017ee skute\u010dnost, \u017ee vl\u00e1dnouc\u00ed t\u0159\u00edda USA v\u00e1\u017en\u011b uva\u017euje jak o \u201eomezen\u00e9m\u201c pou\u017eit\u00ed \u201etaktick\u00fdch\u201c jadern\u00fdch zbran\u00ed, tak o \u201edekapituj\u00edc\u00edch \u00faderech\u201c, je velmi dobr\u00fdm ukazatelem toho, \u017ee USA doch\u00e1zej\u00ed Wunderwaffen a \u017ee neoconi jsou zoufal\u00ed.<\/b><\/p>\n<p>A t\u011bm, kte\u0159\u00ed by mohli b\u00fdt v poku\u0161en\u00ed obvinit m\u011b z hyperboly nebo paranoidn\u00edch blud\u016f, \u0159eknu n\u00e1sleduj\u00edc\u00ed:<\/p>\n<p><b>Tato v\u00e1lka NEN\u00cd, opakuji, NEN\u00cd o Ukrajin\u011b (ani o Polsku nebo t\u0159ech pobaltsk\u00fdch st\u00e1tech). Je to minim\u00e1ln\u011b v\u00e1lka o budoucnost Evropy. V z\u00e1sad\u011b je to v\u00e1lka o kompletn\u00ed reorganizaci mezin\u00e1rodn\u00edho uspo\u0159\u00e1d\u00e1n\u00ed na\u0161\u00ed planety.<\/b>\u00a0Dokonce si trouf\u00e1m tvrdit, \u017ee v\u00fdsledek t\u00e9to v\u00e1lky bude m\u00edt v\u011bt\u0161\u00ed dopad ne\u017e prvn\u00ed nebo druh\u00e1 sv\u011btov\u00e1 v\u00e1lka. Rusov\u00e9 to jasn\u011b ch\u00e1pou (pokud o tom pochybujete, pod\u00edvejte se na video v\u00fd\u0161e).<\/p>\n<p>Stejn\u011b jako neoconi, i kdy\u017e o tom nemluv\u00ed.<\/p>\n<p>Sou\u010dasn\u00e1 situace je mnohem nebezpe\u010dn\u011bj\u0161\u00ed ne\u017e kub\u00e1nsk\u00e1 krize nebo situace v Berl\u00edn\u011b. Tehdy alespo\u0148 ob\u011b strany otev\u0159en\u011b p\u0159iznaly, \u017ee situace je skute\u010dn\u011b nebezpe\u010dn\u00e1. Tentokr\u00e1t v\u0161ak vl\u00e1dnouc\u00ed elity Z\u00e1padu vyu\u017e\u00edvaj\u00ed sv\u00fdch ohromn\u00fdch PSYOP\/propagandistick\u00fdch schopnost\u00ed, aby zakryly skute\u010dn\u00fd rozsah toho, co se skute\u010dn\u011b d\u011bje. Kdyby ka\u017ed\u00fd ob\u010dan USA (a EU) pochopil, \u017ee m\u00e1 na hlav\u011b namalovan\u00fd jadern\u00fd a konven\u010dn\u00ed k\u0159\u00ed\u017e, mohlo by b\u00fdt v\u0161echno jinak. Bohu\u017eel tomu tak zjevn\u011b nen\u00ed, proto to neexistuj\u00edc\u00ed m\u00edrov\u00e9 hnut\u00ed a kvazisouhlas s nalit\u00edm des\u00edtek MILIARD dolar\u016f do ukrajinsk\u00e9 \u010dern\u00e9 d\u00edry.<\/p>\n<p>Pr\u00e1v\u011b te\u010f si bl\u00e1zni pohr\u00e1vaj\u00ed s nejr\u016fzn\u011bj\u0161\u00edmi hloup\u00fdmi n\u00e1pady, v\u010detn\u011b vylou\u010den\u00ed Ruska z RB OSN (to se nestane, proto\u017ee Rusko i \u010c\u00edna maj\u00ed pr\u00e1vo veta) nebo dokonce vytvo\u0159en\u00ed\u00a0<a href=\"https:\/\/www.rt.com\/russia\/568965-ukraine-un-peace-summit\/\" target=\"_blank\" rel=\"external noopener\">\u201em\u00edrov\u00e9 konference\u201c o Ukrajin\u011b bez \u00fa\u010dasti Ruska<\/a>\u00a0(jako remake \u201ep\u0159\u00e1tel S\u00fdrie\u201c a \u201ep\u0159\u00e1tel Venezuely\u201c). No, hodn\u011b \u0161t\u011bst\u00ed s t\u00edm! Guaido a Tichanovsk\u00e1 zjevn\u011b nesta\u010d\u00ed k tomu, aby neocony odradili, a tak nyn\u00ed opakuj\u00ed \u00fapln\u011b stejn\u00fd nesmysl se \u201eZe\u201c.<\/p>\n<p>Zvl\u00e1dneme to do 31. prosince 2023?<\/p>\n<p>Mo\u017en\u00e1, ale v \u017e\u00e1dn\u00e9m p\u0159\u00edpad\u011b to nen\u00ed jist\u00e9. Je z\u0159ejm\u00e9, \u017ee Kreml takov\u00fd p\u0159edpoklad nevyslovuje, a proto skute\u010dn\u011b enormn\u011b posiluje v\u0161echny rusk\u00e9 strategick\u00e9 odstra\u0161ovac\u00ed kapacity (jadern\u00e9 i konven\u010dn\u00ed).<\/p>\n<p>D\u00e1-li B\u016fh, star\u00e9 p\u0159\u00edslov\u00ed \u201e<i>si vis pacem, para bellum<\/i>\u201c (Chce\u0161-li m\u00edr, p\u0159ipravuj se na v\u00e1lku) zachr\u00e1n\u00ed situaci, proto\u017ee Rusko je zcela jasn\u011b p\u0159ipraveno na jak\u00fdkoli konflikt, v\u010detn\u011b jadern\u00e9ho. \u010c\u00edna se tam tak\u00e9 brzy dostane, ale je pravd\u011bpodobn\u00e9, \u017ee v roce 2023 dojde k n\u011bjak\u00e9mu ukon\u010den\u00ed ukrajinsk\u00e9 v\u00e1lky: bu\u010f k rusk\u00e9mu v\u00edt\u011bzstv\u00ed na Ukrajin\u011b, nebo k v\u00e1lce na cel\u00e9m kontinentu, kterou Rusko tak\u00e9 vyhraje (i kdy\u017e za mnohem vy\u0161\u0161\u00ed cenu!). Tak\u017ee ne\u017e budou \u010c\u00ed\u0148an\u00e9 skute\u010dn\u011b p\u0159ipraveni (pravd\u011bpodobn\u011b budou pot\u0159ebovat dal\u0161\u00edch 2-5 let), bude sv\u011bt zcela jin\u00fd.<\/p>\n<p>Ze v\u0161ech t\u011bchto d\u016fvod\u016f se domn\u00edv\u00e1m, \u017ee rok 2023 m\u016f\u017ee b\u00fdt jedn\u00edm z nejd\u016fle\u017eit\u011bj\u0161\u00edch v historii lidstva. Kolik z n\u00e1s ho skute\u010dn\u011b p\u0159e\u017eije, je otev\u0159en\u00e1 ot\u00e1zka.<\/p>\n<div class=\"podcarou\">\n<p><a href=\"http:\/\/thesaker.is\/the-most-important-question\/\" target=\"_blank\" rel=\"external noopener\">The most important question<\/a> vy\u0161el 27.12.2022 na thesaker.is. P\u0159eklad Zv\u011bdavec.<\/p>\n<p>P\u0159evzato\u00a0<a href=\"https:\/\/zvedavec.news\/komentare\/2022\/12\/9473-nejdulezitejsi-otazka.htm\">Zvedavec.org<\/a><\/p>\n<\/div>\n<\/section>\n<p><img decoding=\"async\" loading=\"lazy\" class=\"wp-image-19187 aligncenter\" src=\"http:\/\/www.infokuryr.cz\/n\/wp-content\/uploads\/2022\/12\/1-PRO-300x36.jpg\" alt=\"\" width=\"1258\" height=\"151\" srcset=\"https:\/\/www.infokuryr.cz\/n\/wp-content\/uploads\/2022\/12\/1-PRO-300x36.jpg 300w, https:\/\/www.infokuryr.cz\/n\/wp-content\/uploads\/2022\/12\/1-PRO.jpg 699w\" sizes=\"(max-width: 1258px) 100vw, 1258px\" \/><\/p>\n<p>&nbsp;<\/p>\n","protected":false},"excerpt":{"rendered":"<p>Vypad\u00e1 to, \u017ee se do\u017eijeme 31. prosince 2022. Zvl\u00e1dneme to do 31. prosince 2023? Tato&#8230;<\/p>\n","protected":false},"author":2,"featured_media":1664,"comment_status":"closed","ping_status":"closed","sticky":false,"template":"","format":"standard","meta":[],"categories":[7],"tags":[1042,276,37,40,365],"_links":{"self":[{"href":"https:\/\/www.infokuryr.cz\/n\/wp-json\/wp\/v2\/posts\/20490"}],"collection":[{"href":"https:\/\/www.infokuryr.cz\/n\/wp-json\/wp\/v2\/posts"}],"about":[{"href":"https:\/\/www.infokuryr.cz\/n\/wp-json\/wp\/v2\/types\/post"}],"author":[{"embeddable":true,"href":"https:\/\/www.infokuryr.cz\/n\/wp-json\/wp\/v2\/users\/2"}],"replies":[{"embeddable":true,"href":"https:\/\/www.infokuryr.cz\/n\/wp-json\/wp\/v2\/comments?post=20490"}],"version-history":[{"count":0,"href":"https:\/\/www.infokuryr.cz\/n\/wp-json\/wp\/v2\/posts\/20490\/revisions"}],"wp:featuredmedia":[{"embeddable":true,"href":"https:\/\/www.infokuryr.cz\/n\/wp-json\/wp\/v2\/media\/1664"}],"wp:attachment":[{"href":"https:\/\/www.infokuryr.cz\/n\/wp-json\/wp\/v2\/media?parent=20490"}],"wp:term":[{"taxonomy":"category","embeddable":true,"href":"https:\/\/www.infokuryr.cz\/n\/wp-json\/wp\/v2\/categories?post=20490"},{"taxonomy":"post_tag","embeddable":true,"href":"https:\/\/www.infokuryr.cz\/n\/wp-json\/wp\/v2\/tags?post=20490"}],"curies":[{"name":"wp","href":"https:\/\/api.w.org\/{rel}","templated":true}]}}