{"id":2049,"date":"2021-05-28T05:28:19","date_gmt":"2021-05-28T03:28:19","guid":{"rendered":"http:\/\/www.infokuryr.cz\/n\/?p=2049"},"modified":"2021-05-28T05:28:19","modified_gmt":"2021-05-28T03:28:19","slug":"unikatni-video-zachycuje-16-leteho-romana-protasevice-jak-oznamuje-zpretrhani-vztahu-s-rodici-a-prechod-do-ilegality","status":"publish","type":"post","link":"https:\/\/www.infokuryr.cz\/n\/2021\/05\/28\/unikatni-video-zachycuje-16-leteho-romana-protasevice-jak-oznamuje-zpretrhani-vztahu-s-rodici-a-prechod-do-ilegality\/","title":{"rendered":"Unik\u00e1tn\u00ed video zachycuje 16-let\u00e9ho Romana Protasevi\u010de, jak oznamuje zp\u0159etrh\u00e1n\u00ed vztah\u016f s rodi\u010di a p\u0159echod do ilegality!"},"content":{"rendered":"<div id=\"fb-root\"><\/div>\n<h4>Unik\u00e1tn\u00ed video zachycuje 16-let\u00e9ho Romana Protasevi\u010de, jak oznamuje zp\u0159etrh\u00e1n\u00ed vztah\u016f s rodi\u010di a p\u0159echod do ilegality! Matka p\u0159i jeho odchodu kle\u010dela na podlaze a prosila, aby neodch\u00e1zel z domu a zoufal\u00fd otec o synovi \u0159ekl, \u017ee chod\u00ed jako zombie zmanipulovan\u00e1 divn\u00fdmi lidmi, kte\u0159\u00ed Romanovi slibuj\u00ed studium v Polsku a z\u00e1vratnou kari\u00e9ru protestn\u00edho v\u016fdce! P\u0159erod Romana Protasevi\u010de do Minsk\u00e9ho \u0160akala byl zah\u00e1jen p\u0159esn\u011b p\u0159ed 10 lety a v\u0161echno za\u010dalo u\u017e v \u010dervenci 2011! Roman p\u0159itom cht\u011bl studovat na rusk\u00e9 vojensk\u00e9 akademii v Petrohradu a studoval elitn\u00ed lyceum, potom se ale n\u011bco stalo!<\/h4>\n<p>V\u010dera n\u00e1m do redakce jeden z na\u0161ich \u010dten\u00e1\u0159\u016f zaslal z\u00e1sadn\u00ed video a spolu s t\u00edm i odkaz na jeden b\u011blorusk\u00fd \u010dl\u00e1nek z roku 2011. A\u017e dosud jsme si mysleli, \u017ee Roman Protasevi\u010d byl p\u0159\u00edznivcem neonacismu v d\u016fsledku soci\u00e1ln\u00edho a t\u0159\u00eddn\u00edho za\u0159azen\u00ed v B\u011blorusku, kde se ml\u00e1de\u017e v chud\u0161\u00edch regionech radikalizuje a je n\u00e1chyln\u00e1 pro p\u016fsoben\u00ed r\u016fzn\u00fdch pro-z\u00e1padn\u00edch organizac\u00ed,\u00a0<strong>ov\u0161em v p\u0159\u00edpad\u011b rodiny Romana Protasevi\u010de je soci\u00e1ln\u00ed za\u0159azen\u00ed a status n\u011bkde \u00fapln\u011b jinde. Jeho t\u0159\u00eddn\u00ed za\u0159azen\u00ed vylu\u010duje, \u017ee by se stal konceptu\u00e1ln\u00edm v\u016fdcem z lidu, to je naprost\u00fd nesmysl.<\/strong>\u00a0Unik\u00e1tn\u00ed video z roku 2011 a rozhovor s jeho rodi\u010di ukazuje na jin\u00fd proces, na zkorumpov\u00e1n\u00ed du\u0161e mlad\u00e9ho \u010dlov\u011bka moc\u00ed a sl\u00e1vou lidmi, kter\u00e9 jeho rodi\u010de nikdy nevid\u011bli.<\/p>\n<figure id=\"attachment_46889\" class=\"wp-caption aligncenter\" style=\"width: 559px;\"><a href=\"https:\/\/aeronet.cz\/news\/wp-content\/uploads\/Protasevich2011arrested.jpg\"><img decoding=\"async\" loading=\"lazy\" class=\"wp-image-46889 \" src=\"https:\/\/aeronet.cz\/news\/wp-content\/uploads\/Protasevich2011arrested-1024x668.jpg\" sizes=\"(max-width: 700px) 100vw, 700px\" srcset=\"https:\/\/aeronet.cz\/news\/wp-content\/uploads\/Protasevich2011arrested-1024x668.jpg 1024w, https:\/\/aeronet.cz\/news\/wp-content\/uploads\/Protasevich2011arrested-300x196.jpg 300w, https:\/\/aeronet.cz\/news\/wp-content\/uploads\/Protasevich2011arrested-768x501.jpg 768w, https:\/\/aeronet.cz\/news\/wp-content\/uploads\/Protasevich2011arrested-700x457.jpg 700w, https:\/\/aeronet.cz\/news\/wp-content\/uploads\/Protasevich2011arrested-100x65.jpg 100w, https:\/\/aeronet.cz\/news\/wp-content\/uploads\/Protasevich2011arrested-547x357.jpg 547w, https:\/\/aeronet.cz\/news\/wp-content\/uploads\/Protasevich2011arrested-740x483.jpg 740w, https:\/\/aeronet.cz\/news\/wp-content\/uploads\/Protasevich2011arrested.jpg 1280w\" alt=\"\" width=\"559\" height=\"365\" \/><\/a><figcaption class=\"wp-caption-text\">Roman Protasevi\u010d (16) v roce 2011 po zat\u010den\u00ed p\u0159i demonstraci 21. z\u00e1\u0159\u00ed 2011<\/figcaption><\/figure>\n<p>V redakci jsme se proto rozhodli j\u00edt po stop\u00e1ch b\u011blorusk\u00e9ho revolucion\u00e1\u0159e tak daleko, jak to jen bude mo\u017en\u00e9 a nejlep\u0161\u00edm zdrojem informac\u00ed jsou b\u011blorusk\u00e1 m\u00e9dia.\u00a0<strong>Zaj\u00edmalo n\u00e1s, jak se to stane, \u017ee 20-let\u00fd B\u011blorus vstoup\u00ed do ob\u010dansk\u00e9 v\u00e1lky na Ukrajin\u011b v roce 2015, obl\u00e9kne uniformu praporu Azov a jde st\u0159\u00edlet, kdy\u017e p\u0159itom poch\u00e1z\u00ed z elitn\u00ed b\u011blorusk\u00e9 rodiny.<\/strong>\u00a0Kde se objevil Roman Protasevi\u010d? A kdy to bylo? Existuje n\u011bjak\u00fd moment, kde bychom na\u0161li okam\u017eik zrodu pozd\u011bj\u0161\u00edho agenta USAID a CIA?<\/p>\n<h6><span style=\"font-size: 14pt;\">VIDEO: Odchod od rodiny do ilegality na podn\u011bt divn\u00fdch lid\u00ed<\/span><\/h6>\n<p>Ano, poda\u0159ilo se n\u00e1m naj\u00edt prvn\u00ed tiskovou zm\u00ednku o Romanu Protasevi\u010dovi, kter\u00e1 se datuje ke dni 28. z\u00e1\u0159\u00ed 2011, kdy b\u011blorusk\u00fd port\u00e1l Naviny.by p\u0159inesl v\u00fdbu\u0161n\u00fd \u010dl\u00e1nek o mlad\u00edkovi, kter\u00fd byl u\u017e 13. \u010dervence 2011 zat\u010den p\u0159i \u00fa\u010dasti na tzv. Tich\u00e9 demonstraci.\u00a0<strong>Roman Protasevi\u010d nato\u010dil v z\u00e1\u0159\u00ed 2011 unik\u00e1tn\u00ed video, kter\u00e9 jsem opat\u0159il \u010desk\u00fdmi titulky, proto\u017ee odhaluje okam\u017eik, kdy se 16-let\u00fd Roman roze\u0161el se sv\u00fdmi rodi\u010di po sv\u00e9m vylou\u010den\u00ed ji\u017e ze druh\u00e9 \u0161koly.<\/strong>\u00a0Otec se toti\u017e v rozhovoru pro Naviny.by rozpov\u00eddal a za\u010dal mluvit o divn\u00fdch a nezn\u00e1m\u00fdch lidech, kte\u0159\u00ed jejich syna v posledn\u00ed dob\u011b kontaktovali, vymyli mu mozek, naslibovali mu hory doly, \u017ee bude studovat na presti\u017en\u00edch \u0161kol\u00e1ch v Polsku, a \u017ee se stane v\u016fdcem revoluce.<\/p>\n<p>&nbsp;<\/p>\n<div id=\"rumble_vf3509\">\n<div id=\"vid_vf3509\" class=\"rumble_vf3509-Rumble-cls\">\n<div class=\"bigPlayUI ctp\">\n<div class=\"bigPlayUIInner ctp\"><div class='videoWrapper'>\r\n\t            <iframe src='https:\/\/rumble.com\/embed\/pj.vf3509\/' frameborder='0' allowfullscreen><\/iframe>\r\n\t        <\/div><\/div>\n<\/div>\n<\/div>\n<\/div>\n<p>&nbsp;<\/p>\n<p>N\u011bkdo si toti\u017e vybral jejich syna s p\u0159\u00edjmen\u00edm Protasevi\u010d, aby se stal v\u016fdcem odporu.\u00a0P\u0159ipad\u00e1 v\u00e1m to p\u0159ita\u017een\u00e9 za vlasy? Mn\u011b tak\u00e9, a\u017e do v\u010derej\u0161ka, ne\u017e jsem si p\u0159e\u010detl historii t\u00e9to elitn\u00ed rodinky Protasevi\u010dov\u00fdch. Jejich synek Roman nebyl \u017e\u00e1dn\u00fd vlastenec, ale usiloval o kari\u00e9ru na elitn\u00ed rusk\u00e9 kosmick\u00e9 akademii. Otec je politruk na vojensk\u00e9 akademii, matka p\u0159edn\u00e1\u0161\u00ed na univerzit\u011b vy\u0161\u0161\u00ed matematiku. Elitn\u00ed rodinka, ale najednou v roce 2011 se n\u011bco stalo s jejich synkem. Poj\u010fme si nejprve ocitovat v\u016fbec prvn\u00ed \u010dl\u00e1nek v historii, kter\u00fd v B\u011blorusku o Romanu Protasevi\u010dovi vy\u0161el.\u00a0<strong>\u010cl\u00e1nek vy\u0161el [<a href=\"https:\/\/href.li\/?https:\/\/naviny.online\/rubrics\/society\/2011\/09\/28\/ic_articles_116_175264\" target=\"_blank\" rel=\"nofollow noopener\">1<\/a>] na serveru Naviny dne 28. z\u00e1\u0159\u00ed 2011 a vykresluje neuv\u011b\u0159iteln\u00e9 obrysy cel\u00e9ho p\u0159\u00edb\u011bhu.<\/strong><\/p>\n<h6><span style=\"font-size: 14pt;\">Kandid\u00e1t na prezidentskou cenu se stal zneuznan\u00fdm d\u00edt\u011btem<\/span><\/h6>\n<p>\u0160estn\u00e1ctilet\u00fd \u00fa\u010dastn\u00edk tich\u00e9ho protestu Roman Protasevi\u010d byl vylou\u010den z lycea a nevylu\u010duje, \u017ee se bude muset \u201c<em>schov\u00e1vat p\u0159ed rodi\u010di a spolu\u017e\u00e1ky<\/em>\u201c.<\/p>\n<p>\u00da\u010dastn\u00edk tich\u00e9ho protestu v Minsku, \u0161estn\u00e1ctilet\u00fd Roman Protasevi\u010d, se mus\u00ed skr\u00fdvat p\u0159ed rodi\u010di a \u00fa\u0159ady. Ve videop\u0159\u00edsp\u011bvku zve\u0159ejn\u011bn\u00e9m na internetu Protasevi\u010d uvedl, \u017ee byl vylou\u010den ze \u0161koly\u00a0<em>\u201cze z\u0159ejm\u00fdch d\u016fvod\u016f\u201d<\/em>\u00a0a nyn\u00ed m\u016f\u017ee b\u00fdt um\u00edst\u011bn do soci\u00e1ln\u00edho \u00fatulku \u201c<em>jako nespolehliv\u00e9 d\u00edt\u011b<\/em>\u201c. Roman Protasevi\u010d byl zadr\u017een polici\u00ed b\u011bhem tich\u00e9 protestn\u00ed akce 13. \u010dervence v Minsku. Kr\u00e1tce po incidentu byl mlad\u00edk podle sv\u00fdch slov vylou\u010den z presti\u017en\u00edho lycea BNTU, kde studoval.<\/p>\n<p><strong>Po vylou\u010den\u00ed z lycea byl Roman p\u0159ijat na st\u0159edn\u00ed \u0161kolu v m\u00edst\u011b bydli\u0161t\u011b, kde se v\u0161ak Roman u\u010dil jen n\u011bkolik dn\u00ed, ale jak tvrd\u00ed, byl vylou\u010den.<\/strong>\u00a0\u201c<em>Te\u010f se nav\u00edc objevila ot\u00e1zka, \u017ee budu um\u00edst\u011bn do soci\u00e1ln\u00edho \u00fatulku jako nespolehliv\u00e9 d\u00edt\u011b,<\/em>\u201d \u0159\u00edk\u00e1 Protasevi\u010d na videu. Mlad\u00edk nevylu\u010duje, \u017ee bude nucen \u201c<em>p\u0159ej\u00edt do ilegality<\/em>\u201d a \u201c<em>skr\u00fdvat se p\u0159ed rodi\u010di, p\u0159\u00edpadn\u011b p\u0159ed spolu\u017e\u00e1ky<\/em>\u201c. \u201c<em>Nyn\u00ed p\u0159ich\u00e1z\u00ed nejt\u011b\u017e\u0161\u00ed obdob\u00ed m\u00e9ho \u017eivota<\/em>,\u201d poznamen\u00e1v\u00e1 Protasevi\u010d.<\/p>\n<p>\u0160estn\u00e1ctilet\u00fd Roman Protasevi\u010d byl letos na ja\u0159e nominov\u00e1n na Prezidentskou cenu. Mlad\u00fd mu\u017e je autorem v\u011bdeck\u00e9 pr\u00e1ce z oblasti fyziky, v n\u00ed\u017e navrhl komplexn\u00ed syst\u00e9m chlazen\u00ed satelitn\u00edho syst\u00e9mu.\u00a0<strong>S touto prac\u00ed Protasevi\u010d vystoupil na mezin\u00e1rodn\u00ed konferenci v Petrohrad\u011b v\u011bnovan\u00e9 Dni kosmonautiky a setkal se se sov\u011btsk\u00fdm kosmonautem Georgijem Gre\u010dkem. Po z\u00edsk\u00e1n\u00ed st\u0159edo\u0161kolsk\u00e9ho vzd\u011bl\u00e1n\u00ed pl\u00e1noval nastoupit na Ruskou vojenskou vesm\u00edrnou akademii A. F. Mozajsk\u00e9ho v Petrohradu.<\/strong><\/p>\n<p>Kv\u016fli rozd\u00edln\u00fdm politick\u00fdm n\u00e1zor\u016fm se Protasevi\u010d dostal do konfliktu s rodi\u010di: matkou a otcem. Otec pracoval jako docent ideologick\u00e9ho odd\u011blen\u00ed Vojensk\u00e9 akademie B\u011blorusk\u00e9 republiky. Podle mlad\u00e9ho mu\u017ee musel kv\u016fli konfliktu s rodi\u010di odej\u00edt z domova.<\/p>\n<p>Tento prvn\u00ed \u010dl\u00e1nek o Protasevi\u010dovi v b\u011blorusk\u00e9m tisku vypr\u00e1v\u00ed n\u011bkolik p\u0159\u00edb\u011bh\u016f. Roman Protasevi\u010d poch\u00e1z\u00ed z rodiny vysok\u00e9ho vojensk\u00e9ho politruka, p\u0159i\u010dem\u017e po vystudov\u00e1n\u00ed lycea cht\u011bl Roman pokra\u010dovat na elitn\u00ed rusk\u00e9 vojensk\u00e9 akademii v Petrohradu. To je vtip? Toto m\u00e1 b\u00fdt profil nejv\u011bt\u0161\u00edho b\u011blorusk\u00e9ho aktivisty a protirusk\u00e9ho k\u00e1dra, jak se sna\u017e\u00ed vykreslovat z\u00e1padn\u00ed m\u00e9dia? Roman ve videu ze z\u00e1\u0159\u00ed 2011 uv\u00e1d\u00ed, \u017ee bude muset p\u0159ej\u00edt do ilegality. Jeho \u00fa\u010dasti na demonstraci 13. \u010dervence a potom 21. z\u00e1\u0159\u00ed 2011 v\u0161ak musely m\u00edt n\u011bjak\u00fd spou\u0161t\u011bc\u00ed mechanismus.<\/p>\n<figure id=\"attachment_46887\" class=\"wp-caption aligncenter\" style=\"width: 546px;\"><a href=\"https:\/\/aeronet.cz\/news\/wp-content\/uploads\/Protasevich2011arGroup.jpg\"><img decoding=\"async\" loading=\"lazy\" class=\"wp-image-46887 \" src=\"https:\/\/aeronet.cz\/news\/wp-content\/uploads\/Protasevich2011arGroup-1024x618.jpg\" sizes=\"(max-width: 700px) 100vw, 700px\" srcset=\"https:\/\/aeronet.cz\/news\/wp-content\/uploads\/Protasevich2011arGroup-1024x618.jpg 1024w, https:\/\/aeronet.cz\/news\/wp-content\/uploads\/Protasevich2011arGroup-300x181.jpg 300w, https:\/\/aeronet.cz\/news\/wp-content\/uploads\/Protasevich2011arGroup-768x464.jpg 768w, https:\/\/aeronet.cz\/news\/wp-content\/uploads\/Protasevich2011arGroup-700x423.jpg 700w, https:\/\/aeronet.cz\/news\/wp-content\/uploads\/Protasevich2011arGroup-591x357.jpg 591w, https:\/\/aeronet.cz\/news\/wp-content\/uploads\/Protasevich2011arGroup-800x483.jpg 800w, https:\/\/aeronet.cz\/news\/wp-content\/uploads\/Protasevich2011arGroup.jpg 1280w\" alt=\"\" width=\"546\" height=\"330\" \/><\/a><figcaption class=\"wp-caption-text\">Roman Protasevi\u010d (16) v roce 2011 po zat\u010den\u00ed p\u0159i demonstraci 21. z\u00e1\u0159\u00ed 2011<\/figcaption><\/figure>\n<p>Synek z rodiny vysok\u00e9ho d\u016fstojn\u00edka na vojensk\u00e9 akademii se jen tak nestane revolucion\u00e1\u0159em, a u\u017e v\u016fbec ne ve v\u011bku 16 let. Pokud by m\u011bl n\u011bjak\u00e9 vlasteneck\u00e9 ukotven\u00ed, neza\u010dalo by se profilovat ve v\u011bku 16 let, to je p\u0159\u00edli\u0161 brzy. V tomto v\u011bku se ml\u00e1de\u017e zaj\u00edm\u00e1 o jin\u00e9 v\u011bci, ne\u017e je politika. I kdy\u017e jsou samoz\u0159ejm\u011b v\u00fdjimky, jen\u017ee to by potom Roman nesm\u011bl usilovat o studium na presti\u017en\u00ed vojensk\u00e9 akademii v Rusku.\u00a0<strong>Jen\u017ee, ten sam\u00fd den 28. z\u00e1\u0159\u00ed vy\u0161el na Naviny.by je\u0161t\u011b jeden \u010dl\u00e1nek [<a href=\"https:\/\/href.li\/?https:\/\/naviny.online\/rubrics\/society\/2011\/09\/28\/ic_articles_116_175267\" target=\"_blank\" rel=\"nofollow noopener\">2<\/a>] a tentokr\u00e1t rozhovor s Romanov\u00fdmi rodi\u010di. V n\u011bm se dozv\u00edd\u00e1me skute\u010dnou a d\u011bsivou pravdu, k \u010demu tehdy v l\u00e9t\u011b roku 2011 opravdu do\u0161lo.<\/strong><\/p>\n<h6><span style=\"font-size: 14pt;\">Rodi\u010de Romana Protasevi\u010de: Nikdo ho nevyhodil z domu! U\u017e jsou unaveni z obvin\u011bn\u00ed a p\u0159\u00edval\u016f \u0161p\u00edny na jejich adresu\u2026<\/span><\/h6>\n<p>Rodi\u010de \u0161estn\u00e1ctilet\u00e9ho Romana Protasevi\u010de jsou rozho\u0159\u010deni \u0161p\u00ednou, kter\u00e1 se na jejich rodinu val\u00ed v souvislosti se skand\u00e1lem kolem jejich syna, a tvrd\u00ed, \u017ee d\u00edt\u011b nevyhodili na ulici. P\u0159ipome\u0148me, \u017ee mlad\u00edk z Minsku Roman Protasevi\u010d zve\u0159ejnil na s\u00edti video, kde uvedl, \u017ee\u00a0<strong>po zadr\u017een\u00ed na tich\u00e9 protestn\u00ed akci 13. \u010dervence byl vylou\u010den nejprve z lycea BNTU, a pot\u00e9 z b\u011b\u017en\u00e9 \u0161koly, kam se p\u0159est\u011bhoval, a kv\u016fli n\u00e1zorov\u00fdm neshod\u00e1m s rodi\u010di musel opustit domov.<\/strong>\u00a0Nyn\u00ed se mus\u00ed skr\u00fdvat p\u0159ed rodi\u010di i \u00fa\u0159ady, proto\u017ee m\u016f\u017ee b\u00fdt um\u00edst\u011bn do soci\u00e1ln\u00edho \u00fatulku \u201c<em>jako nespolehliv\u00e9 d\u00edt\u011b<\/em>\u201c.<\/p>\n<p>Jak s\u00e1m Roman Protasevi\u010d uvedl ve sv\u00e9m koment\u00e1\u0159i pro Naviny.by, doma opravdu ne\u017eije. St\u0159echu nad hlavou mu poskytli \u201c<em>dob\u0159\u00ed lid\u00e9<\/em>\u201c. Podle Romana se nyn\u00ed dokonce hovo\u0159\u00ed o zapojen\u00ed policie, aby ho vr\u00e1tila na ideologicky spr\u00e1vnou cestu. Podle mlad\u00edka jsou tak\u00e9 odposlouch\u00e1v\u00e1ny jeho telefony a jeho otec kontroluje jeho kontakty podle v\u00fdpis\u016f telefonn\u00edch a textov\u00fdch zpr\u00e1v. Nev\u00ed, jak se tento p\u0159\u00edb\u011bh vyvine, ale douf\u00e1, \u017ee neskon\u010d\u00ed nejh\u016f\u0159.<\/p>\n<p>Roman upozornil, \u017ee jeho rodi\u010de budou m\u00edt na situaci radik\u00e1ln\u011b odli\u0161n\u00fd n\u00e1zor, ale my jsme se obr\u00e1tili na matku a otce mlad\u00edka, Nat\u00e1lii a Dmitrije Protasevi\u010dovy.\u00a0<strong>Dmitrij vyu\u010duje na Fakult\u011b velen\u00ed a \u0161t\u00e1bu Vojensk\u00e9 akademie, Natalia tak\u00e9 pracuje na akademii \u2013 p\u0159edn\u00e1\u0161\u00ed vy\u0161\u0161\u00ed matematiku.<\/strong>\u00a0Rodi\u010de tvrd\u00ed, \u017ee p\u0159\u00edb\u011bh, kter\u00fd syn vypr\u00e1v\u011bl, neodpov\u00edd\u00e1 skute\u010dnosti \u2013\u00a0<strong>jejich syn se rozhodl odej\u00edt z domova s\u00e1m a byl ovlivn\u011bn nezn\u00e1m\u00fdmi lidmi.<\/strong>\u00a0V rodin\u011b nejsou \u017e\u00e1dn\u00e9 ideologick\u00e9 konflikty a rodi\u010de se staraj\u00ed pouze o to, kde je jejich syn. Dmitrij a Nat\u00e1lie jsou ji\u017e unaveni z obvin\u011bn\u00ed a p\u0159\u00edval\u016f \u0161p\u00edny na jejich adresu. Natalia si dokonce musela vz\u00edt nemocenskou.<\/p>\n<p>\u201c<em>Nikdo ho z domu nevyhodil,<\/em>\u201d \u0159ekl ihned pro Naviny.by Roman\u016fv otec Dmitrij Protasevi\u010d. \u2013 \u201c<em>Bylo to jeho vlastn\u00ed rozhodnut\u00ed. P\u0159esv\u011bd\u010dovali jsme ho, aby z\u016fstal. A co v\u00edc, kdy\u017e odch\u00e1zel,\u00a0<strong>jeho matka kle\u010dela na kolenou<\/strong>. Ode\u0161el v na\u0161\u00ed p\u0159\u00edtomnosti, ale my jsme ho nezadr\u017eeli. M\u00e9mu synovi je 16 let, m\u016f\u017ee se rozhodovat.\u201d\u00a0<\/em>Roman\u016fv otec je p\u0159esv\u011bd\u010den, \u017ee jeho syna ovlivnili n\u011bjac\u00ed politi\u010dt\u00ed technologov\u00e9, kte\u0159\u00ed mlad\u00edkovi sl\u00edbili hory doly.<\/p>\n<p>\u201c<em>Byl pod vlivem politick\u00fdch manipul\u00e1tor\u016f, kte\u0159\u00ed s n\u00edm zach\u00e1zeli tak obratn\u011b, \u017ee mu vymyli mozek. \u0158ekli mu \u2013 pro\u010d pot\u0159ebuje\u0161 studovat, budeme t\u011b propagovat a za dva t\u00fddny bude\u0161 studovat v Polsku,\u201d\u00a0<\/em>\u0159\u00edk\u00e1 Dmitrij Protasevi\u010d.<em>\u00a0\u201cKdo jsou tito lid\u00e9, nev\u00edm, i kdy\u017e bych o nich velmi r\u00e1d v\u011bd\u011bl. Roman je na vrcholu mladick\u00e9ho maximalismu, a tak se chop\u00ed p\u0159\u00edle\u017eitosti.\u00a0<strong>Z posledn\u00edch rozhovor\u016f s n\u00edm lze vy\u010d\u00edst, \u017ee je tak zombifikovan\u00fd, \u017ee je ochoten vym\u011bnit svou rodinu za tyto lidi, kte\u0159\u00ed mu sl\u00edbili pomoc a studium v Polsku.<\/strong>\u00a0V\u0161echen ten povyk kolem m\u00e9ho syna je inteligentn\u011b vyu\u017eit\u00fd k tomu, aby se uk\u00e1zalo, \u017ee m\u00e1me bojovn\u00edka za svobodu\u2026<\/em>\u201c.<\/p>\n<p>Podle rodi\u010d\u016f nav\u00edc Romana nikdo nevylou\u010dil z lycea B\u011blorusk\u00e9 n\u00e1rodn\u00ed technick\u00e9 univerzity (BNTU), ani ze \u0161koly. \u201c<em>V p\u0159edve\u010der akce 21. z\u00e1\u0159\u00ed m\u011b s\u00e1m po\u017e\u00e1dal, abych st\u00e1hl jeho dokumenty z lycea,<\/em>\u201d \u0159ekl Dmitrij Protasevi\u010d.\u00a0 \u201c<em>Ji\u017e v \u010dervenci byl p\u0159i t\u011bchto akc\u00edch varov\u00e1n p\u0159ed zadr\u017een\u00edm. Jedn\u00e1 se o nez\u00e1konn\u00e9 jedn\u00e1n\u00ed a \u017e\u00e1dn\u00fd mana\u017eer by samoz\u0159ejm\u011b necht\u011bl m\u00edt ve sv\u00e9m t\u00fdmu lidi, kte\u0159\u00ed poru\u0161uj\u00ed z\u00e1kony. V tomto ohledu sd\u00edl\u00edme postoj veden\u00ed lycea.\u00a0<strong>Za zm\u00ednku stoj\u00ed, \u017ee ho policist\u00e9 zbili. Ale m\u011bl na v\u00fdb\u011br, mohl studovat, z\u00edskat st\u0159edn\u00ed vzd\u011bl\u00e1n\u00ed a vybrat si jakoukoli vysokou \u0161kolu, kterou cht\u011bl. Jako rodi\u010de jsme na to vrhli v\u0161echny prost\u0159edky!<\/strong><\/em>\u201c.<\/p>\n<p>Podle Dmitrije Protasevi\u010de byly dokumenty \u0161kole odebr\u00e1ny nikoli z politick\u00fdch d\u016fvod\u016f. Uk\u00e1zalo se, \u017ee doklady jsou prost\u011b ne\u00fapln\u00e9, a jakmile budou dokumenty dopln\u011bny, Roman m\u016f\u017ee nastoupit do \u0161koly. Roman tak\u00e9 podle sv\u00e9ho otce nikdy nebyl v\u00edt\u011bzem mnoha fyzik\u00e1ln\u00edch olympi\u00e1d, jak psala n\u011bkter\u00e1 m\u00e9dia, ani dr\u017eitelem prezidentsk\u00e9 ceny.\u00a0<em>(Pozn. jeho syn byl jen nominov\u00e1n na cenu, ne \u017ee ji u\u017e dostal.)<\/em><\/p>\n<h6><span style=\"font-size: 14pt;\">B\u011bhem jedin\u00e9ho l\u00e9ta nezn\u00e1m\u00ed lid\u00e9 vymyli Romanovi mozek a obr\u00e1tili ho proti rodi\u010d\u016fm<\/span><\/h6>\n<p>Tento \u010dl\u00e1nek je naprosto kl\u00ed\u010dov\u00fd a kritick\u00fd. Unik\u00e1tn\u011b n\u00e1m umo\u017e\u0148uje nahl\u00e9dnout pod pokli\u010dku chystan\u00e9 barevn\u00e9 revoluce v B\u011blorusku u\u017e v roce 2011. Ze slov Romanova otce vid\u00edte, k \u010demu skute\u010dn\u011b do\u0161lo.\u00a0<strong>Roman nebyl \u017e\u00e1dn\u00fd vlastenec, \u017e\u00e1dn\u00fd probuzen\u00fd konceptu\u00e1l, kter\u00fd do\u0161el k p\u0159esv\u011bd\u010den\u00ed, \u017ee je t\u0159eba zm\u011bnit spole\u010dnost, ale pouh\u00fd zneu\u017eit\u00fd student z rodiny vojensk\u00fdch profesion\u00e1l\u016f<\/strong>, kter\u00fd se dostal do vlivu zvl\u00e1\u0161tn\u00edch a nezn\u00e1m\u00fdch osob, kter\u00e9 mu za\u010daly rozmlouvat pl\u00e1ny na pokra\u010dov\u00e1n\u00ed ve studi\u00edch a za\u010daly mu nab\u00edzet popularitu, propagaci, medi\u00e1ln\u00ed sl\u00e1vu a n\u00e1sledn\u011b studia v Polsku.<\/p>\n<figure id=\"attachment_46888\" class=\"wp-caption aligncenter\" style=\"width: 586px;\"><a href=\"https:\/\/aeronet.cz\/news\/wp-content\/uploads\/BNTU_Minsk.jpg\"><img decoding=\"async\" loading=\"lazy\" class=\"wp-image-46888 \" src=\"https:\/\/aeronet.cz\/news\/wp-content\/uploads\/BNTU_Minsk-1024x769.jpg\" sizes=\"(max-width: 700px) 100vw, 700px\" srcset=\"https:\/\/aeronet.cz\/news\/wp-content\/uploads\/BNTU_Minsk-1024x769.jpg 1024w, https:\/\/aeronet.cz\/news\/wp-content\/uploads\/BNTU_Minsk-300x225.jpg 300w, https:\/\/aeronet.cz\/news\/wp-content\/uploads\/BNTU_Minsk-768x577.jpg 768w, https:\/\/aeronet.cz\/news\/wp-content\/uploads\/BNTU_Minsk-700x526.jpg 700w, https:\/\/aeronet.cz\/news\/wp-content\/uploads\/BNTU_Minsk-476x357.jpg 476w, https:\/\/aeronet.cz\/news\/wp-content\/uploads\/BNTU_Minsk-643x483.jpg 643w, https:\/\/aeronet.cz\/news\/wp-content\/uploads\/BNTU_Minsk.jpg 1280w\" alt=\"\" width=\"586\" height=\"440\" \/><\/a><figcaption class=\"wp-caption-text\">Elitn\u00ed fyzik\u00e1ln\u00ed a technick\u00e9 lyceum BNTU v Minsku, na kter\u00e9m Roman Protasevi\u010d studoval<\/figcaption><\/figure>\n<p><strong>Jak otec s\u00e1m \u0159\u00edk\u00e1 v rozhovoru, nezn\u00e1 tyto lidi, nev\u00ed, kdo to je, ale jeho syn od t\u00e9 doby, co se s nimi st\u00fdk\u00e1, je \u00fapln\u011b\u00a0<em>zombifikovan\u00fd<\/em>.<\/strong>\u00a0Roman dokonce uprchl z domova i p\u0159esto, \u017ee jeho matka ho prosila na kolenou, aby z\u016fstal. Prost\u011b se sbalil a ode\u0161el jako z hotelu, na kolenou nechal plakat vlastn\u00ed m\u00e1mu. Jak \u0159\u00edk\u00e1 jeho otec, Roman vym\u011bnil vlastn\u00ed rodi\u010de za tyto divn\u00e9 ciz\u00ed lidi, kte\u0159\u00ed mu nab\u00eddli sl\u00e1vu v\u016fdce a studia v Polsku. Je \u00fapln\u011b bezp\u0159edm\u011btn\u00e9 dohadovat se, jestli Roman Protasevi\u010d opravdu zast\u00e1v\u00e1 vlasteneck\u00e9 teze, nebo je jenom okouzlen sl\u00e1vou a popularitou, ale pravdou je, \u017ee byl nominov\u00e1n na Prezidentskou cenu, opravdu prezentoval v\u011bdeckou pr\u00e1ci v Petrohradu jako student elitn\u00edho fyzik\u00e1ln\u00edho lycea.<\/p>\n<figure id=\"attachment_46891\" class=\"wp-caption aligncenter\" style=\"width: 582px;\"><a href=\"https:\/\/aeronet.cz\/news\/wp-content\/uploads\/NataliaDmitrijProtasevich.jpg\"><img decoding=\"async\" loading=\"lazy\" class=\"wp-image-46891 \" src=\"https:\/\/aeronet.cz\/news\/wp-content\/uploads\/NataliaDmitrijProtasevich-1024x538.jpg\" sizes=\"(max-width: 700px) 100vw, 700px\" srcset=\"https:\/\/aeronet.cz\/news\/wp-content\/uploads\/NataliaDmitrijProtasevich-1024x538.jpg 1024w, https:\/\/aeronet.cz\/news\/wp-content\/uploads\/NataliaDmitrijProtasevich-300x158.jpg 300w, https:\/\/aeronet.cz\/news\/wp-content\/uploads\/NataliaDmitrijProtasevich-768x403.jpg 768w, https:\/\/aeronet.cz\/news\/wp-content\/uploads\/NataliaDmitrijProtasevich-700x368.jpg 700w, https:\/\/aeronet.cz\/news\/wp-content\/uploads\/NataliaDmitrijProtasevich-680x357.jpg 680w, https:\/\/aeronet.cz\/news\/wp-content\/uploads\/NataliaDmitrijProtasevich-920x483.jpg 920w, https:\/\/aeronet.cz\/news\/wp-content\/uploads\/NataliaDmitrijProtasevich.jpg 1200w\" alt=\"\" width=\"582\" height=\"306\" \/><\/a><figcaption class=\"wp-caption-text\">Aktu\u00e1ln\u00ed foto, sou\u010dasn\u00e1 podoba rodi\u010d\u016f, Natalia a Dmitrij Protasevi\u010dovi<\/figcaption><\/figure>\n<p>A opravdu se tam setkal\u00a0se sov\u011btsk\u00fdm kosmonautem Georgijem Gre\u010dkem, a opravdu cht\u011bl studovat v Petrohradu na vojensk\u00e9 kosmick\u00e9 akademii. M\u011bl k tomu ve\u0161ker\u00e9 p\u0159edpoklady a rodinn\u00e9 i k\u00e1drov\u00e9 z\u00e1zem\u00ed.\u00a0<strong>V roce 2011 o pr\u00e1zdnin\u00e1ch se ale n\u011bco stalo, za\u010dal se st\u00fdkat s divn\u00fdmi lidmi a do\u0161lo k odcizen\u00ed jeho vztah\u016f s rodi\u010di, za\u010dal \u017e\u00edt ve snu studentsk\u00e9ho protestn\u00edho v\u016fdce, kter\u00fd bude studovat v Polsku a bude \u017e\u00edt v cizin\u011b.<\/strong>\u00a0A opravdu se tak stalo, Roman Protasevi\u010d se v roce 2018 dostal a\u017e do rozhovor\u016f s americk\u00fdmi p\u0159edstaviteli na ministerstvu zahrani\u010d\u00ed ve Washingtonu, v\u00edce v na\u0161em \u010dl\u00e1nku\u00a0<strong><a href=\"https:\/\/aeronet.cz\/news\/sakal-z-minsku-roman-protasevic-jako-bojovnik-ukrajinskeho-praporu-azov-ktery-se-dostal-az-na-titulni-stranku-jejich-casopisu-od-roku-2017-mel-zakladnu-v-ceske-republice-pod-dozorem-ceskych-cuckaru\/\">zde<\/a><\/strong>. Tomu se prost\u011b studium na n\u011bjak\u00e9 univerzit\u011b z pohledu mlad\u00e9ho \u010dlov\u011bka vyrovnat nem\u016f\u017ee.<\/p>\n<h6><span style=\"font-size: 14pt;\">D\u011bsiv\u00e9 memento d\u016fsledk\u016f prolomen\u00ed obrany vnit\u0159n\u00edho kruhu rodiny. D\u00edt\u011b nepozn\u00e1te, najednou je jako nep\u0159\u00edtel<\/span><\/h6>\n<p>Tato kauza mn\u011b zaujala proto, \u017ee jde o u\u010debnicov\u00fd a doslova uk\u00e1zkov\u00fd p\u0159\u00edklad trag\u00e9die, kdy nep\u0159\u00edtel ovl\u00e1dne vnit\u0159n\u00ed kruh va\u0161\u00ed rodiny a obr\u00e1t\u00ed nejen vlastn\u00ed d\u00edt\u011b proti v\u00e1m, ale dokonce v\u00e1m to d\u00edt\u011b ukradne a odciz\u00ed zp\u016fsobem, \u017ee d\u00edt\u011b od v\u00e1s ute\u010de a nepozn\u00e1te ho. Bude v\u00e1m p\u0159ipadat jako zombie, jako zmanipulovan\u00e1 ob\u011b\u0165, kterou si n\u011bkdo mocn\u00fd prost\u011b koupil, a kdyby jen pen\u011bzi, ne ne.\u00a0<strong>\u010casto sta\u010d\u00ed jen vym\u00fdt mozek a t\u011bmto mlad\u00fdm lidem naslibovat hory doly, sl\u00edbit jim sl\u00e1vu a medi\u00e1ln\u00ed impresi, spolu se studiem na vybran\u00fdch \u0161kol\u00e1ch na z\u00e1pad\u011b.<\/strong>\u00a0A kolik \u010dasu je pot\u0159eba na odcizen\u00ed d\u00edt\u011bte? Prakticky jenom p\u00e1r m\u011bs\u00edc\u016f, sta\u010d\u00ed k tomu letn\u00ed pr\u00e1zdniny.<\/p>\n<figure id=\"attachment_46890\" class=\"wp-caption aligncenter\" style=\"width: 560px;\"><a href=\"https:\/\/aeronet.cz\/news\/wp-content\/uploads\/RomanSofia.jpg\"><img decoding=\"async\" loading=\"lazy\" class=\"wp-image-46890 \" src=\"https:\/\/aeronet.cz\/news\/wp-content\/uploads\/RomanSofia-1024x768.jpg\" sizes=\"(max-width: 700px) 100vw, 700px\" srcset=\"https:\/\/aeronet.cz\/news\/wp-content\/uploads\/RomanSofia-1024x768.jpg 1024w, https:\/\/aeronet.cz\/news\/wp-content\/uploads\/RomanSofia-300x225.jpg 300w, https:\/\/aeronet.cz\/news\/wp-content\/uploads\/RomanSofia-768x576.jpg 768w, https:\/\/aeronet.cz\/news\/wp-content\/uploads\/RomanSofia-700x525.jpg 700w, https:\/\/aeronet.cz\/news\/wp-content\/uploads\/RomanSofia-476x357.jpg 476w, https:\/\/aeronet.cz\/news\/wp-content\/uploads\/RomanSofia-644x483.jpg 644w, https:\/\/aeronet.cz\/news\/wp-content\/uploads\/RomanSofia.jpg 1200w\" alt=\"\" width=\"560\" height=\"420\" \/><\/a><figcaption class=\"wp-caption-text\">Roman Protasevi\u010d a jeho p\u0159\u00edtelkyn\u011b Sofia Sapega po zat\u010den\u00ed v Minsku<\/figcaption><\/figure>\n<p>Na ja\u0159e 2011 studoval Roman na \u0161pi\u010dkov\u00e9m lyceu a prezentoval v Petrohradu na kosmick\u00e9 akademii sv\u016fj fyzik\u00e1ln\u00ed projekt. V z\u00e1\u0159\u00ed u\u017e ut\u00edk\u00e1 z domu, odvrh\u00e1v\u00e1 rodi\u010de a st\u00e1v\u00e1 se profesion\u00e1ln\u00edm v\u016fdcem pod veden\u00edm nezn\u00e1m\u00fdch lid\u00ed, o kter\u00fdch jeho rodi\u010de v\u016fbec netu\u0161ili, co jsou za\u010d. Takhle dopadne ka\u017ed\u00fd n\u00e1rod, kter\u00fd nedok\u00e1\u017ee ochr\u00e1nit vnit\u0159n\u00ed kruh rodiny.<\/p>\n<p><strong>Nep\u0159\u00edtel si vybere kohokoliv z davu a nab\u00eddne mu dv\u011b nejsiln\u011bj\u0161\u00ed drogy, kter\u00fdm ani 16-let\u00fd student nedok\u00e1\u017ee odolat: moc a sl\u00e1vu.<\/strong>\u00a0A je-li jedinec charakterov\u011b slab\u00fd, podlehne. Odvrhne rodinu, rodi\u010de, ute\u010de z domova a za\u010dne pracovat pro nezn\u00e1m\u00e9 lidi s vazbami na cizinu. A jednomu zatrne, kdy\u017e si uv\u011bdom\u00ed, kolik takov\u00fdch zombie je v politice. Od zfanatizovan\u00e9 Grety ze \u0160v\u00e9dska, a\u017e po zombifikovan\u00e9ho Romana v B\u011blorusku, kter\u00fd v z\u00e1\u0159\u00ed 2011 vym\u011bnil rodi\u010de za sv\u00e9 loutkovodi\u010de z ciziny. Takov\u00e9 memento, a\u017e z toho mraz\u00ed.<\/p>\n<p>-VK- \u0160\u00e9fredaktor AE News<\/p>\n<p><a href=\"https:\/\/aeronet.cz\/news\/unikatni-video-zachycuje-16-leteho-romana-protasevice-jak-oznamuje-zpretrhani-vztahu-s-rodici-a-prechod-do-ilegality-matka-pri-jeho-odchodu-klecela-na-podlaze-a-prosila-aby-neodchazel-z-domu\/\">ZDROJ<\/a><\/p>\n<p>&nbsp;<\/p>\n","protected":false},"excerpt":{"rendered":"<p>Unik\u00e1tn\u00ed video zachycuje 16-let\u00e9ho Romana Protasevi\u010de, jak oznamuje zp\u0159etrh\u00e1n\u00ed vztah\u016f s rodi\u010di a p\u0159echod do&#8230;<\/p>\n","protected":false},"author":2,"featured_media":2050,"comment_status":"closed","ping_status":"closed","sticky":false,"template":"","format":"standard","meta":[],"categories":[7],"tags":[150,109,446,37],"_links":{"self":[{"href":"https:\/\/www.infokuryr.cz\/n\/wp-json\/wp\/v2\/posts\/2049"}],"collection":[{"href":"https:\/\/www.infokuryr.cz\/n\/wp-json\/wp\/v2\/posts"}],"about":[{"href":"https:\/\/www.infokuryr.cz\/n\/wp-json\/wp\/v2\/types\/post"}],"author":[{"embeddable":true,"href":"https:\/\/www.infokuryr.cz\/n\/wp-json\/wp\/v2\/users\/2"}],"replies":[{"embeddable":true,"href":"https:\/\/www.infokuryr.cz\/n\/wp-json\/wp\/v2\/comments?post=2049"}],"version-history":[{"count":0,"href":"https:\/\/www.infokuryr.cz\/n\/wp-json\/wp\/v2\/posts\/2049\/revisions"}],"wp:featuredmedia":[{"embeddable":true,"href":"https:\/\/www.infokuryr.cz\/n\/wp-json\/wp\/v2\/media\/2050"}],"wp:attachment":[{"href":"https:\/\/www.infokuryr.cz\/n\/wp-json\/wp\/v2\/media?parent=2049"}],"wp:term":[{"taxonomy":"category","embeddable":true,"href":"https:\/\/www.infokuryr.cz\/n\/wp-json\/wp\/v2\/categories?post=2049"},{"taxonomy":"post_tag","embeddable":true,"href":"https:\/\/www.infokuryr.cz\/n\/wp-json\/wp\/v2\/tags?post=2049"}],"curies":[{"name":"wp","href":"https:\/\/api.w.org\/{rel}","templated":true}]}}