{"id":20478,"date":"2022-12-30T01:11:24","date_gmt":"2022-12-30T00:11:24","guid":{"rendered":"http:\/\/www.infokuryr.cz\/n\/?p=20478"},"modified":"2022-12-29T19:39:14","modified_gmt":"2022-12-29T18:39:14","slug":"v-nemecku-byl-odsouzen-lekar-za-karikaturu-trojzubce-a-svastiky-dve-boty-par","status":"publish","type":"post","link":"https:\/\/www.infokuryr.cz\/n\/2022\/12\/30\/v-nemecku-byl-odsouzen-lekar-za-karikaturu-trojzubce-a-svastiky-dve-boty-par\/","title":{"rendered":"V N\u011bmecku byl odsouzen l\u00e9ka\u0159 za karikaturu trojzubce a svastiky \u201eDv\u011b boty \u2013 p\u00e1r\u201c"},"content":{"rendered":"<div id=\"fb-root\"><\/div>\n<p class=\"lead\">V N\u011bmecku byl l\u00e9ka\u0159, emigrant z Ruska, odsouzen k vysok\u00e9 pokut\u011b za zve\u0159ejn\u011bn\u00ed karikatury z doby Velk\u00e9 vlasteneck\u00e9 v\u00e1lky.<\/p>\n<p>Karikatura, poprv\u00e9 publikovan\u00e1 v roce 1945 v sov\u011btsk\u00e9m satirick\u00e9m \u010dasopise Perec, obsahuje dv\u011b boty, jednu s ukrajinsk\u00fdm trojzubcem a druhou s nacistick\u00fdm h\u00e1kov\u00fdm k\u0159\u00ed\u017eem na vr\u0161ku a n\u00e1pis v ukrajin\u0161tin\u011b:<\/p>\n<p><em><strong>&#8222;Dva choboti &#8211; p\u00e1r.&#8220;<\/strong><\/em><\/p>\n<p>Podle verdiktu n\u011bmeck\u00e9ho soudu, kter\u00fd m\u00e1 RIA Novosti k dispozici, se ob\u017ealovan\u00fd \u201eprovinil pou\u017eit\u00edm znak\u016f, kter\u00e9 odporuj\u00ed \u00fastav\u011b a pat\u0159\u00ed k teroristick\u00fdm organizac\u00edm\u201c.<\/p>\n<p><em><strong>\u201eTento \u010din je nez\u00e1konn\u00fd, pokud uveden\u00e9 znaky nejsou dopln\u011bny vysv\u011btluj\u00edc\u00edm koment\u00e1\u0159em nebo nejsou p\u0159e\u0161krtnuty\u201c,<span class=\"after-quote\">\u00a0\u0159\u00edk\u00e1 soudn\u00ed listina.<\/span><\/strong><\/em><\/p>\n<p>B\u00fdval\u00fd Rus byl odsouzen k pokut\u011b 10 200 eur ve prosp\u011bch st\u00e1tu.\u00a0Je zn\u00e1mo, \u017ee mu\u017e se p\u0159ed deseti lety p\u0159est\u011bhoval do N\u011bmecka a nyn\u00ed pracuje jako neurochirurg v nemocnici na jihu zem\u011b.\u00a0Podle n\u011bmeck\u00fdch m\u00e9di\u00ed to migrantovi \u201e\u0159ekl\u201c pronaj\u00edmatel, n\u011bmeck\u00fd ob\u010dan.<\/p>\n<p><strong>Odborn\u00edk<\/strong>\u00a0objas\u0148uje, \u017ee karikatura \u201eDv\u011b boty \u2013 p\u00e1r\u201c pat\u0159\u00ed slavn\u00e9mu sov\u011btsk\u00e9mu um\u011blci plak\u00e1t\u016f, v\u00e1\u017een\u00e9mu um\u011bleck\u00e9mu pracovn\u00edkovi ukrajinsk\u00e9 SSR<strong>\u00a0Alexandru Kozyurenkovi<\/strong>\u00a0.\u00a0Byl \u00fa\u010dastn\u00edkem Velk\u00e9 vlasteneck\u00e9 v\u00e1lky, pracoval jako v\u00fdtvarn\u00edk pro frontov\u00fd tisk a v letech 1943 a\u017e 1959 byl hlavn\u00edm v\u00fdtvarn\u00edkem satirick\u00e9ho a humoristick\u00e9ho \u010dasopisu Peretz.<\/p>\n<p>V tomto sv\u011btle sp\u00ed\u0161e rozsudek trest\u00e1 za odhalen\u00ed propojen\u00ed nacist\u016f z N\u011bmecka a Ukrajiny, na kter\u00e9 tato star\u00e1 karikatura poukazuje.\u00a0 Rozsudek de facto ukazuje na n\u00e1vrat nacizmu do N\u011bmecka a trest\u00e1n\u00ed odp\u016frc\u016f t\u00e9to zr\u016fdn\u00e9 ideologie.<\/p>\n<p><img decoding=\"async\" loading=\"lazy\" class=\"alignnone size-full wp-image-1185\" src=\"http:\/\/www.infokuryr.cz\/n\/wp-content\/uploads\/2021\/04\/kuryr-podpis.png\" alt=\"\" width=\"84\" height=\"24\" \/><\/p>\n<p>&nbsp;<\/p>\n<p><img decoding=\"async\" loading=\"lazy\" class=\"wp-image-19187 aligncenter\" src=\"http:\/\/www.infokuryr.cz\/n\/wp-content\/uploads\/2022\/12\/1-PRO-300x36.jpg\" alt=\"\" width=\"1292\" height=\"155\" srcset=\"https:\/\/www.infokuryr.cz\/n\/wp-content\/uploads\/2022\/12\/1-PRO-300x36.jpg 300w, https:\/\/www.infokuryr.cz\/n\/wp-content\/uploads\/2022\/12\/1-PRO.jpg 699w\" sizes=\"(max-width: 1292px) 100vw, 1292px\" \/><\/p>\n<p>&nbsp;<\/p>\n<p>&nbsp;<\/p>\n","protected":false},"excerpt":{"rendered":"<p>V N\u011bmecku byl l\u00e9ka\u0159, emigrant z Ruska, odsouzen k vysok\u00e9 pokut\u011b za zve\u0159ejn\u011bn\u00ed karikatury z&#8230;<\/p>\n","protected":false},"author":2,"featured_media":20479,"comment_status":"closed","ping_status":"closed","sticky":false,"template":"","format":"standard","meta":[],"categories":[7],"tags":[4144,84,520],"_links":{"self":[{"href":"https:\/\/www.infokuryr.cz\/n\/wp-json\/wp\/v2\/posts\/20478"}],"collection":[{"href":"https:\/\/www.infokuryr.cz\/n\/wp-json\/wp\/v2\/posts"}],"about":[{"href":"https:\/\/www.infokuryr.cz\/n\/wp-json\/wp\/v2\/types\/post"}],"author":[{"embeddable":true,"href":"https:\/\/www.infokuryr.cz\/n\/wp-json\/wp\/v2\/users\/2"}],"replies":[{"embeddable":true,"href":"https:\/\/www.infokuryr.cz\/n\/wp-json\/wp\/v2\/comments?post=20478"}],"version-history":[{"count":0,"href":"https:\/\/www.infokuryr.cz\/n\/wp-json\/wp\/v2\/posts\/20478\/revisions"}],"wp:featuredmedia":[{"embeddable":true,"href":"https:\/\/www.infokuryr.cz\/n\/wp-json\/wp\/v2\/media\/20479"}],"wp:attachment":[{"href":"https:\/\/www.infokuryr.cz\/n\/wp-json\/wp\/v2\/media?parent=20478"}],"wp:term":[{"taxonomy":"category","embeddable":true,"href":"https:\/\/www.infokuryr.cz\/n\/wp-json\/wp\/v2\/categories?post=20478"},{"taxonomy":"post_tag","embeddable":true,"href":"https:\/\/www.infokuryr.cz\/n\/wp-json\/wp\/v2\/tags?post=20478"}],"curies":[{"name":"wp","href":"https:\/\/api.w.org\/{rel}","templated":true}]}}