{"id":20472,"date":"2022-12-30T01:08:32","date_gmt":"2022-12-30T00:08:32","guid":{"rendered":"http:\/\/www.infokuryr.cz\/n\/?p=20472"},"modified":"2022-12-29T18:59:57","modified_gmt":"2022-12-29T17:59:57","slug":"vatikan-informoval-o-zdravotnim-stavu-emeritniho-papeze-benedikta-xvi","status":"publish","type":"post","link":"https:\/\/www.infokuryr.cz\/n\/2022\/12\/30\/vatikan-informoval-o-zdravotnim-stavu-emeritniho-papeze-benedikta-xvi\/","title":{"rendered":"Vatik\u00e1n informoval o zdravotn\u00edm stavu emeritn\u00edho pape\u017ee Benedikta XVI"},"content":{"rendered":"<div id=\"fb-root\"><\/div>\n<div class=\"NewsHeader_lead__6Z9If\">\n<h3 class=\"ds_ext_title-1XuEF ds_ext_title--font_weight_medium-7lN1- ds_ext_title--variant_h3_default-qY4sd ds_ext_title--color_tass-7fJdw\"><span>Podle Mattea Bruniho, vedouc\u00edho tiskov\u00e9 slu\u017eby Svat\u00e9ho stolce, je situace slo\u017eit\u00e1, ale stabiln\u00ed.<\/span><\/h3>\n<\/div>\n<article>\n<p class=\"Paragraph_paragraph__nYCys \"><span class=\"ds_ext_text-tov6w ds_ext_text--serif-gR6vA ds_ext_text--size_large-KlJUR ds_ext_text--font_weight_regular-sLSOt ds_ext_text--color_primary-iFZIj\"><span>95let\u00fd emeritn\u00ed pape\u017e Benedikt XVI. z\u016fst\u00e1v\u00e1 ve v\u00e1\u017en\u00e9m, ale stabilizovan\u00e9m stavu. Ozn\u00e1mil to ve \u010dtvrtek \u0161\u00e9f tiskov\u00e9 slu\u017eby Svat\u00e9ho stolce Matteo Bruni.<\/span><\/span><\/p>\n<p class=\"Paragraph_paragraph__nYCys \"><span class=\"ds_ext_text-tov6w ds_ext_text--serif-gR6vA ds_ext_text--size_large-KlJUR ds_ext_text--font_weight_regular-sLSOt ds_ext_text--color_primary-iFZIj\"><span>&#8222;Emeritn\u00ed pape\u017e si v\u010dera v noci dob\u0159e odpo\u010dinul, zachov\u00e1v\u00e1 si jasnou mysl. P\u0159esto\u017ee jeho stav z\u016fst\u00e1v\u00e1 v\u00e1\u017en\u00fd, situace je v sou\u010dasn\u00e9 dob\u011b stabilizovan\u00e1,&#8220; \u200b\u200buvedla tiskov\u00e1 slu\u017eba v prohl\u00e1\u0161en\u00ed.<\/span><\/span><\/p>\n<p class=\"Paragraph_paragraph__nYCys \"><span class=\"ds_ext_text-tov6w ds_ext_text--serif-gR6vA ds_ext_text--size_large-KlJUR ds_ext_text--font_weight_regular-sLSOt ds_ext_text--color_primary-iFZIj\"><span>Jak informovala 29. prosince n\u011bkter\u00e1 m\u00e9dia s odvol\u00e1n\u00edm na zdroje, Benedikt\u016fv stav se zhruba p\u0159ed t\u0159emi dny zhor\u0161il, byly naru\u0161eny \u017eivotn\u011b d\u016fle\u017eit\u00e9 t\u011blesn\u00e9 funkce v\u010detn\u011b srde\u010dn\u00ed \u010dinnosti.\u00a0Bylo konstatov\u00e1no, \u017ee hospitalizace nen\u00ed pl\u00e1nov\u00e1na, proto\u017ee pot\u0159ebn\u00e9 l\u00e9ka\u0159sk\u00e9 vybaven\u00ed je k dispozici v m\u00edst\u011b bydli\u0161t\u011b \u010destn\u00e9ho pape\u017ee.\u00a0Emeritn\u00ed pape\u017e nav\u00edc podle informac\u00ed v n\u011bmeck\u00fdch m\u00e9di\u00edch odm\u00edtl b\u00fdt hospitalizov\u00e1n.<\/span><\/span><\/p>\n<p class=\"Paragraph_paragraph__nYCys \"><span class=\"ds_ext_text-tov6w ds_ext_text--serif-gR6vA ds_ext_text--size_large-KlJUR ds_ext_text--font_weight_regular-sLSOt ds_ext_text--color_primary-iFZIj\"><span>N\u011bmeck\u00fd kardin\u00e1l, teolog Josef Ratzinger nastoupil na pape\u017esk\u00fd stolec v roce 2005 po smrti sv\u00e9ho p\u0159edch\u016fdce Jana Pavla II., p\u0159ijal jm\u00e9no Benedikt XVI.\u00a0V roce 2013 se stal prvn\u00edm pontifikem po 600 letech, kter\u00fd abdikoval na pape\u017esk\u00fd \u00fa\u0159ad.\u00a0Benedikt, kter\u00e9mu v t\u00e9 dob\u011b bylo 85 let, vysv\u011btlil sv\u00e9 rozhodnut\u00ed nedostatkem sil na \u0159\u00edzen\u00ed \u0159\u00edmskokatolick\u00e9 c\u00edrkve.<\/span><\/span><\/p>\n<p><img decoding=\"async\" loading=\"lazy\" class=\"alignnone size-full wp-image-1185\" src=\"http:\/\/www.infokuryr.cz\/n\/wp-content\/uploads\/2021\/04\/kuryr-podpis.png\" alt=\"\" width=\"84\" height=\"24\" \/><\/p>\n<\/article>\n<p>&nbsp;<\/p>\n<p><img decoding=\"async\" loading=\"lazy\" class=\"wp-image-19187 aligncenter\" src=\"http:\/\/www.infokuryr.cz\/n\/wp-content\/uploads\/2022\/12\/1-PRO-300x36.jpg\" alt=\"\" width=\"1225\" height=\"147\" srcset=\"https:\/\/www.infokuryr.cz\/n\/wp-content\/uploads\/2022\/12\/1-PRO-300x36.jpg 300w, https:\/\/www.infokuryr.cz\/n\/wp-content\/uploads\/2022\/12\/1-PRO.jpg 699w\" sizes=\"(max-width: 1225px) 100vw, 1225px\" \/><\/p>\n<p>&nbsp;<\/p>\n","protected":false},"excerpt":{"rendered":"<p>Podle Mattea Bruniho, vedouc\u00edho tiskov\u00e9 slu\u017eby Svat\u00e9ho stolce, je situace slo\u017eit\u00e1, ale stabiln\u00ed. 95let\u00fd emeritn\u00ed&#8230;<\/p>\n","protected":false},"author":2,"featured_media":20473,"comment_status":"closed","ping_status":"closed","sticky":false,"template":"","format":"standard","meta":[],"categories":[7],"tags":[4141,254,255,21],"_links":{"self":[{"href":"https:\/\/www.infokuryr.cz\/n\/wp-json\/wp\/v2\/posts\/20472"}],"collection":[{"href":"https:\/\/www.infokuryr.cz\/n\/wp-json\/wp\/v2\/posts"}],"about":[{"href":"https:\/\/www.infokuryr.cz\/n\/wp-json\/wp\/v2\/types\/post"}],"author":[{"embeddable":true,"href":"https:\/\/www.infokuryr.cz\/n\/wp-json\/wp\/v2\/users\/2"}],"replies":[{"embeddable":true,"href":"https:\/\/www.infokuryr.cz\/n\/wp-json\/wp\/v2\/comments?post=20472"}],"version-history":[{"count":0,"href":"https:\/\/www.infokuryr.cz\/n\/wp-json\/wp\/v2\/posts\/20472\/revisions"}],"wp:featuredmedia":[{"embeddable":true,"href":"https:\/\/www.infokuryr.cz\/n\/wp-json\/wp\/v2\/media\/20473"}],"wp:attachment":[{"href":"https:\/\/www.infokuryr.cz\/n\/wp-json\/wp\/v2\/media?parent=20472"}],"wp:term":[{"taxonomy":"category","embeddable":true,"href":"https:\/\/www.infokuryr.cz\/n\/wp-json\/wp\/v2\/categories?post=20472"},{"taxonomy":"post_tag","embeddable":true,"href":"https:\/\/www.infokuryr.cz\/n\/wp-json\/wp\/v2\/tags?post=20472"}],"curies":[{"name":"wp","href":"https:\/\/api.w.org\/{rel}","templated":true}]}}