{"id":20464,"date":"2022-12-30T01:02:22","date_gmt":"2022-12-30T00:02:22","guid":{"rendered":"http:\/\/www.infokuryr.cz\/n\/?p=20464"},"modified":"2022-12-29T18:12:11","modified_gmt":"2022-12-29T17:12:11","slug":"jindrich-kulhavy-totalita-na-postupu","status":"publish","type":"post","link":"https:\/\/www.infokuryr.cz\/n\/2022\/12\/30\/jindrich-kulhavy-totalita-na-postupu\/","title":{"rendered":"Jind\u0159ich Kulhav\u00fd: Totalita na postupu"},"content":{"rendered":"<div id=\"fb-root\"><\/div>\n<p><span class=\"anotation\">Vl\u00e1dnouc\u00ed junta v\u00a0podob\u011b P\u011btikoalice ozn\u00e1mila, \u017ee ve sv\u00e9m boji proti dezinformac\u00edm vytvo\u0159\u00ed velmi brzy n\u00e1stroj v\u00a0podob\u011b z\u00e1konu, kter\u00fd bude tv\u016frce jin\u00e9 pravdy ne\u017e ve\u0159ejn\u011b politiky a jim slou\u017e\u00edc\u00edmi m\u00e9dii proklamovan\u00e9 tvrd\u011b postihovat. Dost\u00e1v\u00e1me se t\u00edm do situace, kterou lze srovnat s\u00a0obdob\u00edm protektor\u00e1tu a znovu pot\u00e9 s\u00a0vl\u00e1dou KS\u010c.<\/span><\/p>\n<div id=\"pagetext\">\n<p>\u00a0 Rok 1989 n\u00e1m m\u011bl p\u0159in\u00e9st mnohem v\u011bt\u0161\u00ed porci demokracie. Za tu nelze pova\u017eovat pouze tot\u00e1ln\u00ed svobodu slova, ale i volnost v\u00a0mnoha dal\u0161\u00edch oblastech. Z\u00a0v\u00fd\u0161e uveden\u00e9ho vypl\u00fdv\u00e1, \u017ee \u017e\u00e1dn\u00e1 tsunami demokracie nedorazila. Mno\u017estv\u00ed omezuj\u00edc\u00ed \u010di p\u0159esn\u011b vyty\u010duj\u00edc\u00edch hranice r\u016fzn\u00e9ho kon\u00e1n\u00ed v\u00a0podob\u011b z\u00e1kon\u016f a sm\u011brnic padaj\u00edc\u00edch na n\u00e1s jak od na\u0161ich, tak i od t\u011bch p\u0159eplacen\u00fdch bruselsk\u00fdch z\u00e1konod\u00e1rc\u016f, je prost\u011b drt\u00edc\u00ed. P\u0159itom \u010dasto jde o soupis naprosto nepot\u0159ebn\u00fdch nesmysl\u016f zvy\u0161uj\u00edc\u00edch pot\u0159ebu \u00fa\u0159edn\u00edk\u016f, jejich\u017e funkci lze nazvat jako otravnou, zdr\u017euj\u00edc\u00ed a kontraproduktivn\u00ed. Nen\u00ed pot\u00e9 \u017e\u00e1dn\u00fdm p\u0159ekvapen\u00edm, \u017ee nap\u0159\u00edklad jedna jedin\u00e1 \u00fa\u0159ednice s\u00a0opr\u00e1vn\u011bn\u00edm rozhodovat o stavebn\u00edch povolen\u00edch dok\u00e1\u017ee systematicky a z\u00e1m\u011brn\u011b blokovat v\u00fdstavbu objekt\u016f n\u011bkolik let v\u00a0oblasti cel\u00e9 jedn\u00e9 m\u011bstsk\u00e9 \u010d\u00e1sti v\u00a0Praze. V\u00a0na\u0161em p\u0159\u00edpadu a ze zku\u0161enost\u00ed nap\u0159\u00edklad na Praze 6.<\/p>\n<p>Vra\u0165me se k\u00a0svobod\u011b slova. Nemysleme si, \u017ee by m\u011bla b\u00fdt naprosto neomezen\u00e1. Nen\u00ed mo\u017en\u00e9 akceptovat tuto svobodu jako bezprecedentn\u00ed. Existuj\u00ed oblasti, kde je naprosto nutn\u00e1 kontrola toho, co kdo \u0159\u00edk\u00e1. Nelze bez pov\u0161imnut\u00ed nechat podporovat pedofilii, n\u00e1sil\u00ed na ob\u010danech, d\u011btech, \u017een\u00e1ch. Nen\u00ed mo\u017en\u00e9 ignorovat n\u00e1bo\u017eensk\u00fd terorismus a vyb\u00edzen\u00ed k\u00a0n\u011bmu. Je t\u0159eba si v\u0161\u00edmat krimin\u00e1ln\u00edch \u010din\u016f spojen\u00fdch s\u00a0p\u0159ehl\u00ed\u017een\u00edm ur\u010dit\u00fdch z\u00e1sadn\u00edch mezilidsk\u00fdch vztah\u016f a pravidel. Zde je v\u0161ak u\u017e nutn\u00e9 posoudit, o jak\u00e1 pravidla jde. Pokud n\u011bkdo bude pova\u017eovat za spr\u00e1vn\u00e9 vyl\u00e9vat odpad z chemick\u00e9 v\u00fdroby do nejbli\u017e\u0161\u00ed \u0159eky a bude uml\u010dov\u00e1n ten, kdo na to upozorn\u00ed, je n\u011bco \u0161patn\u011b. A pr\u00e1v\u011b nar\u00e1\u017e\u00edme na z\u00e1sadn\u00ed probl\u00e9m. Dle nov\u00e9ho z\u00e1kona je mo\u017eno ozna\u010dit toho, kdo p\u00e1tr\u00e1 po pravd\u011b a upozorn\u00ed na otr\u00e1venou \u0159eku, za dezinform\u00e1tora a potrestat ho. To i p\u0159esto, \u017ee vodn\u00ed tok skute\u010dn\u011b utrp\u011bl \u00fajmu a ryby v\u00a0n\u011bm plavou b\u0159ichem nahoru. Pravda se m\u016f\u017ee uk\u00e1zat za p\u00e1r m\u011bs\u00edc\u016f, let, ale nikdo nevr\u00e1t\u00ed tento \u010das tomu, kdo byl za svou p\u0159edanou informaci \u010di n\u00e1zor posti\u017een.<\/p>\n<p>Z\u00e1m\u011brn\u011b jsme zvolili takto jasn\u00fd p\u0159\u00edpad. Politick\u00e9 klice nejde o otr\u00e1venou \u0159eku, ale uva\u017euje v\u00a0jin\u00e9m kontextu. V\u00a0boji o moc stoj\u00ed proti ob\u010dan\u016fm, kte\u0159\u00ed nepodl\u00e9haj\u00ed iluzi o dokonalosti jednotliv\u00fdch politick\u00fdch subjekt\u016f a jejich rozhodnut\u00ed. Jestli\u017ee vl\u00e1dnouc\u00ed t\u0159\u00edda m\u00e1 k\u00a0dispozici mimo z\u00e1konod\u00e1rstv\u00ed, soudnictv\u00ed i m\u00e9dia, pak jedin\u00fdm centrem odporu je bu\u010f disident nebo v\u00a0nyn\u011bj\u0161\u00ed dob\u011b ur\u010dit\u00e9 mno\u017estv\u00ed a \u00farove\u0148 samostatn\u00fdch web\u016f a bloger\u016f, kte\u0159\u00ed dok\u00e1\u017eou p\u0159in\u00e1\u0161et jin\u00fd pohled na ve\u0159ejnou problematiku. Jestli\u017ee jsme si mysleli, \u017ee disident je ji\u017e p\u0159e\u017eilou instituc\u00ed z\u00a0dob socialismu, posledn\u00ed roky n\u00e1m ukazuj\u00ed, \u017ee zm\u011bna z\u00e1padn\u00edch hodnot k\u00a0jeho vzniku d\u00e1v\u00e1 op\u011bt d\u016fvod. V\u00a0Evropsk\u00e9 unii s\u00edl\u00ed hlasy po tot\u00e1ln\u00ed kontrole uve\u0159ej\u0148ovan\u00fdch n\u00e1zor\u016f na soci\u00e1ln\u00edch s\u00edt\u00edch a soukrom\u00fdch webech, p\u0159i\u010dem\u017e nejaktivn\u011bj\u0161\u00ed zast\u00e1nkyn\u00ed t\u00e9to \u010dinnosti je eurokomisa\u0159ka Jourov\u00e1 vze\u0161l\u00e1 z\u00a0Babi\u0161ova ANO.<\/p>\n<p>Migrace, covid, Green Deal, Great Reset a ukrajinsk\u00e1 krize se staly t\u00e9maty, kdy doch\u00e1z\u00ed k\u00a0z\u00e1sadn\u00edm n\u00e1zorov\u00fdm st\u0159et\u016fm mezi vl\u00e1dnouc\u00edmi liber\u00e1ly a p\u0159em\u00fd\u0161livou opozic\u00ed neochotnou p\u0159ijmout tyto likvida\u010dn\u00ed doktr\u00edny generuj\u00edc\u00ed jedn\u011bm obrovsk\u00e9 zisky a druh\u00fdm mnoh\u00e1 z\u00e1sadn\u00ed omezen\u00ed. V\u00a0politick\u00e9 sf\u00e9\u0159e do\u0161lo k\u00a0p\u0159edem p\u0159ipraven\u00e9 v\u00fdm\u011bn\u011b str\u00e1\u017e\u00ed. Systemati\u010dnost vid\u00edme nap\u0159\u00edklad ve zm\u011bn\u011b chov\u00e1n\u00ed a n\u00e1zor\u016f v\u00a0evropsk\u00e9m m\u011b\u0159\u00edtku u Merkelov\u00e9, kter\u00e1 se z\u00a0odp\u016frkyn\u011b migrace po zji\u0161t\u011bn\u00e9m odposlechu telefonu americkou CIA stala nejv\u011bt\u0161\u00ed v\u00edta\u010dkou Afri\u010dan\u016f a muslim\u016f v\u00a0EU. Podobnou situaci vn\u00edm\u00e1me u Petra Fialy, kter\u00fd v\u00a0roce 2014 za \u0159e\u010dnick\u00fdm pult\u00edkem vyk\u0159ikoval, \u017ee nem\u016f\u017eeme automaticky p\u0159ij\u00edmat v\u0161e, co si v\u00a0Bruselu vymysl\u00ed a mus\u00edme si k\u00a0n\u00e1m do\u0161l\u00e9 zv\u00e1\u017eit a p\u0159istupovat k\u00a0tomu dle na\u0161ich pot\u0159eb a z\u00e1jm\u016f. O n\u011bco pozd\u011bji nesouhlasil s\u00a0p\u0159ij\u00edm\u00e1n\u00edm uprchl\u00edk\u016f \u010di prvn\u00edmi informacemi o Green Dealu, s\u00a0postupem Babi\u0161ovy vl\u00e1dy proti covidu koordinovan\u00e9m s\u00a0EU, se schodky st\u00e1tn\u00edho rozpo\u010dtu, aby se po sv\u00e9m zvolen\u00ed premi\u00e9rem \u010cesk\u00e9 republiky stal prvot\u0159\u00eddn\u00edm bruselsk\u00fdm \u0159i\u0165olezcem a z\u00e1rove\u0148 pokra\u010dovatelem v\u00a0rozvracen\u00ed \u010desk\u00e9 ekonomiky.<\/p>\n<p>Ka\u017ed\u00fd, kdo si dovoluje vystoupit ve\u0159ejn\u011b (weby, soukrom\u00e1 r\u00e1dia \u010di mini televizn\u00ed stanice) i soukrom\u011b (soci\u00e1ln\u00ed s\u00edt\u011b) proti n\u00e1zorov\u00e9mu proudu p\u0159edstavovan\u00fdm organizacemi WHO, WED, FED, NATO, americk\u00fdmi Demokraty, EU, bankami, Big Pharmou moment\u00e1ln\u011b i \u010deskou vl\u00e1dou a dal\u0161\u00edmi institucemi pracuj\u00edc\u00edmi ve prosp\u011bch t\u00e9to skupiny, je ozna\u010den za dezinform\u00e1tora. To i p\u0159esto, \u017ee \u010das ukazuje, nakolik se v\u0161ichni kritici jedin\u00e9 mo\u017en\u00e9 pravdy a n\u00e1zorov\u00e9 platformy spojen\u00e9 s\u00a0v\u00fd\u0161e uveden\u00fdmi subjekty nem\u00fdlili. Nikdy to nebude p\u0159izn\u00e1no, nicm\u00e9n\u011b se uk\u00e1zalo, \u017ee covid nen\u00ed nic p\u0159irozen\u00e9ho, epidemie byla p\u0159ipravov\u00e1na dop\u0159edu, vakc\u00edny nejsou vakc\u00ednami a jejich pou\u017eit\u00ed zp\u016fsobuje dodate\u010dn\u011b vy\u0161\u0161\u00ed \u00famrtnost nap\u0159\u00ed\u010d v\u0161emi generacemi. Tzv dezinform\u00e1to\u0159i ukazuj\u00ed i na nesmyslnost tvrzen\u00ed o ekologick\u00e9 katastrof\u011b, \u0161kodlivosti CO2, varuj\u00ed p\u0159ed snahami zm\u011bnit sv\u011btov\u00fd m\u011bnov\u00fd syst\u00e9m, nesouhlas\u00ed s\u00a0na\u0161\u00ed\u00a0politikou t\u00fdkaj\u00edc\u00ed se nacismem prolezl\u00e9 Ukrajiny a Ruska vzp\u00edraj\u00edc\u00edho se p\u0159edstav\u00e1m USA a Z\u00e1padu o ,,spr\u00e1vn\u00e9m\u201c uspo\u0159\u00e1d\u00e1n\u00ed sv\u011bta. Dalo by se pokra\u010dovat o t\u00e9matech typu LGBT, gender, pedofilie, migrace\u2026.<\/p>\n<p>Fialova vl\u00e1da se p\u0159id\u00e1v\u00e1 k\u00a0aktivit\u00e1m Jourov\u00e9 zastupuj\u00edc\u00ed represi ze strany liber\u00e1l\u016f a rozhodla se upl\u00e1cet des\u00edtkami milion\u016f organizace a m\u00e9dia, v\u00a0nich\u017e m\u00e1 ur\u010dovat to, co je jedin\u00e1 mo\u017en\u00e1 pravda, ten nejv\u011bt\u0161\u00ed mor\u00e1ln\u00ed odpad na\u0161\u00ed spole\u010dnosti P\u0159edstava, \u017ee Cemper, Prib\u00e1\u0148, Jakub \u017delezn\u00fd, Hreben\u00e1r, P\u00e1nek \u010di novin\u00e1\u0159 Etzler a jim podobn\u00ed \u00a0spole\u010dn\u011b s\u00a0\u010ceskou televiz\u00ed a dal\u0161\u00edmi prolhan\u00fdmi m\u00e9dii budou za pen\u00edze hledat odp\u016frce vl\u00e1dn\u00ed ideologie, je stra\u0161ideln\u00fdm n\u00e1vratem to totality s vyu\u017eit\u00edm praktik dobrovoln\u00fdch i profesion\u00e1ln\u00edch udava\u010d\u016f a agent\u016f. To v\u0161e m\u00e1 nav\u00edc zast\u0159e\u0161it speci\u00e1ln\u00ed policejn\u00ed \u00fatvar s\u00a0p\u0159isp\u011bn\u00edm st\u00e1tn\u00edch z\u00e1stupc\u016f a soudc\u016f, tedy justice, co\u017e p\u0159ipom\u00edn\u00e1 proslul\u00e9 Gestapo a STB. V\u00edtejte tedy v\u00a0obdob\u00ed 1938-1989. Kdokoliv, kdo projev\u00ed jin\u00fd n\u00e1zor, stane se t\u00edm op\u011bt disidentem, ohro\u017een\u00fdm druhem, vyvrhelem a spole\u010densky nebezpe\u010dn\u00fdm. Je neuv\u011b\u0159iteln\u00e9, kam jsme se posunuli a op\u011bt se ukazuje, \u017ee v\u0161e b\u011b\u017e\u00ed v\u00a0kruz\u00edch, jen se li\u0161\u00ed polom\u011br. Ten v\u00a0\u010cesk\u00e9 republice je skute\u010dn\u011b velmi mal\u00fd.<\/p>\n<p><a href=\"https:\/\/www.inadhled.live\/uvaha-dne\/totalita-na-postupu\/\">Jind\u0159ich Kulhav\u00fd<\/a><\/p>\n<p><img decoding=\"async\" loading=\"lazy\" class=\"wp-image-19187 aligncenter\" src=\"http:\/\/www.infokuryr.cz\/n\/wp-content\/uploads\/2022\/12\/1-PRO-300x36.jpg\" alt=\"\" width=\"1267\" height=\"152\" srcset=\"https:\/\/www.infokuryr.cz\/n\/wp-content\/uploads\/2022\/12\/1-PRO-300x36.jpg 300w, https:\/\/www.infokuryr.cz\/n\/wp-content\/uploads\/2022\/12\/1-PRO.jpg 699w\" sizes=\"(max-width: 1267px) 100vw, 1267px\" \/><\/p>\n<p>&nbsp;<\/p>\n<\/div>\n","protected":false},"excerpt":{"rendered":"<p>Vl\u00e1dnouc\u00ed junta v\u00a0podob\u011b P\u011btikoalice ozn\u00e1mila, \u017ee ve sv\u00e9m boji proti dezinformac\u00edm vytvo\u0159\u00ed velmi brzy n\u00e1stroj&#8230;<\/p>\n","protected":false},"author":2,"featured_media":17439,"comment_status":"closed","ping_status":"closed","sticky":false,"template":"","format":"standard","meta":[],"categories":[6],"tags":[4139,553,48,99],"_links":{"self":[{"href":"https:\/\/www.infokuryr.cz\/n\/wp-json\/wp\/v2\/posts\/20464"}],"collection":[{"href":"https:\/\/www.infokuryr.cz\/n\/wp-json\/wp\/v2\/posts"}],"about":[{"href":"https:\/\/www.infokuryr.cz\/n\/wp-json\/wp\/v2\/types\/post"}],"author":[{"embeddable":true,"href":"https:\/\/www.infokuryr.cz\/n\/wp-json\/wp\/v2\/users\/2"}],"replies":[{"embeddable":true,"href":"https:\/\/www.infokuryr.cz\/n\/wp-json\/wp\/v2\/comments?post=20464"}],"version-history":[{"count":0,"href":"https:\/\/www.infokuryr.cz\/n\/wp-json\/wp\/v2\/posts\/20464\/revisions"}],"wp:featuredmedia":[{"embeddable":true,"href":"https:\/\/www.infokuryr.cz\/n\/wp-json\/wp\/v2\/media\/17439"}],"wp:attachment":[{"href":"https:\/\/www.infokuryr.cz\/n\/wp-json\/wp\/v2\/media?parent=20464"}],"wp:term":[{"taxonomy":"category","embeddable":true,"href":"https:\/\/www.infokuryr.cz\/n\/wp-json\/wp\/v2\/categories?post=20464"},{"taxonomy":"post_tag","embeddable":true,"href":"https:\/\/www.infokuryr.cz\/n\/wp-json\/wp\/v2\/tags?post=20464"}],"curies":[{"name":"wp","href":"https:\/\/api.w.org\/{rel}","templated":true}]}}