{"id":20459,"date":"2022-12-29T13:58:45","date_gmt":"2022-12-29T12:58:45","guid":{"rendered":"http:\/\/www.infokuryr.cz\/n\/?p=20459"},"modified":"2022-12-29T13:58:45","modified_gmt":"2022-12-29T12:58:45","slug":"ruske-pozadavky-na-poskytnuti-seznamu-obeti-v-buci-zustavaji-bez-odezvy","status":"publish","type":"post","link":"https:\/\/www.infokuryr.cz\/n\/2022\/12\/29\/ruske-pozadavky-na-poskytnuti-seznamu-obeti-v-buci-zustavaji-bez-odezvy\/","title":{"rendered":"Rusk\u00e9 po\u017eadavky na poskytnut\u00ed seznam\u016f ob\u011bt\u00ed v Bu\u010di z\u016fst\u00e1vaj\u00ed bez odezvy"},"content":{"rendered":"<div id=\"fb-root\"><\/div>\n<p class=\"lead\"><span>Po\u017eadavky Moskvy adresovan\u00e9 Kyjevu, aby poskytl seznamy zabit\u00fdch p\u0159i provokaci v Bu\u010di, st\u00e1le z\u016fst\u00e1vaj\u00ed nezodpov\u011bzeny.\u00a0Ozn\u00e1mila to 29. prosince, ofici\u00e1ln\u00ed p\u0159edstavitelka rusk\u00e9ho ministerstva zahrani\u010d\u00ed Maria Zacharovov\u00e1 na br\u00edfinku.<\/span><\/p>\n<p><em><strong>\u201eMimochodem, na\u0161e po\u017eadavky na poskytnut\u00ed seznam\u016f mrtv\u00fdch v Bu\u010di st\u00e1le z\u016fst\u00e1vaj\u00ed nezodpov\u011bzeny. Dovolte mi, abych v\u00e1m to p\u0159ipomn\u011bla, koneckonc\u016f jsme apelovali na gener\u00e1ln\u00edho tajemn\u00edka OSN,\u201c<span class=\"after-quote\">\u00a0 \u0159ekla.<\/span><\/strong><\/em><\/p>\n<p><span>Diplomatka v tomto ohledu pouk\u00e1zala na zlo\u010dinnost ukrajinsk\u00e9 a z\u00e1padn\u00ed propagandy.<\/span><\/p>\n<p><em><strong>\u201eJe zalo\u017eena na jasn\u00fdch a z\u00e1rove\u0148 nespolehliv\u00fdch tez\u00edch a materi\u00e1lech, kter\u00e9 se pou\u0161t\u011bj\u00ed do informa\u010dn\u00edho prostoru. \u010cetn\u00e1 obvin\u011bn\u00ed z \u00fadajn\u00fdch rusk\u00fdch v\u00e1le\u010dn\u00fdch zlo\u010din\u016f vyvol\u00e1vaj\u00edc\u00edch humanit\u00e1rn\u00ed krizi nejsou doprov\u00e1zena \u017e\u00e1dn\u00fdmi fotografiemi nebo videoz\u00e1znamy, zat\u00edmco materi\u00e1ly z jin\u00fdch m\u00edst a historick\u00fdch obdob\u00ed jsou p\u0159ekryty,\u201c<span class=\"after-quote\">\u00a0prohl\u00e1sila.<\/span><\/strong><\/em><\/p>\n<p><span>Vz\u00e1cn\u00e9 z\u00e1b\u011bry ukazuj\u00edc\u00ed ulice Buc\u010di, Izjumu, n\u00e1dra\u017e\u00ed v Kramatorsku, zni\u010den\u00e9ho \u010dinohern\u00edho divadla a porodnice v Mariupolu se podle Zacharovov\u00e9 uk\u00e1zaly jako fale\u0161n\u00e9 dramatizace a pr\u00e1ce t\u011bch, kdo jsou spojeni s kyjevsk\u00fdm re\u017eimem.<\/span><\/p>\n<p><em><strong>\u201ePo propagaci v m\u00e9di\u00edch se na tyto provokace jednodu\u0161e zapomn\u011blo.\u00a0Slova z\u016fstala, ale materi\u00e1ly vy\u0161et\u0159ov\u00e1n\u00ed &#8211; to v\u0161e bylo zapomenuto.\u00a0Ozn\u00e1men\u00e1 vy\u0161et\u0159ov\u00e1n\u00ed byla zcela zabrzd\u011bna, proto\u017ee fakta poukazovala konkr\u00e9tn\u011b na kyjevsk\u00fd re\u017eim jako organiz\u00e1tora t\u011bchto zlo\u010din\u016f,\u00a0<span class=\"after-quote-inline\"> \u201cuvedl ofici\u00e1ln\u00ed z\u00e1stupce rusk\u00e9ho ministerstva zahrani\u010d\u00ed.<\/span><\/strong><\/em><\/p>\n<p><span>3. dubna rusk\u00e9 ministerstvo obrany odm\u00edtlo obvin\u011bn\u00ed kyjevsk\u00e9ho re\u017eimu ze zab\u00edjen\u00ed civilist\u016f v Bu\u010di.\u00a0Odd\u011blen\u00ed uvedlo, \u017ee rusk\u00e9 ozbrojen\u00e9 s\u00edly Bu\u010du zcela opustily 30. b\u0159ezna a \u201ed\u016fkazy o zlo\u010dinech\u201c se objevily a\u017e \u010dtvrt\u00fd den, kdy do m\u011bsta dorazili zam\u011bstnanci Bezpe\u010dnostn\u00ed slu\u017eby Ukrajiny.\u00a0Rusk\u00fd ministr zahrani\u010d\u00ed Sergej Lavrov zase ozna\u010dil situaci v Bu\u010di za \u201efale\u0161n\u00fd \u00fatok\u201c.\u00a0\u0160\u00e9f rusk\u00e9ho diplomatick\u00e9ho odd\u011blen\u00ed poznamenal, \u017ee Moskva pova\u017euje situaci v Bu\u010di za provokaci, kter\u00e1 ohro\u017euje mezin\u00e1rodn\u00ed m\u00edr a bezpe\u010dnost.<\/span><\/p>\n<p><img decoding=\"async\" loading=\"lazy\" class=\"alignnone size-full wp-image-1185\" src=\"http:\/\/www.infokuryr.cz\/n\/wp-content\/uploads\/2021\/04\/kuryr-podpis.png\" alt=\"\" width=\"84\" height=\"24\" \/><\/p>\n<p>&nbsp;<\/p>\n<p><img decoding=\"async\" loading=\"lazy\" class=\"wp-image-19187 aligncenter\" src=\"http:\/\/www.infokuryr.cz\/n\/wp-content\/uploads\/2022\/12\/1-PRO-300x36.jpg\" alt=\"\" width=\"1250\" height=\"150\" srcset=\"https:\/\/www.infokuryr.cz\/n\/wp-content\/uploads\/2022\/12\/1-PRO-300x36.jpg 300w, https:\/\/www.infokuryr.cz\/n\/wp-content\/uploads\/2022\/12\/1-PRO.jpg 699w\" sizes=\"(max-width: 1250px) 100vw, 1250px\" \/><\/p>\n<p>&nbsp;<\/p>\n","protected":false},"excerpt":{"rendered":"<p>Po\u017eadavky Moskvy adresovan\u00e9 Kyjevu, aby poskytl seznamy zabit\u00fdch p\u0159i provokaci v Bu\u010di, st\u00e1le z\u016fst\u00e1vaj\u00ed nezodpov\u011bzeny.\u00a0Ozn\u00e1mila&#8230;<\/p>\n","protected":false},"author":2,"featured_media":13485,"comment_status":"closed","ping_status":"closed","sticky":false,"template":"","format":"standard","meta":[],"categories":[7],"tags":[2112,221,871,280,2480],"_links":{"self":[{"href":"https:\/\/www.infokuryr.cz\/n\/wp-json\/wp\/v2\/posts\/20459"}],"collection":[{"href":"https:\/\/www.infokuryr.cz\/n\/wp-json\/wp\/v2\/posts"}],"about":[{"href":"https:\/\/www.infokuryr.cz\/n\/wp-json\/wp\/v2\/types\/post"}],"author":[{"embeddable":true,"href":"https:\/\/www.infokuryr.cz\/n\/wp-json\/wp\/v2\/users\/2"}],"replies":[{"embeddable":true,"href":"https:\/\/www.infokuryr.cz\/n\/wp-json\/wp\/v2\/comments?post=20459"}],"version-history":[{"count":0,"href":"https:\/\/www.infokuryr.cz\/n\/wp-json\/wp\/v2\/posts\/20459\/revisions"}],"wp:featuredmedia":[{"embeddable":true,"href":"https:\/\/www.infokuryr.cz\/n\/wp-json\/wp\/v2\/media\/13485"}],"wp:attachment":[{"href":"https:\/\/www.infokuryr.cz\/n\/wp-json\/wp\/v2\/media?parent=20459"}],"wp:term":[{"taxonomy":"category","embeddable":true,"href":"https:\/\/www.infokuryr.cz\/n\/wp-json\/wp\/v2\/categories?post=20459"},{"taxonomy":"post_tag","embeddable":true,"href":"https:\/\/www.infokuryr.cz\/n\/wp-json\/wp\/v2\/tags?post=20459"}],"curies":[{"name":"wp","href":"https:\/\/api.w.org\/{rel}","templated":true}]}}