{"id":20457,"date":"2022-12-29T13:45:33","date_gmt":"2022-12-29T12:45:33","guid":{"rendered":"http:\/\/www.infokuryr.cz\/n\/?p=20457"},"modified":"2022-12-29T13:48:00","modified_gmt":"2022-12-29T12:48:00","slug":"ukrajina-raketou-zautocila-na-uzemi-beloruska","status":"publish","type":"post","link":"https:\/\/www.infokuryr.cz\/n\/2022\/12\/29\/ukrajina-raketou-zautocila-na-uzemi-beloruska\/","title":{"rendered":"Ukrajina raketou za\u00fato\u010dila na \u00fazem\u00ed B\u011bloruska"},"content":{"rendered":"<div id=\"fb-root\"><\/div>\n<p><strong>Ukrajina provedla raketov\u00fd \u00fader na \u00fazem\u00ed B\u011bloruska st\u0159elou komplexu S-300, informuje\u00a0agentury BelTA\u00a0na sv\u00e9m Telegram kan\u00e1lu.<\/strong><\/p>\n<p>\u201eDnes mezi 10. a 11. hodinou dopadla ukrajinsk\u00e1 st\u0159ela S-300 na \u00fazem\u00ed B\u011bloruska. Hlava st\u00e1tu byla o incidentu okam\u017eit\u011b informov\u00e1na,\u201c p\u00ed\u0161e se ve zpr\u00e1v\u011b.<\/p>\n<p>Poznamen\u00e1v\u00e1 se, \u017ee skupina specialist\u016f z \u0159ad zam\u011bstnanc\u016f vy\u0161et\u0159ovac\u00edho v\u00fdboru a ministerstva obrany za\u010dala na pokyn Luka\u0161enka zji\u0161\u0165ovat p\u0159\u00ed\u010diny raketov\u00e9ho \u00faderu.<\/p>\n<p>\u201ePodle dostupn\u00fdch informac\u00ed jsou zva\u017eov\u00e1ny dv\u011b z\u00e1kladn\u00ed verze toho, co se stalo: raketa vlet\u011bla na \u00fazem\u00ed B\u011bloruska, podobn\u011b jak to bylo s ned\u00e1vn\u00fdm pl\u00e1novan\u00fdm incidentem v Polsku, kdy raketa let\u011bla \u0161patn\u00fdm sm\u011brem; raketa byla sest\u0159elena b\u011bloruskou protivzdu\u0161nou obranou,\u201c uv\u00e1d\u00ed agentura.<\/p>\n<p>\u201eNa m\u00edst\u011b pracuj\u00ed specialist\u00e9 z vy\u0161et\u0159ovac\u00edho v\u00fdboru, ministerstva vnitra a ministerstva obrany. Informace o ob\u011btech zat\u00edm nejsou,\u201c p\u00ed\u0161e se v zpr\u00e1v\u011b.<\/p>\n<p>Za\u010d\u00e1tkem \u0159\u00edjna prezident Alexandr Luka\u0161enko prohl\u00e1sil, \u017ee Ukrajina organizuje provokace na hranici, ke kter\u00e9 st\u00e1hla a\u017e 15 000 voj\u00e1k\u016f. Zd\u016fraznil, \u017ee b\u011blorusk\u00e1 arm\u00e1da se ne\u00fa\u010dastn\u00ed rusk\u00e9 speci\u00e1ln\u00ed operace na Ukrajin\u011b, a za \u00fakol Minsku ozna\u010dil zabr\u00e1n\u011bn\u00ed \u00fatok\u016fm na sv\u00e9 \u00fazem\u00ed, zejm\u00e9na z Polska, Litvy a Loty\u0161ska.<\/p>\n<p>V p\u0159\u00edpad\u011b prok\u00e1z\u00e1n\u00ed zl\u00e9ho \u00famyslu fa\u0161istick\u00e9ho ukrajinsk\u00e9ho re\u017eimu budou u\u010din\u011bna pat\u0159i\u010dn\u00e9 opat\u0159en\u00ed ze strany B\u011bloruska.<\/p>\n<p><img decoding=\"async\" loading=\"lazy\" class=\"alignnone size-full wp-image-1185\" src=\"http:\/\/www.infokuryr.cz\/n\/wp-content\/uploads\/2021\/04\/kuryr-podpis.png\" alt=\"\" width=\"84\" height=\"24\" \/><\/p>\n<p><img decoding=\"async\" loading=\"lazy\" class=\"wp-image-19187 aligncenter\" src=\"http:\/\/www.infokuryr.cz\/n\/wp-content\/uploads\/2022\/12\/1-PRO-300x36.jpg\" alt=\"\" width=\"1250\" height=\"150\" srcset=\"https:\/\/www.infokuryr.cz\/n\/wp-content\/uploads\/2022\/12\/1-PRO-300x36.jpg 300w, https:\/\/www.infokuryr.cz\/n\/wp-content\/uploads\/2022\/12\/1-PRO.jpg 699w\" sizes=\"(max-width: 1250px) 100vw, 1250px\" \/><\/p>\n<p>&nbsp;<\/p>\n<p>&nbsp;<\/p>\n<p>&nbsp;<\/p>\n","protected":false},"excerpt":{"rendered":"<p>Ukrajina provedla raketov\u00fd \u00fader na \u00fazem\u00ed B\u011bloruska st\u0159elou komplexu S-300, informuje\u00a0agentury BelTA\u00a0na sv\u00e9m Telegram kan\u00e1lu&#8230;.<\/p>\n","protected":false},"author":2,"featured_media":20458,"comment_status":"closed","ping_status":"closed","sticky":false,"template":"","format":"standard","meta":[],"categories":[7],"tags":[150,1075,26,723],"_links":{"self":[{"href":"https:\/\/www.infokuryr.cz\/n\/wp-json\/wp\/v2\/posts\/20457"}],"collection":[{"href":"https:\/\/www.infokuryr.cz\/n\/wp-json\/wp\/v2\/posts"}],"about":[{"href":"https:\/\/www.infokuryr.cz\/n\/wp-json\/wp\/v2\/types\/post"}],"author":[{"embeddable":true,"href":"https:\/\/www.infokuryr.cz\/n\/wp-json\/wp\/v2\/users\/2"}],"replies":[{"embeddable":true,"href":"https:\/\/www.infokuryr.cz\/n\/wp-json\/wp\/v2\/comments?post=20457"}],"version-history":[{"count":0,"href":"https:\/\/www.infokuryr.cz\/n\/wp-json\/wp\/v2\/posts\/20457\/revisions"}],"wp:featuredmedia":[{"embeddable":true,"href":"https:\/\/www.infokuryr.cz\/n\/wp-json\/wp\/v2\/media\/20458"}],"wp:attachment":[{"href":"https:\/\/www.infokuryr.cz\/n\/wp-json\/wp\/v2\/media?parent=20457"}],"wp:term":[{"taxonomy":"category","embeddable":true,"href":"https:\/\/www.infokuryr.cz\/n\/wp-json\/wp\/v2\/categories?post=20457"},{"taxonomy":"post_tag","embeddable":true,"href":"https:\/\/www.infokuryr.cz\/n\/wp-json\/wp\/v2\/tags?post=20457"}],"curies":[{"name":"wp","href":"https:\/\/api.w.org\/{rel}","templated":true}]}}