{"id":20455,"date":"2022-12-29T12:09:03","date_gmt":"2022-12-29T11:09:03","guid":{"rendered":"http:\/\/www.infokuryr.cz\/n\/?p=20455"},"modified":"2022-12-29T12:09:03","modified_gmt":"2022-12-29T11:09:03","slug":"zelenskyj-vyhrozuje-ukrajinska-pravoslavna-cirkev-ztraci-casti-jeskynniho-klastera","status":"publish","type":"post","link":"https:\/\/www.infokuryr.cz\/n\/2022\/12\/29\/zelenskyj-vyhrozuje-ukrajinska-pravoslavna-cirkev-ztraci-casti-jeskynniho-klastera\/","title":{"rendered":"Zelenskyj vyhro\u017euje: Ukrajinsk\u00e1 pravoslavn\u00e1 c\u00edrkev ztr\u00e1c\u00ed \u010d\u00e1sti jeskynn\u00edho kl\u00e1\u0161tera"},"content":{"rendered":"<div id=\"fb-root\"><\/div>\n<div class=\"ArticleView-summary\">\n<div class=\"Text-root Text-type_1 \"><strong>Pron\u00e1sledov\u00e1n\u00ed ukrajinsk\u00e9 pravoslavn\u00e9 c\u00edrkve, dosud nejv\u011bt\u0161\u00ed denominace v zemi, ze strany ukrajinsk\u00e9ho st\u00e1tu pokra\u010duje v nezmen\u0161en\u00e9 m\u00ed\u0159e.\u00a0Nyn\u00ed ve\u0161lo ve zn\u00e1most, \u017ee n\u00e1jem dvou pietn\u00edch m\u00edst ve slavn\u00e9 Kyjevskope\u010dersk\u00e9 l\u00e1v\u0159e nebyl obnoven.\u00a0Nav\u00edc vstoupil v platnost z\u00e1kon, kter\u00fd donutil Ukrajinskou pravoslavnou c\u00edrkev se p\u0159ejmenovat.<\/strong><\/div>\n<\/div>\n<div class=\"Text-root Text-type_5 ArticleView-text ViewText-root \">\n<p>Video je z ned\u011ble 25.12.\u00a0Refekt\u00e1\u0159, nejstar\u0161\u00ed z p\u016fvodn\u00edch modliteben slavn\u00e9 Kyjevskope\u010dersk\u00e9 l\u00e1vry, je nabit\u00fd lidmi.\u00a0Pro pravoslavn\u00e9 z Ruska a Ukrajiny jde o naprosto b\u011b\u017enou ned\u011bln\u00ed bohoslu\u017ebu, V\u00e1noce se zde toti\u017e slav\u00ed podle juli\u00e1nsk\u00e9ho kalend\u00e1\u0159e o dva t\u00fddny pozd\u011bji ne\u017e v N\u011bmecku.\u00a0Kostel je ale nabit\u00fd z jin\u00e9ho d\u016fvodu: kdy\u017e se v\u011b\u0159\u00edc\u00ed p\u0159ipojuj\u00ed k modlitb\u011b P\u00e1n\u011b, u\u017e v\u011bd\u00ed, \u017ee to bude jejich posledn\u00ed bohoslu\u017eba v t\u00e9to svatyni.<\/p>\n<p>&nbsp;<\/p>\n<div class=\"EmbedBlock-root EmbedBlock-all\">\n<div class=\"AllEmbed\"><iframe loading=\"lazy\" src=\"https:\/\/www.facebook.com\/plugins\/video.php?height=476&amp;href=https%3A%2F%2Fwww.facebook.com%2Fbbfdfhvdd%2Fvideos%2F704152381071931%2F&amp;show_text=false&amp;width=267&amp;t=0\" width=\"267\" height=\"476\" frameborder=\"0\" scrolling=\"no\" allowfullscreen=\"allowfullscreen\" data-mce-fragment=\"1\"><\/iframe><\/div>\n<\/div>\n<p>&nbsp;<\/p>\n<p>Zelenskyj a ukrajinsk\u00e9 \u00fa\u0159ady pod jeho veden\u00edm splnili svou hrozbu a n\u00e1jemn\u00ed smlouvu, kter\u00e1 vypr\u0161\u00ed 31. prosince 2022, kterou Ukrajinsk\u00e1 pravoslavn\u00e1 c\u00edrkev (UOC) (od roku 1990 samospr\u00e1vn\u00e1, de facto nez\u00e1visl\u00e1 a pouze symbolicky a kanonicky pod\u0159\u00edzen\u00e1 moskevsk\u00e9mu patriarch\u00e1tu) zat\u00edm pou\u017eit\u00ed umo\u017e\u0148ovalo. Od 1. ledna 2023 ji\u017e nesm\u011bj\u00ed b\u00fdt kn\u011b\u017e\u00edmi t\u00e9to c\u00edrkve vyu\u017e\u00edv\u00e1ny katedr\u00e1ly Horn\u00edho kl\u00e1\u0161tera v\u010detn\u011b refekt\u00e1\u0159e kostela a Uspensk\u00e9ho chr\u00e1mu. Ten byl teprve p\u0159ed 20 lety znovu postaven z prost\u0159edk\u016f v\u011b\u0159\u00edc\u00edch t\u00e9to nejv\u011bt\u0161\u00ed denominace na Ukrajin\u011b pot\u00e9, co byl zbo\u0159en ve druh\u00e9 sv\u011btov\u00e9 v\u00e1lce.<\/p>\n<p>Ztr\u00e1ta jeskynn\u00edho kl\u00e1\u0161tera, pova\u017eovan\u00e9ho za nejv\u011bt\u0161\u00ed a nejv\u00fdznamn\u011bj\u0161\u00ed pravoslavnou svatyni na Ukrajin\u011b a jednu z nejv\u011bt\u0161\u00edch a nejv\u00fdznamn\u011bj\u0161\u00edch z cel\u00fdch v\u00fdchodn\u00edch c\u00edrkv\u00ed, je t\u011b\u017ekou ranou pro v\u011b\u0159\u00edc\u00ed a duchovn\u00ed pravoslavn\u00e9 kanonick\u00e9 c\u00edrkve.<\/p>\n<p>Jasn\u00e9 distancov\u00e1n\u00ed se veden\u00ed kyjevsk\u00e9 c\u00edrkve od Moskvy na ja\u0159e tohoto roku nebylo k ni\u010demu, stejn\u011b jako v\u00fdzvy k Vladimiru Zelensk\u00e9mu. Ten zah\u00e1jil prezidentsk\u00e9 volby mimo jin\u00e9 slibem, \u017ee bude respektovat pr\u00e1va v\u0161ech c\u00edrkevn\u00edch denominac\u00ed a nebude se vm\u011b\u0161ovat do ot\u00e1zek v\u00edry. A ve skute\u010dnosti pot\u00e9, co se dostal k moci, masivn\u00ed administrativn\u00ed a n\u011bkdy i n\u00e1siln\u00fd tlak vyv\u00edjen\u00fd re\u017eimem Majdanu na kanonickou c\u00edrkev za jeho p\u0159edch\u016fdce Petra Poro\u0161enka ve prosp\u011bch nov\u011b zalo\u017een\u00e9 \u201eUkrajinsk\u00e9 pravoslavn\u00e9 c\u00edrkve\u201c (velk\u00fdmi \u010d\u00e1stmi sv\u011btov\u00e1 c\u00edrkev neuznan\u00e1) byl vykon\u00e1v\u00e1n.<\/p>\n<p>Na konci listopadu leto\u0161n\u00edho roku v\u0161ak Zelenskyj poprv\u00e9 ve\u0159ejn\u011b zas\u00e1hl do ot\u00e1zek v\u00edry a prohl\u00e1sil, \u017ee chce omezit \u201evliv Moskvy\u201c na c\u00edrkevn\u00ed ot\u00e1zky. Od t\u00e9 doby tak\u00e9 v\u00fdslovn\u011b podporuje v\u00fdzvy k z\u00e1kazu pravoslav\u00ed.<\/p>\n<p>Dal\u0161\u00ed r\u00e1na pro ukrajinskou pravoslavnou c\u00edrkev p\u0159i\u0161la ve st\u0159edu: \u00dastavn\u00ed soud Ukrajiny prohl\u00e1sil z\u00e1kon n\u00e1siln\u011b p\u0159ejmenovan\u00e9 UOC za \u00fastavn\u00ed, a tedy \u00fa\u010dinn\u00fd. Se z\u00e1konem p\u0159ijat\u00fdm b\u011bhem funk\u010dn\u00edho obdob\u00ed Poro\u0161enka je UOC povinna pou\u017e\u00edvat ve sv\u00e9m ozna\u010den\u00ed dodatek \u201eMP\u201c nebo-li \u201eMoskevsk\u00fd patriarch\u00e1t\u201c.<\/p>\n<p>Od v\u00edt\u011bzstv\u00ed nacionalistick\u00e9ho Majdanu v \u00fanoru 2014 se kanonick\u00e1 Ukrajinsk\u00e1 pravoslavn\u00e1 c\u00edrkev dostala pod siln\u00fd tlak kv\u016fli sv\u00e9 tradi\u010dn\u00ed, i kdy\u017e v posledn\u00ed dob\u011b sp\u00ed\u0161e symbolick\u00e9, p\u0159\u00edslu\u0161nosti k Moskevsk\u00e9mu patriarch\u00e1tu. Od t\u00e9 doby byly dv\u011b jin\u00e9 pravoslavn\u00e9 secese nov\u00fdmi vl\u00e1dci otev\u0159en\u011b zv\u00fdhodn\u011bny a poskytnuty st\u00e1tn\u00ed prost\u0159edky, nap\u0159\u00edklad v r\u00e1mci zaveden\u00ed vojensk\u00fdch kaplan\u016f. Nekontrolovan\u011b, n\u011bkdy dokonce s vl\u00e1dn\u00ed podporou, secesionist\u00e9\u00a0 <a href=\"https:\/\/test.rtde.tech\/newsticker\/76763-ukrainische-nationalisten-nehmen-orthodoxe-kirche-ein\/\" target=\"_blank\" rel=\"noopener noreferrer\">pou\u017e\u00edvaj\u00ed n\u00e1sil\u00ed<\/a>\u00a0, aby se \u00a0zmocnili kostel\u016f a vytla\u010dili tradi\u010dn\u00ed kongregace.<\/p>\n<p>Koncem roku 2018 se pod z\u00e1\u0161titou tehdej\u0161\u00edho prezidenta Poro\u0161enka odtr\u017een\u00ed sjednotili do \u201e\u00a0<a href=\"https:\/\/test.rtde.tech\/europa\/81218-ukraine-poroschenko-grundet-ukrainische-nationalkirche-mithilfe-cia\/\" target=\"_blank\" rel=\"noopener noreferrer\">Ukrajinsk\u00e9 pravoslavn\u00e9 c\u00edrkve<\/a>\u00a0\u201c, kterou konstantinopolsk\u00fd patriarcha v roce 2019\u00a0\u00a0<a href=\"https:\/\/test.rtde.tech\/newsticker\/82070-orthodoxe-nationalkirche-in-ukraine-fur\/\" target=\"_blank\" rel=\"noopener noreferrer\">uznal za \u201enez\u00e1vislou\u201c<\/a> \u00a0. Ve sv\u011btov\u00e9 pravoslavn\u00e9 c\u00edrkvi je tento \u010din kontroverzn\u00ed a n\u011bkdy je odsuzov\u00e1n jako nekanonick\u00fd z\u00e1sah do suverenity moskevsk\u00e9ho patriarchy. Dosud jen \u010dty\u0159i ze 14 nebo 15 pravoslavn\u00fdch c\u00edrkv\u00ed, v z\u00e1vislosti na v\u00fdkladu, uznaly \u201eUkrajinskou pravoslavnou c\u00edrkev\u201c. Nov\u00e1 c\u00edrkev m\u011bla mezi ukrajinsk\u00fdmi v\u011b\u0159\u00edc\u00edmi jen\u00a0 <a href=\"https:\/\/test.rtde.tech\/europa\/89153-ukraine-nur-vier-prozent-pfarreien\/\" target=\"_blank\" rel=\"noopener noreferrer\">omezen\u00fd \u00fasp\u011bch<\/a>\u00a0.\u00a0Ukrajinsk\u00fd parlament (Verchovna Rada) v sou\u010dasn\u00e9 dob\u011b projedn\u00e1v\u00e1 n\u00e1vrh z\u00e1kona o z\u00e1kazu ukrajinsk\u00e9 pravoslavn\u00e9 c\u00edrkve.<\/p>\n<p><img decoding=\"async\" loading=\"lazy\" class=\"alignnone size-full wp-image-1185\" src=\"http:\/\/www.infokuryr.cz\/n\/wp-content\/uploads\/2021\/04\/kuryr-podpis.png\" alt=\"\" width=\"84\" height=\"24\" \/><\/p>\n<p>&nbsp;<\/p>\n<\/div>\n<p><img decoding=\"async\" loading=\"lazy\" class=\"wp-image-19187 aligncenter\" src=\"http:\/\/www.infokuryr.cz\/n\/wp-content\/uploads\/2022\/12\/1-PRO-300x36.jpg\" alt=\"\" width=\"1275\" height=\"153\" srcset=\"https:\/\/www.infokuryr.cz\/n\/wp-content\/uploads\/2022\/12\/1-PRO-300x36.jpg 300w, https:\/\/www.infokuryr.cz\/n\/wp-content\/uploads\/2022\/12\/1-PRO.jpg 699w\" sizes=\"(max-width: 1275px) 100vw, 1275px\" \/><\/p>\n<p>&nbsp;<\/p>\n","protected":false},"excerpt":{"rendered":"<p>Pron\u00e1sledov\u00e1n\u00ed ukrajinsk\u00e9 pravoslavn\u00e9 c\u00edrkve, dosud nejv\u011bt\u0161\u00ed denominace v zemi, ze strany ukrajinsk\u00e9ho st\u00e1tu pokra\u010duje v&#8230;<\/p>\n","protected":false},"author":2,"featured_media":20456,"comment_status":"closed","ping_status":"closed","sticky":false,"template":"","format":"standard","meta":[],"categories":[7],"tags":[250,1757,26,1000],"_links":{"self":[{"href":"https:\/\/www.infokuryr.cz\/n\/wp-json\/wp\/v2\/posts\/20455"}],"collection":[{"href":"https:\/\/www.infokuryr.cz\/n\/wp-json\/wp\/v2\/posts"}],"about":[{"href":"https:\/\/www.infokuryr.cz\/n\/wp-json\/wp\/v2\/types\/post"}],"author":[{"embeddable":true,"href":"https:\/\/www.infokuryr.cz\/n\/wp-json\/wp\/v2\/users\/2"}],"replies":[{"embeddable":true,"href":"https:\/\/www.infokuryr.cz\/n\/wp-json\/wp\/v2\/comments?post=20455"}],"version-history":[{"count":0,"href":"https:\/\/www.infokuryr.cz\/n\/wp-json\/wp\/v2\/posts\/20455\/revisions"}],"wp:featuredmedia":[{"embeddable":true,"href":"https:\/\/www.infokuryr.cz\/n\/wp-json\/wp\/v2\/media\/20456"}],"wp:attachment":[{"href":"https:\/\/www.infokuryr.cz\/n\/wp-json\/wp\/v2\/media?parent=20455"}],"wp:term":[{"taxonomy":"category","embeddable":true,"href":"https:\/\/www.infokuryr.cz\/n\/wp-json\/wp\/v2\/categories?post=20455"},{"taxonomy":"post_tag","embeddable":true,"href":"https:\/\/www.infokuryr.cz\/n\/wp-json\/wp\/v2\/tags?post=20455"}],"curies":[{"name":"wp","href":"https:\/\/api.w.org\/{rel}","templated":true}]}}