{"id":20454,"date":"2022-12-29T11:36:09","date_gmt":"2022-12-29T10:36:09","guid":{"rendered":"http:\/\/www.infokuryr.cz\/n\/?p=20454"},"modified":"2022-12-29T11:36:09","modified_gmt":"2022-12-29T10:36:09","slug":"valka-ukrajiny-proti-rusku-nema-se-svobodou-nic-spolecneho","status":"publish","type":"post","link":"https:\/\/www.infokuryr.cz\/n\/2022\/12\/29\/valka-ukrajiny-proti-rusku-nema-se-svobodou-nic-spolecneho\/","title":{"rendered":"V\u00e1lka Ukrajiny proti Rusku nem\u00e1 se svobodou nic spole\u010dn\u00e9ho"},"content":{"rendered":"<div id=\"fb-root\"><\/div>\n<div class=\"elementor-element elementor-element-1fb4c2c elementor-widget elementor-widget-theme-post-content\" data-id=\"1fb4c2c\" data-element_type=\"widget\" data-widget_type=\"theme-post-content.default\">\n<div class=\"elementor-widget-container\">\n<p><strong>Ukrajinsk\u00fd prezident Volodymyr Zelenskyj vystoupil na spole\u010dn\u00e9m zased\u00e1n\u00ed Kongresu, aby po\u017e\u00e1dal o dal\u0161\u00ed miliardy dolar\u016f americk\u00fdch da\u0148ov\u00fdch poplatn\u00edk\u016f na pomoc Ukrajin\u011b ve v\u00e1lce s Ruskem.<\/strong><\/p>\n<p><span>V Zelensk\u00e9ho projevu m\u011b zaujala ur\u010dit\u00e1 v\u011bta: <em>\u201eI my Ukrajinci budeme d\u016fstojn\u011b a \u00fasp\u011b\u0161n\u011b bojovat svou v\u00e1lku za nez\u00e1vislost a svobodu\u201c<\/em>.\u00a0Tato v\u011bta vyvolala velk\u00fd potlesk \u010dlen\u016f Kongresu.<\/span><\/p>\n<p><span>Se Zelensk\u00e9ho sv\u011bdectv\u00edm je v\u0161ak velk\u00fd probl\u00e9m.\u00a0V\u00e1lka mezi Ukrajinou a Ruskem nem\u00e1 se svobodou nic spole\u010dn\u00e9ho.\u00a0M\u00edsto toho m\u00e1 v\u0161e spole\u010dn\u00e9ho s NATO, prastar\u00fdm dinosaurem studen\u00e9 v\u00e1lky, kter\u00fd vyvolal krizi, kter\u00e1 vedla k t\u00e9to smrt\u00edc\u00ed a ni\u010div\u00e9 v\u00e1lce.<\/span><\/p>\n<p><span>Pentagon, kter\u00fd p\u016fsob\u00ed prost\u0159ednictv\u00edm NATO, trval na p\u0159ijet\u00ed Ukrajiny do NATO.\u00a0Zelenskyj tak\u00e9 cht\u011bl, aby Ukrajina vstoupila do NATO.\u00a0Rusko minim\u00e1ln\u011b posledn\u00edch 25 let d\u00e1valo najevo, \u017ee vstup Ukrajiny do NATO je pro Rusko \u201e\u010dervenou lini\u00ed\u201c.\u00a0Posledn\u00ed, co Rusko cht\u011blo, byly z\u00e1kladny Pentagonu a jadern\u00e9 rakety na rusk\u00fdch hranic\u00edch, stejn\u011b jako Pentagon necht\u011bl rusk\u00e9 z\u00e1kladny a jadern\u00e9 rakety na Kub\u011b.\u00a0Rusko opakovan\u011b dalo jasn\u011b najevo, \u017ee pokud Ukrajina p\u0159ekro\u010d\u00ed tuto \u201e\u010dervenou \u010d\u00e1ru\u201c, aby zabr\u00e1nila Ukrajin\u011b ve vstupu do NATO, napadla by Ukrajinu.<\/span><\/p>\n<p><span>Ka\u017ed\u00fd tedy v\u011bd\u011bl, co je v s\u00e1zce, kdy\u017e Pentagon, NATO a Ukrajina trvaly na tom, aby se Ukrajina stala \u010dlenem NATO.\u00a0V\u011bd\u011bli, \u017ee Rusko nakonec napadne Ukrajinu, pokud na tom budou trvat.<\/span><\/p>\n<p><span>Pentagon, NATO a Ukrajina v\u011bdom\u011b a sv\u00e9voln\u011b ignorovaly a nerespektovaly ruskou \u201e\u010dervenou linii\u201c a pokra\u010dovaly cestou p\u0159ijet\u00ed Ukrajiny do NATO, dob\u0159e v\u011bd\u011bly, \u017ee by to vedlo k rusk\u00e9 invazi na Ukrajinu, aby se tomu zabr\u00e1nilo.<\/span><\/p>\n<p><span>Ne\u017e tedy Rusko napadlo Ukrajinu, Zelenskyj st\u00e1l p\u0159ed osudovou volbou.\u00a0Pokud by rozhodl, \u017ee Ukrajina nevstoup\u00ed do NATO, nebude \u017e\u00e1dn\u00e1 rusk\u00e1 invaze na Ukrajinu.\u00a0Pokud by se rozhodl povolit vstup Ukrajiny do NATO, do\u0161lo by k rusk\u00e9 invazi na Ukrajinu, kter\u00e1 by jist\u011b vy\u00fastila v masivn\u00ed smrt a zk\u00e1zu na obou stran\u00e1ch.<\/span><\/p>\n<p><span>Zelenskij zvolil druhou mo\u017enost.\u00a0T\u00edmto rozhodnut\u00edm \u0159ekl, \u017ee smrt a utrpen\u00ed des\u00edtek tis\u00edc jeho ob\u010dan\u016f a zni\u010den\u00ed jeho zem\u011b stoj\u00ed za to, aby Ukrajina vstoupila do NATO.\u00a0Je to skute\u010dn\u011b rozhodnut\u00ed.\u00a0Jin\u00fd prezident se mohl rozhodnout, \u017ee masivn\u00ed smrt a zk\u00e1zu, kterou takov\u00e1 v\u00e1lka p\u0159inese, nestoj\u00ed za vstup do NATO.<\/span><\/p>\n<p><span>V ka\u017ed\u00e9m p\u0159\u00edpad\u011b, jak \u0159ekl Zelenskyj Kongresu, v\u00e1lka mezi Ruskem a Ukrajinou nen\u00ed o svobod\u011b.\u00a0Jde o Zelensk\u00e9ho p\u0159\u00e1n\u00ed, aby Ukrajina vstoupila do NATO.<\/span><\/p>\n<p><span>A nem\u011bli bychom zapom\u00ednat, \u017ee NATO bylo sou\u010d\u00e1st\u00ed star\u00e9 studen\u00e9 v\u00e1lky, kter\u00e1 slou\u017eila k ospravedln\u011bn\u00ed transformace vl\u00e1dy USA z republiky s omezen\u00fdmi vl\u00e1dn\u00edmi pravomocemi na st\u00e1t n\u00e1rodn\u00ed bezpe\u010dnosti, typ vl\u00e1dn\u00ed struktury, kter\u00e1 vykon\u00e1v\u00e1 totalitn\u00ed pravomoci.\u00a0Kdy\u017e studen\u00e1 v\u00e1lka n\u00e1hle skon\u010dila, star\u00fd dinosaurus studen\u00e9 v\u00e1lky, NATO, m\u011bl zmizet spolu s Var\u0161avskou smlouvou.<\/span><\/p>\n<p><span>Strach z toho, \u017ee si pro n\u00e1s p\u0159ijdou Rusov\u00e9 a jin\u00ed komunist\u00e9, byl po celou dobu studen\u00e9 v\u00e1lky vyu\u017e\u00edv\u00e1n k ospravedln\u011bn\u00ed neust\u00e1le se zvy\u0161uj\u00edc\u00edch rozpo\u010dt\u016f pro z\u0159\u00edzen\u00ed n\u00e1rodn\u00ed bezpe\u010dnosti a jeho st\u00e1le rostouc\u00ed arm\u00e1du nenasytn\u00fdch \u201eobrann\u00fdch\u201c dodavatel\u016f, kte\u0159\u00ed si r\u00e1di pom\u00e1hali ke korytu. ve\u0159ejnost.\u00a0Pentagon a jeho &#8222;obrann\u00ed&#8220; dodavatel\u00e9 zjevn\u011b nebyli ochotni pustit svou dojnou kr\u00e1vu ze studen\u00e9 v\u00e1lky.<\/span><\/p>\n<p><span>O tom bylo p\u0159evzet\u00ed b\u00fdval\u00fdch \u010dlen\u016f Var\u0161avsk\u00e9 smlouvy NATO.\u00a0Rozm\u00edst\u011bn\u00edm americk\u00fdch sil a raket st\u00e1le bl\u00ed\u017ee k rusk\u00fdm hranic\u00edm cht\u011bl Pentagon vyvolat ruskou reakci, kter\u00e1 by pak znovu rozpoutala lukrativn\u00ed studenou v\u00e1lku.\u00a0Pentagon tedy p\u0159esn\u011b v\u011bd\u011bl, co d\u011bl\u00e1, kdy\u017e trval na p\u0159ijet\u00ed Ukrajiny do NATO.\u00a0A zjevn\u011b dos\u00e1hlo toho, co cht\u011blo \u2013 o\u017eiven\u00ed studen\u00e9 v\u00e1lky a st\u00e1le se zvy\u0161uj\u00edc\u00ed dotace da\u0148ov\u00fdch poplatn\u00edk\u016f.<\/span><\/p>\n<p><span>Jednou z nezodpov\u011bzen\u00fdch ot\u00e1zek je, kolik ze 100 miliard dolar\u016f z pen\u011bz americk\u00fdch da\u0148ov\u00fdch poplatn\u00edk\u016f, kter\u00e9 ameri\u010dt\u00ed \u00fa\u0159edn\u00edci dali ukrajinsk\u00e9 vl\u00e1d\u011b, bylo pou\u017eito na lemov\u00e1n\u00ed kapes ukrajinsk\u00fdch \u00fa\u0159edn\u00edk\u016f.\u00a0Ukrajina je koneckonc\u016f jedn\u00edm z nejzkorumpovan\u011bj\u0161\u00edch re\u017eim\u016f na sv\u011bt\u011b.\u00a0Nen\u00ed d\u016fvod se domn\u00edvat, \u017ee v\u00e1lka mezi Ukrajinou a Ruskem n\u00e1hle prom\u011bnila ukrajinsk\u00e9 \u00fa\u0159edn\u00edky v \u010destn\u00e9 vl\u00e1dn\u00ed \u00fa\u0159edn\u00edky.<\/span><\/p>\n<p><span>Kone\u010dn\u011b je t\u0159eba zv\u00e1\u017eit je\u0161t\u011b n\u011bco, co je \u017eivotn\u011b d\u016fle\u017eit\u00e9.\u00a0Dluh feder\u00e1ln\u00ed vl\u00e1dy nyn\u00ed \u010din\u00ed v\u00edce ne\u017e 31 bilion\u016f dolar\u016f.\u00a0Ameri\u010dt\u00ed \u00fa\u0159edn\u00edci v \u010dele s prezidentem Bidenem nad\u00e1le utr\u00e1cej\u00ed, jako by nebylo z\u00edt\u0159ka.\u00a0To zahrnuje t\u00e9m\u011b\u0159 1 bilion dolar\u016f, aby n\u00e1s Pentagon \u201echr\u00e1nil\u201c p\u0159ed hrozbami, kter\u00e9 s\u00e1m vyvol\u00e1v\u00e1.\u00a0St\u00e1le rostouc\u00ed feder\u00e1ln\u00ed v\u00fddaje, dluhy, dan\u011b a pl\u00fdtv\u00e1n\u00ed pen\u011bzi p\u0159edstavuj\u00ed v\u00e1\u017en\u00e9 ohro\u017een\u00ed svobody a blahobytu americk\u00e9ho lidu. Kdy\u017e prezident Zelenskyj \u017e\u00e1d\u00e1 Kongres, aby dal ukrajinsk\u00e9 vl\u00e1d\u011b dal\u0161\u00ed miliardy dolar\u016f v dolarech americk\u00fdch da\u0148ov\u00fdch poplatn\u00edk\u016f, je to dost \u0161patn\u00e9.<\/span><\/p>\n<p><strong>Jacob G Hornberger<\/strong><\/p>\n<\/div>\n<\/div>\n<div class=\"elementor-element elementor-element-8c57238 quelle dc-has-condition dc-condition-empty elementor-widget elementor-widget-heading\" data-id=\"8c57238\" data-element_type=\"widget\" data-widget_type=\"heading.default\">\n<div class=\"elementor-widget-container\">\n<h3 class=\"elementor-heading-title elementor-size-default\"><span style=\"font-size: 8pt;\"><a href=\"https:\/\/www.fff.org\/2022\/12\/22\/ukraines-war-with-russia-has-nothing-to-do-with-freedom\/\" target=\"_blank\" rel=\"nofollow noopener\">ZDROJ<\/a><\/span><\/h3>\n<p><img decoding=\"async\" loading=\"lazy\" class=\"wp-image-19187 aligncenter\" src=\"http:\/\/www.infokuryr.cz\/n\/wp-content\/uploads\/2022\/12\/1-PRO-300x36.jpg\" alt=\"\" width=\"1250\" height=\"150\" srcset=\"https:\/\/www.infokuryr.cz\/n\/wp-content\/uploads\/2022\/12\/1-PRO-300x36.jpg 300w, https:\/\/www.infokuryr.cz\/n\/wp-content\/uploads\/2022\/12\/1-PRO.jpg 699w\" sizes=\"(max-width: 1250px) 100vw, 1250px\" \/><\/p>\n<p>&nbsp;<\/p>\n<\/div>\n<\/div>\n","protected":false},"excerpt":{"rendered":"<p>Ukrajinsk\u00fd prezident Volodymyr Zelenskyj vystoupil na spole\u010dn\u00e9m zased\u00e1n\u00ed Kongresu, aby po\u017e\u00e1dal o dal\u0161\u00ed miliardy dolar\u016f&#8230;<\/p>\n","protected":false},"author":2,"featured_media":14065,"comment_status":"closed","ping_status":"closed","sticky":false,"template":"","format":"standard","meta":[],"categories":[7],"tags":[604,117,26,37,2676,1000],"_links":{"self":[{"href":"https:\/\/www.infokuryr.cz\/n\/wp-json\/wp\/v2\/posts\/20454"}],"collection":[{"href":"https:\/\/www.infokuryr.cz\/n\/wp-json\/wp\/v2\/posts"}],"about":[{"href":"https:\/\/www.infokuryr.cz\/n\/wp-json\/wp\/v2\/types\/post"}],"author":[{"embeddable":true,"href":"https:\/\/www.infokuryr.cz\/n\/wp-json\/wp\/v2\/users\/2"}],"replies":[{"embeddable":true,"href":"https:\/\/www.infokuryr.cz\/n\/wp-json\/wp\/v2\/comments?post=20454"}],"version-history":[{"count":0,"href":"https:\/\/www.infokuryr.cz\/n\/wp-json\/wp\/v2\/posts\/20454\/revisions"}],"wp:featuredmedia":[{"embeddable":true,"href":"https:\/\/www.infokuryr.cz\/n\/wp-json\/wp\/v2\/media\/14065"}],"wp:attachment":[{"href":"https:\/\/www.infokuryr.cz\/n\/wp-json\/wp\/v2\/media?parent=20454"}],"wp:term":[{"taxonomy":"category","embeddable":true,"href":"https:\/\/www.infokuryr.cz\/n\/wp-json\/wp\/v2\/categories?post=20454"},{"taxonomy":"post_tag","embeddable":true,"href":"https:\/\/www.infokuryr.cz\/n\/wp-json\/wp\/v2\/tags?post=20454"}],"curies":[{"name":"wp","href":"https:\/\/api.w.org\/{rel}","templated":true}]}}