{"id":20440,"date":"2022-12-29T10:25:18","date_gmt":"2022-12-29T09:25:18","guid":{"rendered":"http:\/\/www.infokuryr.cz\/n\/?p=20440"},"modified":"2022-12-29T10:25:18","modified_gmt":"2022-12-29T09:25:18","slug":"co-je-znamo-o-explozich-v-nejvetsich-mestech-ukrajiny","status":"publish","type":"post","link":"https:\/\/www.infokuryr.cz\/n\/2022\/12\/29\/co-je-znamo-o-explozich-v-nejvetsich-mestech-ukrajiny\/","title":{"rendered":"Co je zn\u00e1mo o exploz\u00edch v nejv\u011bt\u0161\u00edch m\u011bstech Ukrajiny"},"content":{"rendered":"<div id=\"fb-root\"><\/div>\n<p class=\"Paragraph_paragraph__nYCys \"><strong><span class=\"ds_ext_text-tov6w ds_ext_text--serif-gR6vA ds_ext_text--size_large-KlJUR ds_ext_text--font_weight_regular-sLSOt ds_ext_text--color_primary-iFZIj\">K v\u00fdbuch\u016fm do\u0161lo dnes ve \u010dtvrtek r\u00e1no v nejv\u011bt\u0161\u00edch m\u011bstech Ukrajiny, v\u010detn\u011b Kyjeva a Od\u011bsy. Informuj\u00ed o tom m\u00edstn\u00ed m\u00e9dia.<\/span><\/strong><\/p>\n<p class=\"Paragraph_paragraph__nYCys \"><span class=\"ds_ext_text-tov6w ds_ext_text--serif-gR6vA ds_ext_text--size_large-KlJUR ds_ext_text--font_weight_regular-sLSOt ds_ext_text--color_primary-iFZIj\"><span>V cel\u00e9 zemi byl ji\u017e d\u0159\u00edve\u00a0<\/span><\/span><a class=\"ds_ext_link_wrapper-jacww \" href=\"https:\/\/tass.ru\/mezhdunarodnaya-panorama\/16711153\" target=\"_blank\" rel=\"noopener\"><span class=\"ds_ext_text-tov6w ds_ext_text--serif-gR6vA ds_ext_text--size_large-KlJUR\"><span>vyhl\u00e1\u0161en<\/span><\/span><\/a><span class=\"ds_ext_text-tov6w ds_ext_text--serif-gR6vA ds_ext_text--size_large-KlJUR ds_ext_text--font_weight_regular-sLSOt ds_ext_text--color_primary-iFZIj\"><span> leteck\u00fd poplach . INFOKUR\u00ddR\u00a0shrom\u00e1\u017edil to hlavn\u00ed, co se o tom, co se stalo, v\u00ed.<\/span><\/span><\/p>\n<h2 class=\"Title_title__s1aRX \"><span class=\"ds_ext_title-1XuEF ds_ext_title--font_weight_black-pCpoZ ds_ext_title--variant_h2_large-lfeiR ds_ext_title--color_primary-MLP6K\"><span>Zpr\u00e1vy o v\u00fdbuchu<\/span><\/span><\/h2>\n<div class=\"Paragraph_paragraph__nYCys \">\n<ul>\n<li><span>V\u00fdbuchy jsou sly\u0161et v n\u011bkolika velk\u00fdch ukrajinsk\u00fdch m\u011bstech, v\u010detn\u011b Kyjeva, Lvova, Nikolajeva, Od\u011bsy a Charkova, a tak\u00e9 v \u017dytomyrsk\u00e9 a Ivano-Frankivsk\u00e9 oblasti.<\/span><\/li>\n<li><span>Volodymyr Rogov, p\u0159edseda hnut\u00ed \u201eJsme s Ruskem\u201c ,\u00a0<\/span><a href=\"https:\/\/tass.ru\/armiya-i-opk\/16711015\" target=\"_blank\" rel=\"noopener\"><span>uvedl<\/span><\/a><span>\u00a0, \u017ee ve m\u011bst\u011b Z\u00e1poro\u017e\u00ed, kter\u00e9 je pod kontrolou ukrajinsk\u00fdch \u00fa\u0159ad\u016f, do\u0161lo p\u0159es noc k nejm\u00e9n\u011b p\u011bti exploz\u00edm.<\/span><\/li>\n<\/ul>\n<\/div>\n<h2 class=\"Title_title__s1aRX \"><span class=\"ds_ext_title-1XuEF ds_ext_title--font_weight_black-pCpoZ ds_ext_title--variant_h2_large-lfeiR ds_ext_title--color_primary-MLP6K\"><span>P\u0159eru\u0161en\u00ed sv\u011btla<\/span><\/span><\/h2>\n<div class=\"Paragraph_paragraph__nYCys \">\n<ul>\n<li><span>Starosta Kyjeva Vitalij Kli\u010dko\u00a0<\/span><a href=\"https:\/\/tass.ru\/ekonomika\/16711729\" target=\"_blank\" rel=\"noopener\"><span>vyzval<\/span><\/a><span>\u00a0ob\u010dany, aby se p\u0159ipravili na v\u00fdpadky proudu.<\/span><\/li>\n<li><span>Provoz metra\u00a0v Charkov\u011b byl\u00a0<\/span><a href=\"https:\/\/tass.ru\/mezhdunarodnaya-panorama\/16711643\" target=\"_blank\" rel=\"noopener\"><span>pozastaven .<\/span><\/a><\/li>\n<li><span>Bez energie 90% Lvova, \u0159ekl starosta m\u011bsta Andrey Sadovy.\u00a0Pohyb tramvaj\u00ed a trolejbus\u016f je podle n\u011bj zastaven, p\u0159eru\u0161en\u00ed dod\u00e1vky vody je mo\u017en\u00e9.<\/span><\/li>\n<li><span>Nouzov\u00e9 v\u00fdpadky elekt\u0159iny byly zavedeny v Dn\u011bpropetrovsk\u00e9 a Od\u011bsk\u00e9 oblasti.<\/span><\/li>\n<li><span>Kv\u016fli v\u00fdpadk\u016fm m\u00e1 na n\u011bkter\u00fdch \u00fasec\u00edch ukrajinsk\u00fdch \u017eeleznic\u00a0<\/span><a href=\"https:\/\/tass.ru\/ekonomika\/16711621\" target=\"_blank\" rel=\"noopener\"><span>zpo\u017ed\u011bn\u00ed<\/span><\/a><span>\u00a0nejm\u00e9n\u011b p\u011bt vlak\u016f , uvedla tiskov\u00e1 slu\u017eba spole\u010dnosti Ukrzheldoroga.\u00a0Zejm\u00e9na vlak Od\u011bsa-Charkov m\u00e1 zpo\u017ed\u011bn\u00ed v\u00edce ne\u017e dv\u011b hodiny, vlak Charkov-Ivano-Frankivsk m\u00e1 zpo\u017ed\u011bn\u00ed v\u00edce ne\u017e hodinu.<\/span><\/li>\n<\/ul>\n<\/div>\n<h2 class=\"Title_title__s1aRX \"><span class=\"ds_ext_title-1XuEF ds_ext_title--font_weight_black-pCpoZ ds_ext_title--variant_h2_large-lfeiR ds_ext_title--color_primary-MLP6K\"><span>P\u0159edchoz\u00ed v\u00fdpadky<\/span><\/span><\/h2>\n<div class=\"Paragraph_paragraph__nYCys \">\n<ul>\n<li><span>Rusk\u00e9 ozbrojen\u00e9 s\u00edly \u00fato\u010d\u00ed na vojensk\u00e1 velitelsk\u00e1, komunika\u010dn\u00ed a energetick\u00e1 za\u0159\u00edzen\u00ed na Ukrajin\u011b od \u0159\u00edjna \u2013 prvn\u00ed takto masivn\u00ed \u00fader byl po teroristick\u00e9m \u00fatoku na Krymsk\u00fd most.<\/span><\/li>\n<li><span>Naposledy byl podle rusk\u00e9ho ministerstva obrany masivn\u00ed \u00fatok proveden p\u0159ed dv\u011bma t\u00fddny \u2013 16. prosince.<\/span><\/li>\n<li><span>Rusk\u00e9 vojensk\u00e9 odd\u011blen\u00ed zat\u00edm nekomentovalo posledn\u00ed prohl\u00e1\u0161en\u00ed o exploz\u00edch na Ukrajin\u011b a v\u00fdpadc\u00edch elekt\u0159iny v zemi.<\/span><\/li>\n<li><span>Ukrajinsk\u00fd premi\u00e9r Denys \u0160myhal v polovin\u011b listopadu ozn\u00e1mil, \u017ee t\u00e9m\u011b\u0159 polovina energetick\u00e9ho syst\u00e9mu zem\u011b je mimo provoz.<\/span><\/li>\n<\/ul>\n<p><img decoding=\"async\" loading=\"lazy\" class=\"alignnone size-full wp-image-1185\" src=\"http:\/\/www.infokuryr.cz\/n\/wp-content\/uploads\/2021\/04\/kuryr-podpis.png\" alt=\"\" width=\"84\" height=\"24\" \/><\/p>\n<\/div>\n<p>&nbsp;<\/p>\n<p><img decoding=\"async\" loading=\"lazy\" class=\"wp-image-19187 aligncenter\" src=\"http:\/\/www.infokuryr.cz\/n\/wp-content\/uploads\/2022\/12\/1-PRO-300x36.jpg\" alt=\"\" width=\"1242\" height=\"149\" srcset=\"https:\/\/www.infokuryr.cz\/n\/wp-content\/uploads\/2022\/12\/1-PRO-300x36.jpg 300w, https:\/\/www.infokuryr.cz\/n\/wp-content\/uploads\/2022\/12\/1-PRO.jpg 699w\" sizes=\"(max-width: 1242px) 100vw, 1242px\" \/><\/p>\n<p>&nbsp;<\/p>\n","protected":false},"excerpt":{"rendered":"<p>K v\u00fdbuch\u016fm do\u0161lo dnes ve \u010dtvrtek r\u00e1no v nejv\u011bt\u0161\u00edch m\u011bstech Ukrajiny, v\u010detn\u011b Kyjeva a Od\u011bsy&#8230;.<\/p>\n","protected":false},"author":2,"featured_media":13324,"comment_status":"closed","ping_status":"closed","sticky":false,"template":"","format":"standard","meta":[],"categories":[7],"tags":[790,220,3535,26],"_links":{"self":[{"href":"https:\/\/www.infokuryr.cz\/n\/wp-json\/wp\/v2\/posts\/20440"}],"collection":[{"href":"https:\/\/www.infokuryr.cz\/n\/wp-json\/wp\/v2\/posts"}],"about":[{"href":"https:\/\/www.infokuryr.cz\/n\/wp-json\/wp\/v2\/types\/post"}],"author":[{"embeddable":true,"href":"https:\/\/www.infokuryr.cz\/n\/wp-json\/wp\/v2\/users\/2"}],"replies":[{"embeddable":true,"href":"https:\/\/www.infokuryr.cz\/n\/wp-json\/wp\/v2\/comments?post=20440"}],"version-history":[{"count":0,"href":"https:\/\/www.infokuryr.cz\/n\/wp-json\/wp\/v2\/posts\/20440\/revisions"}],"wp:featuredmedia":[{"embeddable":true,"href":"https:\/\/www.infokuryr.cz\/n\/wp-json\/wp\/v2\/media\/13324"}],"wp:attachment":[{"href":"https:\/\/www.infokuryr.cz\/n\/wp-json\/wp\/v2\/media?parent=20440"}],"wp:term":[{"taxonomy":"category","embeddable":true,"href":"https:\/\/www.infokuryr.cz\/n\/wp-json\/wp\/v2\/categories?post=20440"},{"taxonomy":"post_tag","embeddable":true,"href":"https:\/\/www.infokuryr.cz\/n\/wp-json\/wp\/v2\/tags?post=20440"}],"curies":[{"name":"wp","href":"https:\/\/api.w.org\/{rel}","templated":true}]}}