{"id":2044,"date":"2021-05-28T05:08:09","date_gmt":"2021-05-28T03:08:09","guid":{"rendered":"http:\/\/www.infokuryr.cz\/n\/?p=2044"},"modified":"2021-05-28T05:08:09","modified_gmt":"2021-05-28T03:08:09","slug":"jak-nakrmit-statni-kasu","status":"publish","type":"post","link":"https:\/\/www.infokuryr.cz\/n\/2021\/05\/28\/jak-nakrmit-statni-kasu\/","title":{"rendered":"Jak nakrmit st\u00e1tn\u00ed kasu"},"content":{"rendered":"<div id=\"fb-root\"><\/div>\n<p>Volby jsou za dve\u0159mi, ale n\u011bkte\u0159\u00ed se u\u017e vid\u00ed ve vl\u00e1d\u011b. T\u0159eba takov\u00fd V\u011bslav Michal\u00edk (STAN) by byl r\u00e1d ministrem financ\u00ed a pr\u00fd v\u00ed jak nakrmit st\u00e1tn\u00ed kasu.<\/p>\n<p>Mimo jin\u00e9 by cht\u011bl zachr\u00e1nit na\u0161i ekonomiku t\u00edm,\u017ee umo\u017en\u00ed pracovat lidem v exekuci a lidem na mate\u0159sk\u00e9 dovolen\u00e9.<\/p>\n<p>Tak\u017ee op\u011bt by se panstvo r\u00e1do hojilo na t\u011bch nejchud\u0161\u00edch, ze kter\u00fdch je pot\u0159eba je\u0161t\u011b zedrat u\u017e tak dost odranou k\u016f\u017ei.<\/p>\n<p>Je zaj\u00edmav\u00e9, \u017ee v t\u011bch &#8222;z\u00e1chrann\u00fdch&#8220; bal\u00ed\u010dc\u00edch kter\u00e9 maj\u00ed st\u00e1tn\u00ed kasu spasit je snad v\u0161e, jenom ne t\u0159eba zru\u0161en\u00ed zbyte\u010dn\u00e9ho sen\u00e1tu, kter\u00fd polkne p\u00e1r miliard. Ani zm\u00ednka o v\u00fdpaln\u00e9m pro NATO.<\/p>\n<p>\u017de tam nenajdete ani zm\u00ednku o neziskov\u00fdch parazitech po\u017e\u00edraj\u00edc\u00edch miliardy pro nic za nic, jen kv\u016fli politick\u00e9 korektnosti. No a taky se tam nemluv\u00ed o tasemnic\u00edch cel\u00e1 desetilet\u00ed saj\u00edc\u00edch ze soci\u00e1ln\u00edch d\u00e1vek..<\/p>\n<p>Tak\u017ee pane ve snu ministr, doporu\u010duju zam\u011b\u0159it se na to, co kasu vyprazd\u0148uje nejen nejv\u00edc, ale hlavn\u011b zcela bezd\u016fvodn\u011b a zbyte\u010dn\u011b. Tam jsou ty skute\u010dn\u00e9 rezervy!<\/p>\n<p>Lupo Anetta<\/p>\n<p>&nbsp;<\/p>\n<p>&nbsp;<\/p>\n","protected":false},"excerpt":{"rendered":"<p>Volby jsou za dve\u0159mi, ale n\u011bkte\u0159\u00ed se u\u017e vid\u00ed ve vl\u00e1d\u011b. T\u0159eba takov\u00fd V\u011bslav Michal\u00edk&#8230;<\/p>\n","protected":false},"author":2,"featured_media":1564,"comment_status":"closed","ping_status":"closed","sticky":false,"template":"","format":"standard","meta":[],"categories":[6],"tags":[29,90,27],"_links":{"self":[{"href":"https:\/\/www.infokuryr.cz\/n\/wp-json\/wp\/v2\/posts\/2044"}],"collection":[{"href":"https:\/\/www.infokuryr.cz\/n\/wp-json\/wp\/v2\/posts"}],"about":[{"href":"https:\/\/www.infokuryr.cz\/n\/wp-json\/wp\/v2\/types\/post"}],"author":[{"embeddable":true,"href":"https:\/\/www.infokuryr.cz\/n\/wp-json\/wp\/v2\/users\/2"}],"replies":[{"embeddable":true,"href":"https:\/\/www.infokuryr.cz\/n\/wp-json\/wp\/v2\/comments?post=2044"}],"version-history":[{"count":0,"href":"https:\/\/www.infokuryr.cz\/n\/wp-json\/wp\/v2\/posts\/2044\/revisions"}],"wp:featuredmedia":[{"embeddable":true,"href":"https:\/\/www.infokuryr.cz\/n\/wp-json\/wp\/v2\/media\/1564"}],"wp:attachment":[{"href":"https:\/\/www.infokuryr.cz\/n\/wp-json\/wp\/v2\/media?parent=2044"}],"wp:term":[{"taxonomy":"category","embeddable":true,"href":"https:\/\/www.infokuryr.cz\/n\/wp-json\/wp\/v2\/categories?post=2044"},{"taxonomy":"post_tag","embeddable":true,"href":"https:\/\/www.infokuryr.cz\/n\/wp-json\/wp\/v2\/tags?post=2044"}],"curies":[{"name":"wp","href":"https:\/\/api.w.org\/{rel}","templated":true}]}}