{"id":20435,"date":"2022-12-29T06:58:07","date_gmt":"2022-12-29T05:58:07","guid":{"rendered":"http:\/\/www.infokuryr.cz\/n\/?p=20435"},"modified":"2022-12-29T06:58:07","modified_gmt":"2022-12-29T05:58:07","slug":"brusel-naridil-cesku-a-slovensku-zvysit-dane-na-potraviny-a-energie-o-50-jinak-prijdou-o-dotace","status":"publish","type":"post","link":"https:\/\/www.infokuryr.cz\/n\/2022\/12\/29\/brusel-naridil-cesku-a-slovensku-zvysit-dane-na-potraviny-a-energie-o-50-jinak-prijdou-o-dotace\/","title":{"rendered":"Brusel na\u0159\u00eddil \u010cesku a Slovensku zv\u00fd\u0161it dan\u011b na potraviny a energie o 50%, jinak p\u0159ijdou o dotace!"},"content":{"rendered":"<div id=\"fb-root\"><\/div>\n<p>Brusel se definitivn\u011b zbl\u00e1znil! Podle v\u00fdpo\u010dt\u016f belgick\u00e9 poslankyn\u011b Europarlamentu Sary Matthieu, \u010dlenky strany Zelen\u00fdch, bude muset \u010cesko a \u010ce\u0161i do roku 2050 ka\u017ed\u00fd rok investovat do tzv. dekarbonizace dom\u016f a byt\u016f 237 miliard korun, jinak nespln\u00ed dekarboniza\u010dn\u00ed na\u0159\u00edzen\u00ed EU, a bude stamiliardov\u00e1 pokuta! (\u00dadaje pro Slovensko na konci anal\u00fdzy.)<\/p>\n<p>V \u010cesku je skoro\u00a0<a href=\"http:\/\/www.socialnibydleni.mpsv.cz\/images\/soubory\/Ostatni\/zprava-o-bydleni-v-ceske-republice.pdf\">5 milion\u016f byt\u016f<\/a>\u00a0a\u00a0<a href=\"https:\/\/www.czso.cz\/csu\/scitani2021\/pocet-domu\">dom\u016f<\/a>. Ka\u017ed\u00fd majitel \u010desk\u00e9ho domu a nebo bytu tak bude muset z vlastn\u00ed kapsy pr\u016fm\u011brn\u011b zaplatit 1,1 milionu korun, aby splnil nejnov\u011bj\u0161\u00ed bruselsk\u00e9 na\u0159\u00edzen\u00ed. Pomoc od vl\u00e1dy se spln\u011bn\u00edm na\u0159\u00edzen\u00ed nedostane, proto\u017ee \u010desk\u00fd st\u00e1tn\u00ed rozpo\u010det<a href=\"https:\/\/www.idnes.cz\/ekonomika\/domaci\/narodni-rozpoctova-rada-rozpocet-udrzitelnost-financi.A220915_105950_ekonomika_alis\">\u00a0je u\u017e te\u010f podle vl\u00e1dn\u00edch ekonom\u016f ve struktur\u00e1ln\u00edm deficitu p\u0159es 220 miliard korun<\/a>. (Struktur\u00e1ln\u00ed deficit = rozd\u00edl mezi p\u0159\u00edjmy a v\u00fddaji st\u00e1tu, kter\u00fd nezapo\u010d\u00edt\u00e1v\u00e1 vlivy ukrajinsk\u00e9 v\u00e1lky a energetick\u00e9 krize, a dal\u0161\u00ed mimo\u0159\u00e1dn\u00e9 protikrizov\u00e9 v\u00fddaje.) Podle vl\u00e1dy, aby se struktur\u00e1ln\u00ed deficit odstranil,\u00a0<a href=\"https:\/\/www.idnes.cz\/ekonomika\/domaci\/narodni-rozpoctova-rada-rozpocet-udrzitelnost-financi.A220915_105950_ekonomika_alis\">je t\u0159eba zv\u00fd\u0161it dan\u011b, sn\u00ed\u017eit zdravotn\u00ed p\u00e9\u010di a d\u016fchody<\/a>! Dekarbonizaci budov p\u0159itom prosadila v Bruselu \u010cesk\u00e1 vl\u00e1da, jmenovit\u011b ministr Jure\u010dka. Fiala mus\u00ed b\u00fdt bl\u00e1zen, proto\u017ee nejd\u0159\u00edv nech\u00e1 vyhl\u00e1sit, \u017ee vl\u00e1da mus\u00ed sni\u017eovat ve\u0159ejn\u00e9 v\u00fddaje, v\u00fddaje na zdravotnictv\u00ed a d\u016fchody, a zvy\u0161ovat dan\u011b, aby odstranila 220 miliard struktur\u00e1ln\u00edho deficitu \u010ceska, kter\u00fd zp\u016fsobil Babi\u0161, a potom po\u0161le do Bruselu magora Jure\u010dku, aby tam na \u010cesko prosadil uvalen\u00ed ka\u017edoro\u010dn\u00ed platby 237 miliard za dekarbonizaci! To je evidentn\u00ed p\u0159\u00edpad pro doktora Chocholou\u0161ka. Fialova lev\u00e1 p\u016flka mozku nejsp\u00ed\u0161 nev\u00ed, co d\u011bl\u00e1 prav\u00e1!<\/p>\n<p>\u017d\u00e1dn\u00e1 \u010desk\u00e1 vl\u00e1da nem\u016f\u017ee hospoda\u0159it ka\u017ed\u00fd rok a\u017e do roku 2050 s rozpo\u010dtov\u00fdm deficitem nejm\u00e9n\u011b 437 miliard CZK, jak vymysleli v Bruselu! (200 miliard struktur\u00e1ln\u00ed deficit, 237 miliard ro\u010dn\u00ed n\u00e1klady dekarbonizace.)<\/p>\n<p>Aby \u010cesko dekarboniza\u010dn\u00ed c\u00edl Bruselu do roku 2050 splnilo, musela by vl\u00e1da \u010ceska zv\u00fd\u0161it m\u011bs\u00ed\u010dn\u00ed zdan\u011bn\u00ed ka\u017ed\u00e9ho \u010cecha v\u010detn\u011b d\u016fchodc\u016f a nemluv\u0148at o 1879 korun m\u011bs\u00ed\u010dn\u011b! Pro Va\u0161i p\u0159edstavu, \u010cesko letos vybere na dani DPH, kterou plat\u00ed ob\u010dan\u00e9 ze v\u0161eho,\u00a0<a href=\"https:\/\/www.e15.cz\/finexpert\/danove-priznani\/stat-v-pololeti-vybral-na-danich-572-miliard-korun-mezirocne-o-19-procent-vice-1391858\">co si koup\u00ed v obchod\u011b asi 500 miliard korun<\/a>. Aby \u010cesko z\u00edskalo 237 miliard korun na ka\u017edoro\u010dn\u00ed pln\u011bn\u00ed nejnov\u011bj\u0161\u00edho bruselsk\u00e9ho dekarboniza\u010dn\u00edho na\u0159\u00edzen\u00ed, bude muset Fiala zv\u00fd\u0161it dan\u011b DPH o 50%, a nebo donutit ob\u010dany, aby v\u0161e zaplatili z vlastn\u00edch kapes rovnou. Pokud Fiala zvol\u00ed cestu vl\u00e1dn\u00edch subvenc\u00ed na dekarbonizaci,\u00a0 za potraviny u\u017e nebudete platit 15% dan, ale 22,5% dan. Za koupi auta a nebo nov\u00e9ho bytu, \u010di jeho p\u0159estavbu u\u017e nebudete platit 21% dan, ale 31,5% dan!\u00a0\u00a0<a href=\"http:\/\/www.lekarnajanovska.cz\/detail\/ibuprofen-auxilto-400mg-tbl-flm-100-g163685\">T\u0159eba konkr\u00e9tn\u011b, za popul\u00e1rn\u00ed z\u00e1kladn\u00ed l\u00e9k ibuprofen budete muset platit ne 10% da\u0148, ale 15% da\u0148<\/a>! Vzhledem k tomu, \u017ee DPH tvo\u0159\u00ed necelou polovinu vybran\u00fdch dan\u00ed v \u010cesku, je mo\u017en\u00e9 tak\u00e9 o 50% zvednou zdan\u011bn\u00ed ob\u010dan\u016f a firem. Toto zv\u00fd\u0161en\u00ed dan\u00ed se u\u017e ov\u0161em pl\u00e1nuje pro sn\u00ed\u017een\u00ed struktur\u00e1ln\u00edho deficitu (200 miliard), a tak na dotace ob\u010dan\u016fm pro pln\u011bn\u00ed dekarboniza\u010dn\u00edch na\u0159\u00edzen\u00ed nezbydou pen\u00edze!<\/p>\n<p>Ka\u017ed\u00e9ho ob\u010dana \u010ceska, tak \u010dek\u00e1 bu\u010f investovat do sv\u00e9 nemovitosti 1,1 milionu, a nebo platit zv\u00fd\u0161en\u00fd n\u00e1jem, a nebo platit zv\u00fd\u0161en\u00e9 dan\u011b! Nebo se tak\u00e9 \u010ce\u0161i mohou rozhodnout, \u017ee Fialu i s cel\u00fdm Bruxelae po\u0161lou do d\u016fchodu! A na to je u\u017e nejvy\u0161\u0161\u00ed \u010das, proto\u017ee\u00a0 dekarbonizace budov p\u0159edstavuje pouze investi\u010dn\u00ed n\u00e1klady na dekarbonizaci budov. A k nim (236 miliard ro\u010dn\u011b) je t\u0159eba je\u0161t\u011b p\u0159ipo\u010d\u00edtat platby dekarboniza\u010dn\u00edch poplatk\u016f (tzv. Jure\u010dkovn\u00e9), kter\u00e9 p\u0159edstavuj\u00ed celkem 28 miliard ro\u010dn\u011b \u2013\u00a0<a href=\"https:\/\/www.michalapetr.com\/map-1543-brusel-vcera-naridil-od-roku-23-dalsi-masivni-zdrazeni-bydleni-potravin-a-cest-do-prace-i-do-skoly-ceska-rodina-bude-do-bruselu-platit-877-korun-mesicne-slovenska-26-eur\/\">podrobn\u011b v MAP-1543<\/a>.<\/p>\n<p><a href=\"https:\/\/www.idnes.cz\/ekonomika\/domaci\/narodni-rozpoctova-rada-rozpocet-udrzitelnost-financi.A220915_105950_ekonomika_alis\">Fialovi vl\u00e1dn\u00ed ekonomi\u010dt\u00ed poradci tvrd\u00ed, \u017ee v\u00fddaje na \u010desk\u00e9 d\u016fchody budou v roce 2060 neudr\u017eiteln\u00e9, proto\u017ee vygeneruj\u00ed deficit 4% HDP<\/a>! Asi jim to taky moc nep\u00e1l\u00ed, proto\u017ee v\u00fddaje \u010ceska jen na Jure\u010dkovu dekarbonizaci budou v letech 2027-2050 p\u0159edstavovat 3,36% HDP \u010ceska! Pokud tedy m\u00e1 b\u00fdt neudr\u017eiteln\u00fd deficit d\u016fchod\u016f a\u017e v roce 2060 (4% HDP), jak m\u016f\u017ee b\u00fdt udr\u017eiteln\u00fd deficit dekarbonizace 3,6% HDP v letech 2027-2050?! Odpov\u011b\u010f je jedin\u00e1, proto\u017ee dekarbonizaci budou muset platit \u010ce\u0161i z nov\u00fdch dan\u00ed, poplatk\u016f a plateb! A nebo jde o dal\u0161\u00ed p\u0159\u00edpady pro doktora Chocholou\u0161ka!<\/p>\n<p><a href=\"https:\/\/index.hu\/gazdasag\/2022\/12\/28\/klimaado-szen-dioxid-adot-szen-dioxid-kibocsatas-karbonsemlegesseg-europai-unio-fosszilis-tuzeloanyag-futes-auto\/amp\">Belgick\u00e1 poslankyn\u011b Europarlamentu za zelen\u00e9 Sara Matthieu ozn\u00e1mila<\/a>, \u017ee v letech 2027 a\u017e 2050 bude muset\u00a0<a href=\"https:\/\/en.wikipedia.org\/wiki\/Flanders\">region Flandry<\/a>, v\u010detn\u011b Bruselu investovat 6 miliard EUR ro\u010dn\u011b do dekarbonizace budov, aby byl spln\u011bn c\u00edl EU. Region Flandry m\u00e1 6,6 milionu obyvatel, a je co do budov srovnateln\u00fd s \u010ceskem. Proto jsme \u010d\u00edsla Matthieu p\u0159epo\u010detli na po\u010det \u010cech\u016f a Slov\u00e1k\u016f. Nutno dodat, \u017ee v Belgii jsou naprosto jin\u00e9 platy.\u00a0<a href=\"https:\/\/www.vrt.be\/vrtnws\/en\/2022\/05\/23\/median-wage-of-flemish-employees-just-falls-short-of-3-000-euros\/\">Medi\u00e1n mezd, tedy mzda, kterou bere nejm\u00e9n\u011b 50% obyvatel Flander je 75 000 CZK<\/a>. Medi\u00e1n \u010desk\u00fdch mezd<a href=\"https:\/\/www.penize.cz\/mzda-a-plat\/438492-prumerna-mzda-za-treti-ctvrtleti-2022-a-median-mezd\">\u00a0v listopadu byl jen \u00a034 993<\/a>\u00a0K\u010c. P\u0159es tento nepom\u011br mezd \u010cech\u016f a Belgi\u010dan\u016f, poslankyn\u011b Matthieu varovala, \u017ee Belgi\u010dt\u00ed chud\u00ed lid\u00e9 si nebudou moci dovolit platit na\u0159\u00edzenou dekarbonizaci, a \u017ee Belgie na ni ani nem\u00e1 pen\u00edze!\u00a0<a href=\"https:\/\/www.michalapetr.com\/map-1543-brusel-vcera-naridil-od-roku-23-dalsi-masivni-zdrazeni-bydleni-potravin-a-cest-do-prace-i-do-skoly-ceska-rodina-bude-do-bruselu-platit-877-korun-mesicne-slovenska-26-eur\/\">\u010cesko ani Slovensko \u017e\u00e1dn\u00e9 dotace na chud\u00e9 ani z Bruselu nedostanou, proto\u017ee podle bruselsk\u00fdch statistik je v \u010cesku jenom 10,7% lid\u00ed chud\u00fdch a na Slovensku 16%, kde\u017eto v Belgii s dvojn\u00e1sobn\u00fdmi platy je 20% chud\u00fdch lid\u00ed<\/a>!<\/p>\n<p>\u017de to v \u010cesk\u00e9 vl\u00e1d\u011b nikomu moc nemysl\u00ed je jasn\u00e9 z p\u0159\u00edpadu madam \u010cernochov\u00e9.\u00a0<a href=\"https:\/\/www.novinky.cz\/clanek\/domaci-nakup-210-svedskych-bevepecek-za-52-miliard-se-priblizil-40418314\">Ta se rozhodla nakoupit 210 \u0161v\u00e9dsk\u00fdch bojov\u00fdch voz\u00edtek p\u011bchoty, jedno za 247 milion\u016f korun<\/a>.\u00a0<a href=\"https:\/\/www.firstpost.com\/explainers\/explained-russian-t-14-armata-tanks-in-ukraine-soon-how-the-countrys-most-advanced-machines-could-be-devastating-11674211.html\">Rusko p\u0159itom letos produkuje jeden tank T-14 Armata za 150 milion\u016f korun<\/a>. \u0160v\u00e9dsk\u00e9 voz\u00edtko p\u011bchoty CV-90 je sice hezk\u00e9 a na propagandistick\u00fd fotk\u00e1ch se bude vyj\u00edmat, ale proti tank\u016fm T-14 Armata, kter\u00e9 se pr\u00e1v\u011b pr\u00fd u\u017e p\u0159ipravuj\u00ed k ofenz\u00edv\u011b, evidentn\u011b p\u0159edra\u017een\u00e9.<\/p>\n<p>Perli\u010dka na z\u00e1v\u011br. Je\u0161t\u011b v roce 1938 \u010ceskoslovensko vyr\u00e1b\u011blo tanky pro \u0160v\u00e9dsko, proto\u017ee \u0160v\u00e9dov\u00e9 to moc neum\u011bli.\u00a0<a href=\"https:\/\/sv.wikipedia.org\/wiki\/Stridsvagn_m\/41\">Kdy\u017e tanky pro \u0160v\u00e9dsko zabavil Hitler, \u0160v\u00e9dov\u00e9 od n\u011bj na opl\u00e1tku dostali licenci a technickou dokumentaci na v\u00fdrobu \u010desk\u00fdch tank\u016f<\/a>. Kde ty \u010dasy jsou, te\u010f u\u017e nevyr\u00e1b\u00edme nic. Tanky kupujeme z N\u011bmecka, d\u011bla z Francie, transport\u00e9ry z Rakouska, bojov\u00e1 vozidla ze \u0160v\u00e9dska a letadla z USA. Vl\u00e1da n\u00e1m tvrd\u00ed, \u017ee se to vyplat\u00ed. No nedivme se potom, \u017ee ve v\u0161ech zem\u00edch maj\u00ed vy\u0161\u0161\u00ed platy ne\u017e v \u010cesku, kdy\u017e od nich ty p\u0159edra\u017een\u00e9 zbran\u011b kupujeme! A to ve \u0160pan\u011blsku i v It\u00e1lii u\u017e zru\u0161ili DPH na potraviny! (Viz. P\u0159edchoz\u00ed anal\u00fdza) Asi jsme tu na v\u00fdchod\u011b EU za blbce!<\/p>\n<p><a href=\"https:\/\/www.michalapetr.com\/map-1553-brusel-naridil-cesku-a-slovensku-zvysit-dane-na-potraviny-a-energie-o-50-jinak-prijdou-o-dotace\/\">Michael Svato\u0161<\/a><\/p>\n<p><img decoding=\"async\" loading=\"lazy\" class=\"wp-image-19187 aligncenter\" src=\"http:\/\/www.infokuryr.cz\/n\/wp-content\/uploads\/2022\/12\/1-PRO-300x36.jpg\" alt=\"\" width=\"1275\" height=\"153\" srcset=\"https:\/\/www.infokuryr.cz\/n\/wp-content\/uploads\/2022\/12\/1-PRO-300x36.jpg 300w, https:\/\/www.infokuryr.cz\/n\/wp-content\/uploads\/2022\/12\/1-PRO.jpg 699w\" sizes=\"(max-width: 1275px) 100vw, 1275px\" \/><\/p>\n<p>&nbsp;<\/p>\n","protected":false},"excerpt":{"rendered":"<p>Brusel se definitivn\u011b zbl\u00e1znil! Podle v\u00fdpo\u010dt\u016f belgick\u00e9 poslankyn\u011b Europarlamentu Sary Matthieu, \u010dlenky strany Zelen\u00fdch, bude&#8230;<\/p>\n","protected":false},"author":2,"featured_media":1024,"comment_status":"closed","ping_status":"closed","sticky":false,"template":"","format":"standard","meta":[],"categories":[6],"tags":[1042,4135,76,236,920,750],"_links":{"self":[{"href":"https:\/\/www.infokuryr.cz\/n\/wp-json\/wp\/v2\/posts\/20435"}],"collection":[{"href":"https:\/\/www.infokuryr.cz\/n\/wp-json\/wp\/v2\/posts"}],"about":[{"href":"https:\/\/www.infokuryr.cz\/n\/wp-json\/wp\/v2\/types\/post"}],"author":[{"embeddable":true,"href":"https:\/\/www.infokuryr.cz\/n\/wp-json\/wp\/v2\/users\/2"}],"replies":[{"embeddable":true,"href":"https:\/\/www.infokuryr.cz\/n\/wp-json\/wp\/v2\/comments?post=20435"}],"version-history":[{"count":0,"href":"https:\/\/www.infokuryr.cz\/n\/wp-json\/wp\/v2\/posts\/20435\/revisions"}],"wp:featuredmedia":[{"embeddable":true,"href":"https:\/\/www.infokuryr.cz\/n\/wp-json\/wp\/v2\/media\/1024"}],"wp:attachment":[{"href":"https:\/\/www.infokuryr.cz\/n\/wp-json\/wp\/v2\/media?parent=20435"}],"wp:term":[{"taxonomy":"category","embeddable":true,"href":"https:\/\/www.infokuryr.cz\/n\/wp-json\/wp\/v2\/categories?post=20435"},{"taxonomy":"post_tag","embeddable":true,"href":"https:\/\/www.infokuryr.cz\/n\/wp-json\/wp\/v2\/tags?post=20435"}],"curies":[{"name":"wp","href":"https:\/\/api.w.org\/{rel}","templated":true}]}}