{"id":2042,"date":"2021-05-28T05:02:46","date_gmt":"2021-05-28T03:02:46","guid":{"rendered":"http:\/\/www.infokuryr.cz\/n\/?p=2042"},"modified":"2021-05-28T05:02:46","modified_gmt":"2021-05-28T03:02:46","slug":"jak-se-olga-sommerova-zavcas-vzpamatovala","status":"publish","type":"post","link":"https:\/\/www.infokuryr.cz\/n\/2021\/05\/28\/jak-se-olga-sommerova-zavcas-vzpamatovala\/","title":{"rendered":"Jak se Olga Sommerov\u00e1 zav\u010das vzpamatovala"},"content":{"rendered":"<div id=\"fb-root\"><\/div>\n<p>Re\u017eis\u00e9rka Olga Sommerov\u00e1, jedna to z nejurputn\u011bj\u0161\u00edch bitka\u0159ek pra\u017esk\u00e9 kav\u00e1rny, je v sou\u010dasnosti z\u0159ejm\u011b i jej\u00ed bitka\u0159kou nejvysm\u00e1t\u011bj\u0161\u00ed. V nejbli\u017e\u0161\u00edch dnech zasedne toti\u017e do poslaneck\u00e9 lavice na m\u00edsto, kter\u00e9 kv\u016fli sexu\u00e1ln\u00ed af\u00e9\u0159e opou\u0161t\u00ed poslanec za TOP 09 Feri. Bude m\u00edt poslaneck\u00fd plat, o jak\u00e9m se na\u0161inc\u016fm ani nezd\u00e1, v Lipnici nad S\u00e1zavou bude m\u00edt poslaneckou rekreaci s plnou penz\u00ed za 241 K\u010d, v poslaneck\u00e9 restauraci ob\u011bdy za ceny, za jak\u00e9 se ani v t\u00e9 posledn\u00ed \u010desk\u00e9 putyce nenaj\u00edte, rakvi\u010dku se \u0161leha\u010dkou za 6 K\u010d, ly\u017eova\u010dku v Harrachov\u011b s plnou penz\u00ed za 252 K\u010d, re\u017eijn\u00ed j\u00edzdenky, poslaneck\u00e9 auto, prost\u011b r\u00e1j na zemi. A \u010d\u00edm \u017ee si chce v\u0161echny tyhle vymo\u017eenosti ve sn\u011bmovn\u011b odpracovat?<\/p>\n<p>N\u011bjak tak, ale samoz\u0159ejm\u011b slu\u0161n\u011bji (jak\u00fdm \u00fakol\u016fm se chcete ve sn\u011bmovn\u011b v\u011bnovat?), se j\u00ed zeptala moder\u00e1torka \u010dtvrte\u010dn\u00edho odpoledn\u00edho programu \u010cT 24, a budouc\u00ed poslankyn\u011b odpov\u011bd\u011bla takto: \u201eV prv\u00e9 \u0159ad\u011b chci bojovat proti t\u011bm temn\u00fdm sil\u00e1m, kter\u00e9 se cht\u011bj\u00ed zmocnit na\u0161\u00ed \u010cesk\u00e9 televize\u201c.<\/p>\n<p>Snad jen dv\u011b t\u0159i desetiny vte\u0159iny po vy\u0159\u010den\u00ed t\u00e9to v\u011bty, si Olga Sommerov\u00e1 uv\u011bdomila, \u017ee \u0159ekla n\u011bco, co snad rad\u011bji ani \u0159\u00edkat nem\u011bla. \u017de toti\u017e ono slovo \u201ena\u0161\u00ed\u201c je sice p\u0159esn\u011b to, co m\u011bla na mysli, \u010dili \u017ee \u010cT mus\u00ed i nad\u00e1le z\u016fstat v rukou pra\u017esk\u00e9 kav\u00e1rny, ale \u017ee na druh\u00e9 stran\u011b nebylo p\u0159\u00edli\u0161 taktick\u00e9 to nechat takto otev\u0159en\u011b zazn\u00edt. Co\u017epak si nikdo nevzpomene, jak protipra\u017eskokav\u00e1ren\u0161t\u00ed pis\u00e1lci web\u016f dok\u00e1zali zjan\u010dit n\u00e1rod, kdy\u017e herec Jan Kraus v dob\u011b posledn\u00ed televizn\u00ed krize vyslovil ona pam\u00e1tn\u00e1 slova, \u017ee \u201emy si na\u0161i televizi nenech\u00e1me od nikoho vz\u00edt!?\u201c<\/p>\n<p>Tak\u017ee je t\u0159eba je\u0161t\u011b v\u010das, a pokud mo\u017eno stejn\u00fdm dechem, jak\u00fdm bylo \u0159e\u010deno p\u0159edch\u00e1zej\u00edc\u00ed, pokra\u010dovat d\u00e1l a t\u00edm snad to p\u0159edch\u00e1zej\u00edc\u00ed zahladit. \u201eTelevizi n\u00e1s v\u0161ech, v\u0161ech ob\u010dan\u016f\u201c, do\u0159ekla Olga Sommerov\u00e1 a skute\u010dn\u011b se j\u00ed poda\u0159ilo onen dov\u011btek vyslovit t\u00e9m\u011b\u0159 stejn\u00fdm dechem jako slova vy\u0159\u010den\u00e1 p\u0159edt\u00edm.<\/p>\n<p>Pohotovost bude tedy z\u0159ejm\u011b on\u00edm vkladem, kter\u00fdm nov\u00e1 \u010desk\u00e1 poslankyn\u011b za TOP 09 p\u0159isp\u011bje duchovn\u00edmu bohatstv\u00ed \u010desk\u00e9 sn\u011bmovny.<\/p>\n<p>Lubom\u00edr Man<br \/>\n<img decoding=\"async\" loading=\"lazy\" class=\"alignnone  wp-image-860\" src=\"http:\/\/www.infokuryr.cz\/n\/wp-content\/uploads\/2021\/04\/lub_man.jpg\" alt=\"\" width=\"98\" height=\"138\" \/><\/p>\n","protected":false},"excerpt":{"rendered":"<p>Re\u017eis\u00e9rka Olga Sommerov\u00e1, jedna to z nejurputn\u011bj\u0161\u00edch bitka\u0159ek pra\u017esk\u00e9 kav\u00e1rny, je v sou\u010dasnosti z\u0159ejm\u011b i&#8230;<\/p>\n","protected":false},"author":2,"featured_media":2043,"comment_status":"closed","ping_status":"closed","sticky":false,"template":"","format":"standard","meta":[],"categories":[6],"tags":[47,427,29,478,193],"_links":{"self":[{"href":"https:\/\/www.infokuryr.cz\/n\/wp-json\/wp\/v2\/posts\/2042"}],"collection":[{"href":"https:\/\/www.infokuryr.cz\/n\/wp-json\/wp\/v2\/posts"}],"about":[{"href":"https:\/\/www.infokuryr.cz\/n\/wp-json\/wp\/v2\/types\/post"}],"author":[{"embeddable":true,"href":"https:\/\/www.infokuryr.cz\/n\/wp-json\/wp\/v2\/users\/2"}],"replies":[{"embeddable":true,"href":"https:\/\/www.infokuryr.cz\/n\/wp-json\/wp\/v2\/comments?post=2042"}],"version-history":[{"count":0,"href":"https:\/\/www.infokuryr.cz\/n\/wp-json\/wp\/v2\/posts\/2042\/revisions"}],"wp:featuredmedia":[{"embeddable":true,"href":"https:\/\/www.infokuryr.cz\/n\/wp-json\/wp\/v2\/media\/2043"}],"wp:attachment":[{"href":"https:\/\/www.infokuryr.cz\/n\/wp-json\/wp\/v2\/media?parent=2042"}],"wp:term":[{"taxonomy":"category","embeddable":true,"href":"https:\/\/www.infokuryr.cz\/n\/wp-json\/wp\/v2\/categories?post=2042"},{"taxonomy":"post_tag","embeddable":true,"href":"https:\/\/www.infokuryr.cz\/n\/wp-json\/wp\/v2\/tags?post=2042"}],"curies":[{"name":"wp","href":"https:\/\/api.w.org\/{rel}","templated":true}]}}