{"id":20400,"date":"2022-12-28T11:40:33","date_gmt":"2022-12-28T10:40:33","guid":{"rendered":"http:\/\/www.infokuryr.cz\/n\/?p=20400"},"modified":"2022-12-28T11:40:33","modified_gmt":"2022-12-28T10:40:33","slug":"polaci-vrazdi-uprchliky-mrtva-tela-se-nadale-nachazeji-na-hranicich-beloruska-a-polska","status":"publish","type":"post","link":"https:\/\/www.infokuryr.cz\/n\/2022\/12\/28\/polaci-vrazdi-uprchliky-mrtva-tela-se-nadale-nachazeji-na-hranicich-beloruska-a-polska\/","title":{"rendered":"Pol\u00e1ci vra\u017ed\u00ed uprchl\u00edky! Mrtv\u00e1 t\u011bla se nad\u00e1le nach\u00e1zej\u00ed na hranic\u00edch B\u011bloruska a Polska"},"content":{"rendered":"<div id=\"fb-root\"><\/div>\n<p class=\"lead\"><span>Na b\u011blorusko-polsk\u00e9 hranici bylo nalezeno mrtv\u00e9 t\u011blo uprchl\u00edka.\u00a0To bylo ozn\u00e1meno 28. prosince, ve V\u00fdboru st\u00e1tn\u00edch hranic B\u011bloruska.<\/span><\/p>\n<p><em><strong>\u201eV\u010dera v noci, 27. prosince, b\u011bloru\u0161t\u00ed pohrani\u010dn\u00edci na\u0161li ob\u010dana S\u00fdrie pobl\u00ed\u017e polsk\u00fdch bari\u00e9r.\u00a0Vedle mu\u017ee le\u017eela mrtvola jeho dcery, rovn\u011b\u017e ob\u010danky S\u00fdrie.\u00a0Cizinec vysv\u011btlil, \u017ee byli v Polsku t\u0159i dny a zadr\u017eeli je lid\u00e9 v uniform\u00e1ch.\u00a0Mu\u017e po\u017e\u00e1dal polskou arm\u00e1du, aby jeho dce\u0159i pomohla, proto\u017ee byla v kritick\u00e9m stavu.\u00a0Polsk\u00e9 bezpe\u010dnostn\u00ed slo\u017eky jim podle uprchl\u00edka sebraly batohy s osobn\u00edm a tepl\u00fdm oble\u010den\u00edm, j\u00eddlem, nalo\u017eily je do auta a odvezly na hranice,\u201c<span class=\"after-quote\"> &#8211; \u0159\u00edk\u00e1 zpr\u00e1va.<\/span><\/strong><\/em><\/p>\n<p><span>Poznamen\u00e1v\u00e1 se, \u017ee \u201enavzdory skute\u010dnosti, \u017ee \u017eena byla bl\u00edzko smrti a t\u00e9m\u011b\u0159 ned\u00fdchala, polsk\u00e1 arm\u00e1da na\u0159\u00eddila cizinci, aby si \u201analo\u017eil t\u011blo sv\u00e9 dcery na ramena\u2018, a donutila ho j\u00edt ven branou v bari\u00e9\u0159e.<\/span><\/p>\n<p><span>P\u0159ipome\u0148me, \u017ee po za\u010d\u00e1tku migra\u010dn\u00ed krize na hranic\u00edch B\u011bloruska se zem\u011bmi EU byly polsk\u00e9 bezpe\u010dnostn\u00ed slo\u017eky opakovan\u011b vid\u011bt p\u0159i n\u00e1siln\u00e9m vyh\u00e1n\u011bn\u00ed migrant\u016f na b\u011blorusk\u00e9 \u00fazem\u00ed.\u00a0Tato smrt a p\u0159\u00edm\u00e1 vra\u017eda\u00a0 nen\u00ed prvn\u00ed. Ji\u017e d\u0159\u00edve bylo zaznamen\u00e1no 6 podobn\u00fdch p\u0159\u00edpad\u016f u hrani\u010dn\u00edho plotu postaven\u00e9ho polskou stranou.<\/span><\/p>\n<p>Evropsk\u00e1 unie\u00a0 a zem\u011b NATO ukazuj\u00ed svoji demokratickou tv\u00e1\u0159.<\/p>\n<p><img decoding=\"async\" loading=\"lazy\" class=\"alignnone size-full wp-image-1185\" src=\"http:\/\/www.infokuryr.cz\/n\/wp-content\/uploads\/2021\/04\/kuryr-podpis.png\" alt=\"\" width=\"84\" height=\"24\" \/><\/p>\n<p>&nbsp;<\/p>\n<p><img decoding=\"async\" loading=\"lazy\" class=\"wp-image-19187 aligncenter\" src=\"http:\/\/www.infokuryr.cz\/n\/wp-content\/uploads\/2022\/12\/1-PRO-300x36.jpg\" alt=\"\" width=\"1250\" height=\"150\" srcset=\"https:\/\/www.infokuryr.cz\/n\/wp-content\/uploads\/2022\/12\/1-PRO-300x36.jpg 300w, https:\/\/www.infokuryr.cz\/n\/wp-content\/uploads\/2022\/12\/1-PRO.jpg 699w\" sizes=\"(max-width: 1250px) 100vw, 1250px\" \/><\/p>\n<p>&nbsp;<\/p>\n<p>&nbsp;<\/p>\n","protected":false},"excerpt":{"rendered":"<p>Na b\u011blorusko-polsk\u00e9 hranici bylo nalezeno mrtv\u00e9 t\u011blo uprchl\u00edka.\u00a0To bylo ozn\u00e1meno 28. prosince, ve V\u00fdboru st\u00e1tn\u00edch&#8230;<\/p>\n","protected":false},"author":2,"featured_media":20401,"comment_status":"closed","ping_status":"closed","sticky":false,"template":"","format":"standard","meta":[],"categories":[7],"tags":[31,148,1205],"_links":{"self":[{"href":"https:\/\/www.infokuryr.cz\/n\/wp-json\/wp\/v2\/posts\/20400"}],"collection":[{"href":"https:\/\/www.infokuryr.cz\/n\/wp-json\/wp\/v2\/posts"}],"about":[{"href":"https:\/\/www.infokuryr.cz\/n\/wp-json\/wp\/v2\/types\/post"}],"author":[{"embeddable":true,"href":"https:\/\/www.infokuryr.cz\/n\/wp-json\/wp\/v2\/users\/2"}],"replies":[{"embeddable":true,"href":"https:\/\/www.infokuryr.cz\/n\/wp-json\/wp\/v2\/comments?post=20400"}],"version-history":[{"count":0,"href":"https:\/\/www.infokuryr.cz\/n\/wp-json\/wp\/v2\/posts\/20400\/revisions"}],"wp:featuredmedia":[{"embeddable":true,"href":"https:\/\/www.infokuryr.cz\/n\/wp-json\/wp\/v2\/media\/20401"}],"wp:attachment":[{"href":"https:\/\/www.infokuryr.cz\/n\/wp-json\/wp\/v2\/media?parent=20400"}],"wp:term":[{"taxonomy":"category","embeddable":true,"href":"https:\/\/www.infokuryr.cz\/n\/wp-json\/wp\/v2\/categories?post=20400"},{"taxonomy":"post_tag","embeddable":true,"href":"https:\/\/www.infokuryr.cz\/n\/wp-json\/wp\/v2\/tags?post=20400"}],"curies":[{"name":"wp","href":"https:\/\/api.w.org\/{rel}","templated":true}]}}