{"id":2040,"date":"2021-05-28T04:52:49","date_gmt":"2021-05-28T02:52:49","guid":{"rendered":"http:\/\/www.infokuryr.cz\/n\/?p=2040"},"modified":"2021-05-28T04:52:49","modified_gmt":"2021-05-28T02:52:49","slug":"belgicka-lekova-agentura-zaznamenala-na-16-000-nezadoucich-ucinku-protikovidovych-vakcin","status":"publish","type":"post","link":"https:\/\/www.infokuryr.cz\/n\/2021\/05\/28\/belgicka-lekova-agentura-zaznamenala-na-16-000-nezadoucich-ucinku-protikovidovych-vakcin\/","title":{"rendered":"Belgick\u00e1 l\u00e9kov\u00e1 agentura zaznamenala na 16.000 ne\u017e\u00e1douc\u00edch \u00fa\u010dink\u016f protikovidov\u00fdch vakc\u00edn"},"content":{"rendered":"<div id=\"fb-root\"><\/div>\n<p>Od za\u010d\u00e1tku o\u010dkov\u00e1n\u00ed, kdy je u\u017e v Belgii alespo\u0148 jednou oo\u010dkov\u00e1no 4,3 mil. lid\u00ed, zaznamenala Belgick\u00e1 l\u00e9kov\u00e1 agentura bezm\u00e1la na 16.000 ne\u017e\u00e1douc\u00edch reakc\u00ed.<\/p>\n<p>T\u00e9m\u011b\u0159 2\/3 z nich nebyly t\u011b\u017ek\u00e9ho charakteru, zato 3.260 bylo z\u00e1va\u017en\u00fdch a 3 skon\u010dily smrt\u00ed.<\/p>\n<p>U Moderny a Pfizeru byl v\u00fdskyt ne\u017e\u00e1douc\u00edch \u00fa\u010dink\u016f v\u00edce spojen s prvn\u00ed d\u00e1vkou, u Astry sp\u00ed\u0161e s druhou.<\/p>\n<p><a href=\"https:\/\/www.7sur7.be\/belgique\/sur-pres-de-16-000-effets-indesirables-trois-deces-probablement-lies-au-vaccin~a19a0e8b\/\">ZDROJ<\/a><\/p>\n<p>&nbsp;<\/p>\n","protected":false},"excerpt":{"rendered":"<p>Od za\u010d\u00e1tku o\u010dkov\u00e1n\u00ed, kdy je u\u017e v Belgii alespo\u0148 jednou oo\u010dkov\u00e1no 4,3 mil. lid\u00ed, zaznamenala&#8230;<\/p>\n","protected":false},"author":2,"featured_media":1712,"comment_status":"closed","ping_status":"closed","sticky":false,"template":"","format":"standard","meta":[],"categories":[7],"tags":[23,213,46],"_links":{"self":[{"href":"https:\/\/www.infokuryr.cz\/n\/wp-json\/wp\/v2\/posts\/2040"}],"collection":[{"href":"https:\/\/www.infokuryr.cz\/n\/wp-json\/wp\/v2\/posts"}],"about":[{"href":"https:\/\/www.infokuryr.cz\/n\/wp-json\/wp\/v2\/types\/post"}],"author":[{"embeddable":true,"href":"https:\/\/www.infokuryr.cz\/n\/wp-json\/wp\/v2\/users\/2"}],"replies":[{"embeddable":true,"href":"https:\/\/www.infokuryr.cz\/n\/wp-json\/wp\/v2\/comments?post=2040"}],"version-history":[{"count":0,"href":"https:\/\/www.infokuryr.cz\/n\/wp-json\/wp\/v2\/posts\/2040\/revisions"}],"wp:featuredmedia":[{"embeddable":true,"href":"https:\/\/www.infokuryr.cz\/n\/wp-json\/wp\/v2\/media\/1712"}],"wp:attachment":[{"href":"https:\/\/www.infokuryr.cz\/n\/wp-json\/wp\/v2\/media?parent=2040"}],"wp:term":[{"taxonomy":"category","embeddable":true,"href":"https:\/\/www.infokuryr.cz\/n\/wp-json\/wp\/v2\/categories?post=2040"},{"taxonomy":"post_tag","embeddable":true,"href":"https:\/\/www.infokuryr.cz\/n\/wp-json\/wp\/v2\/tags?post=2040"}],"curies":[{"name":"wp","href":"https:\/\/api.w.org\/{rel}","templated":true}]}}