{"id":20398,"date":"2022-12-28T11:31:27","date_gmt":"2022-12-28T10:31:27","guid":{"rendered":"http:\/\/www.infokuryr.cz\/n\/?p=20398"},"modified":"2022-12-28T11:31:27","modified_gmt":"2022-12-28T10:31:27","slug":"izraelska-armada-naridila-pripravit-se-na-eskalaci-z-jakehokoli-duvodu","status":"publish","type":"post","link":"https:\/\/www.infokuryr.cz\/n\/2022\/12\/28\/izraelska-armada-naridila-pripravit-se-na-eskalaci-z-jakehokoli-duvodu\/","title":{"rendered":"Izraelsk\u00e1 arm\u00e1da na\u0159\u00eddila p\u0159ipravit se na eskalaci \u201ez jak\u00e9hokoli d\u016fvodu\u201c"},"content":{"rendered":"<div id=\"fb-root\"><\/div>\n<p class=\"lead\"><span>Odch\u00e1zej\u00edc\u00ed izraelsk\u00fd ministr obrany Benny Gantz dnes, 28. prosince, v rozhovoru pro rozhlasovou stanici Kan Reshet Bet \u0159ekl, \u017ee na\u0159\u00eddil arm\u00e1d\u011b \u017eidovsk\u00e9 obrany st\u00e1tu (IDF), \u201eaby se p\u0159ipravila na eskalaci z jak\u00e9hokoli d\u016fvodu \u2013 od politick\u00fdch probl\u00e9m\u016f po teroristick\u00e9 \u010diny. .&#8220;<\/span><\/p>\n<p><span>Podle n\u011bj na pozad\u00ed p\u0159\u00edsahy nov\u00e9 vl\u00e1dy veden\u00e9\u00a0<\/span><strong><span>Benjaminem Netanjahuem<\/span><\/strong><span>\u00a0a jmenov\u00e1n\u00edm p\u0159edsedy n\u00e1bo\u017eensk\u00e9ho sionismu\u00a0<\/span><strong><span>Becalela Smotricha<\/span><\/strong><span>\u00a0a v\u016fdce \u017eidovsk\u00e9 moci\u00a0<\/span><strong><span>Itamara Ben-Gvira<\/span><\/strong><span> na kl\u00ed\u010dov\u00e9 pozice na ministerstvu obrany \u201ebylo dost d\u016fvod\u016f. stvo\u0159eno\u201c, kv\u016fli \u010demu\u017e by mohlo doj\u00edt k eskalaci v Judeji a Sama\u0159\u00ed (na z\u00e1padn\u00edm b\u0159ehu Jord\u00e1nu), v p\u00e1smu Gazy, \u201ena severu a nedej bo\u017ee tak\u00e9 na z\u00e1pad\u011b Izraele, proto\u017ee to byly dva roky p\u0159ed.&#8220;<\/span><\/p>\n<p><span>Izraelsk\u00e1 arm\u00e1da ji\u017e d\u0159\u00edve po\u017eadovala, aby v\u016fdce koali\u010dn\u00ed vl\u00e1dy vytvo\u0159en\u00e9 po v\u00fdsledc\u00edch listopadov\u00fdch voleb Benjamin Netanjahu zabr\u00e1nil z\u00e1sahu do jejich z\u00f3ny odpov\u011bdnosti.\u00a0Takov\u00fd sign\u00e1l zazn\u011bl v telefonick\u00e9m rozhovoru mezi premi\u00e9rem a n\u00e1\u010deln\u00edkem gener\u00e1ln\u00edho \u0161t\u00e1bu IDF gener\u00e1lporu\u010d\u00edkem\u00a0<\/span><strong><span>Avivem Kochavim<\/span><\/strong><span>\u00a0, kter\u00fd vyj\u00e1d\u0159il obavy, \u017ee krajn\u011b pravicov\u00e9 k\u0159\u00eddlo nov\u00e9ho kabinetu, kter\u00e9 v r\u00e1mci koali\u010dn\u00ed dohody z\u00edskalo velk\u00e1 ministersk\u00e1 portfolia , mohl arm\u00e1d\u011b p\u0159evz\u00edt \u010d\u00e1st pravomoc\u00ed.<\/span><\/p>\n<p><span>Ve\u0159ejnou kampa\u0148 proti pravici<\/span><span>\u00a0zah\u00e1jili tak\u00e9 vojen\u0161t\u00ed <\/span><a href=\"https:\/\/eadaily.com\/ru\/news\/2022\/12\/28\/izrailskie-veterany-byut-trevogu-demokraticheskoe-otechestvo-v-opasnosti\" target=\"_blank\" rel=\"noopener\"><span>veter\u00e1ni<\/span><\/a><span>\u00a0, kte\u0159\u00ed se pokusili vyvinout tlak na izraelsk\u00e9 justi\u010dn\u00ed org\u00e1ny.<\/span><\/p>\n<p><img decoding=\"async\" loading=\"lazy\" class=\"alignnone size-full wp-image-1185\" src=\"http:\/\/www.infokuryr.cz\/n\/wp-content\/uploads\/2021\/04\/kuryr-podpis.png\" alt=\"\" width=\"84\" height=\"24\" \/><\/p>\n<p>&nbsp;<\/p>\n<p><img decoding=\"async\" loading=\"lazy\" class=\"wp-image-19187 aligncenter\" src=\"http:\/\/www.infokuryr.cz\/n\/wp-content\/uploads\/2022\/12\/1-PRO-300x36.jpg\" alt=\"\" width=\"1258\" height=\"151\" srcset=\"https:\/\/www.infokuryr.cz\/n\/wp-content\/uploads\/2022\/12\/1-PRO-300x36.jpg 300w, https:\/\/www.infokuryr.cz\/n\/wp-content\/uploads\/2022\/12\/1-PRO.jpg 699w\" sizes=\"(max-width: 1258px) 100vw, 1258px\" \/><\/p>\n<p>&nbsp;<\/p>\n","protected":false},"excerpt":{"rendered":"<p>Odch\u00e1zej\u00edc\u00ed izraelsk\u00fd ministr obrany Benny Gantz dnes, 28. prosince, v rozhovoru pro rozhlasovou stanici Kan&#8230;<\/p>\n","protected":false},"author":2,"featured_media":20399,"comment_status":"closed","ping_status":"closed","sticky":false,"template":"","format":"standard","meta":[],"categories":[7],"tags":[80,107,1964],"_links":{"self":[{"href":"https:\/\/www.infokuryr.cz\/n\/wp-json\/wp\/v2\/posts\/20398"}],"collection":[{"href":"https:\/\/www.infokuryr.cz\/n\/wp-json\/wp\/v2\/posts"}],"about":[{"href":"https:\/\/www.infokuryr.cz\/n\/wp-json\/wp\/v2\/types\/post"}],"author":[{"embeddable":true,"href":"https:\/\/www.infokuryr.cz\/n\/wp-json\/wp\/v2\/users\/2"}],"replies":[{"embeddable":true,"href":"https:\/\/www.infokuryr.cz\/n\/wp-json\/wp\/v2\/comments?post=20398"}],"version-history":[{"count":0,"href":"https:\/\/www.infokuryr.cz\/n\/wp-json\/wp\/v2\/posts\/20398\/revisions"}],"wp:featuredmedia":[{"embeddable":true,"href":"https:\/\/www.infokuryr.cz\/n\/wp-json\/wp\/v2\/media\/20399"}],"wp:attachment":[{"href":"https:\/\/www.infokuryr.cz\/n\/wp-json\/wp\/v2\/media?parent=20398"}],"wp:term":[{"taxonomy":"category","embeddable":true,"href":"https:\/\/www.infokuryr.cz\/n\/wp-json\/wp\/v2\/categories?post=20398"},{"taxonomy":"post_tag","embeddable":true,"href":"https:\/\/www.infokuryr.cz\/n\/wp-json\/wp\/v2\/tags?post=20398"}],"curies":[{"name":"wp","href":"https:\/\/api.w.org\/{rel}","templated":true}]}}