{"id":20396,"date":"2022-12-28T11:27:23","date_gmt":"2022-12-28T10:27:23","guid":{"rendered":"http:\/\/www.infokuryr.cz\/n\/?p=20396"},"modified":"2022-12-28T11:27:23","modified_gmt":"2022-12-28T10:27:23","slug":"iran-odhalil-pokrytectvi-zapadu-v-cele-se-spojenymi-staty","status":"publish","type":"post","link":"https:\/\/www.infokuryr.cz\/n\/2022\/12\/28\/iran-odhalil-pokrytectvi-zapadu-v-cele-se-spojenymi-staty\/","title":{"rendered":"\u00cdr\u00e1n odhalil pokrytectv\u00ed Z\u00e1padu v \u010dele se Spojen\u00fdmi st\u00e1ty"},"content":{"rendered":"<div id=\"fb-root\"><\/div>\n<p class=\"lead\"><span>\u00cdr\u00e1nsk\u00fd prezident Ibrahim Raisi odsoudil pokryteck\u00fd p\u0159\u00edstup Z\u00e1padu v \u010dele s USA k jeho zemi a uvedl, \u017ee po\u017eaduj\u00ed jedn\u00e1n\u00ed s \u00cdr\u00e1nem a sna\u017e\u00ed se vykreslit isl\u00e1mskou republiku jako slabou.\u00a0Informovala o tom agentura Tasnim News.<\/span><\/p>\n<p><span>Z\u00e1padn\u00ed zem\u011b a zejm\u00e9na Spojen\u00e9 st\u00e1ty se podle n\u011bj sice ve sv\u00e9 propagandistick\u00e9 kampani sna\u017e\u00ed vykreslit isl\u00e1mskou republiku jako \u201eslab\u00fd a um\u00edraj\u00edc\u00ed st\u00e1t\u201c, ale r\u016fzn\u00fdmi kan\u00e1ly zvou Teher\u00e1n k jedn\u00e1n\u00ed a zd\u016fraz\u0148uj\u00ed, \u017ee nemaj\u00ed \u017e\u00e1dn\u00e9 pl\u00e1ny na svr\u017een\u00ed vl\u00e1dnouc\u00edho re\u017eimu v isl\u00e1msk\u00e9 republice.<\/span><\/p>\n<p><span>Prezident \u0159ekl, \u017ee nep\u0159\u00e1tel\u00e9 zmobilizovali sv\u00e9 s\u00edly b\u011bhem ned\u00e1vn\u00fdch nepokoj\u016f v \u00cdr\u00e1nu, kdy\u017e se v\u0161ichni odp\u016frci spojili proti isl\u00e1msk\u00e9 republice.\u00a0Varov\u00e1n\u00ed p\u0159ed nep\u0159\u00e1telsk\u00fdmi spiknut\u00edmi s c\u00edlem vytvo\u0159it rozd\u011blen\u00ed mezi \u00cdr\u00e1nci, dodal Raisi:<\/span><\/p>\n<p><em><strong>\u201eDnes n\u00e1\u0161 n\u00e1rod p\u0159et\u00e9k\u00e1 jednotou, solidaritou a integritou.\u00a0Nep\u0159\u00e1tel\u00e9 mus\u00ed v\u011bd\u011bt, \u017ee nikdy nebudou schopni zni\u010dit takovou solidaritu a jednotu.&#8220;<\/strong><\/em><\/p>\n<p><span>Zd\u016fraznil tak\u00e9 vlivnou roli \u00cdr\u00e1nu v regionu.\u00a0Jak\u00a0<\/span><strong><span>uvedl EADaily<\/span><\/strong><span>\u00a0, francouzsk\u00fd prezident\u00a0<\/span><strong><span>Emmanuel Macron<\/span><\/strong><span>\u00a0b\u011bhem sv\u00e9 \u00fa\u010dasti na konferenci Bagd\u00e1d-2 konan\u00e9 v Jord\u00e1nsku tak\u00e9 \u0159ekl, \u017ee st\u00e1ty Bl\u00edzk\u00e9ho v\u00fdchodu mus\u00ed\u00a0<\/span><a href=\"https:\/\/eadaily.com\/ru\/news\/2022\/12\/25\/makron-prizval-livan-izbavitsya-ot-politikov-i-uchityvat-vliyanie-irana-v-regione\" target=\"_blank\" rel=\"noopener\"><span>vz\u00edt v \u00favahu vliv a s\u00edlu Teher\u00e1nu<\/span><\/a><span>\u00a0a zahrnout \u00cdr\u00e1n do architektury bezpe\u010dnostn\u00ed syst\u00e9m v regionu.<\/span><\/p>\n<p><img decoding=\"async\" loading=\"lazy\" class=\"alignnone size-full wp-image-1185\" src=\"http:\/\/www.infokuryr.cz\/n\/wp-content\/uploads\/2021\/04\/kuryr-podpis.png\" alt=\"\" width=\"84\" height=\"24\" \/><\/p>\n<p>&nbsp;<\/p>\n<p><img decoding=\"async\" loading=\"lazy\" class=\"wp-image-19187 aligncenter\" src=\"http:\/\/www.infokuryr.cz\/n\/wp-content\/uploads\/2022\/12\/1-PRO-300x36.jpg\" alt=\"\" width=\"1275\" height=\"153\" srcset=\"https:\/\/www.infokuryr.cz\/n\/wp-content\/uploads\/2022\/12\/1-PRO-300x36.jpg 300w, https:\/\/www.infokuryr.cz\/n\/wp-content\/uploads\/2022\/12\/1-PRO.jpg 699w\" sizes=\"(max-width: 1275px) 100vw, 1275px\" \/><\/p>\n<p>&nbsp;<\/p>\n","protected":false},"excerpt":{"rendered":"<p>\u00cdr\u00e1nsk\u00fd prezident Ibrahim Raisi odsoudil pokryteck\u00fd p\u0159\u00edstup Z\u00e1padu v \u010dele s USA k jeho zemi&#8230;<\/p>\n","protected":false},"author":2,"featured_media":20397,"comment_status":"closed","ping_status":"closed","sticky":false,"template":"","format":"standard","meta":[],"categories":[7],"tags":[38,787,37,365],"_links":{"self":[{"href":"https:\/\/www.infokuryr.cz\/n\/wp-json\/wp\/v2\/posts\/20396"}],"collection":[{"href":"https:\/\/www.infokuryr.cz\/n\/wp-json\/wp\/v2\/posts"}],"about":[{"href":"https:\/\/www.infokuryr.cz\/n\/wp-json\/wp\/v2\/types\/post"}],"author":[{"embeddable":true,"href":"https:\/\/www.infokuryr.cz\/n\/wp-json\/wp\/v2\/users\/2"}],"replies":[{"embeddable":true,"href":"https:\/\/www.infokuryr.cz\/n\/wp-json\/wp\/v2\/comments?post=20396"}],"version-history":[{"count":0,"href":"https:\/\/www.infokuryr.cz\/n\/wp-json\/wp\/v2\/posts\/20396\/revisions"}],"wp:featuredmedia":[{"embeddable":true,"href":"https:\/\/www.infokuryr.cz\/n\/wp-json\/wp\/v2\/media\/20397"}],"wp:attachment":[{"href":"https:\/\/www.infokuryr.cz\/n\/wp-json\/wp\/v2\/media?parent=20396"}],"wp:term":[{"taxonomy":"category","embeddable":true,"href":"https:\/\/www.infokuryr.cz\/n\/wp-json\/wp\/v2\/categories?post=20396"},{"taxonomy":"post_tag","embeddable":true,"href":"https:\/\/www.infokuryr.cz\/n\/wp-json\/wp\/v2\/tags?post=20396"}],"curies":[{"name":"wp","href":"https:\/\/api.w.org\/{rel}","templated":true}]}}