{"id":2038,"date":"2021-05-28T04:43:09","date_gmt":"2021-05-28T02:43:09","guid":{"rendered":"http:\/\/www.infokuryr.cz\/n\/?p=2038"},"modified":"2021-05-28T04:43:09","modified_gmt":"2021-05-28T02:43:09","slug":"rusko-prestalo-vydavat-povoleni-na-prilet-letum-ktere-obletavaji-belorusko","status":"publish","type":"post","link":"https:\/\/www.infokuryr.cz\/n\/2021\/05\/28\/rusko-prestalo-vydavat-povoleni-na-prilet-letum-ktere-obletavaji-belorusko\/","title":{"rendered":"Rusko p\u0159estalo vyd\u00e1vat povolen\u00ed na p\u0159\u00edlet let\u016fm, kter\u00e9 obl\u00e9t\u00e1vaj\u00ed B\u011blorusko"},"content":{"rendered":"<div id=\"fb-root\"><\/div>\n<p>Rusko p\u0159estalo vyd\u00e1vat povolen\u00ed na p\u0159\u00edlet let\u016fm, kter\u00e9 obl\u00e9t\u00e1vaj\u00ed B\u011blorusko. Prvn\u00ed leteckou spole\u010dnost\u00ed, na kterou se zam\u011b\u0159ilo, byla spole\u010dnost Austrian Airlines.<\/p>\n<p>Spole\u010dnost Austrian Airlines zru\u0161ila dne\u0161n\u00ed let z V\u00eddn\u011b do Moskvy kv\u016fli tomu, \u017ee Rusko odm\u00edtlo upravit letov\u00fd pl\u00e1n obl\u00e9t\u00e1vaj\u00edc\u00ed B\u011blorusko.<\/p>\n<p>Jde o odm\u00edtnut\u00ed \u0159ady z\u00e1padn\u00edch dopravc\u016f let\u011bt p\u0159es \u00fazem\u00ed B\u011bloruska v souvislosti s incidentem s nepl\u00e1novan\u00fdm p\u0159ist\u00e1n\u00edm letadla v Minsku.<\/p>\n<p>\u201eSpole\u010dnost Austrian Airlines pozastavila lety p\u0159es b\u011blorusk\u00fd vzdu\u0161n\u00fd prostor a\u017e do odvol\u00e1n\u00ed na z\u00e1klad\u011b doporu\u010den\u00ed Agentury Evropsk\u00e9 unie pro bezpe\u010dnost letectv\u00ed (EASA). Z tohoto d\u016fvodu je tak nutn\u00e9 upravit letovou trasu z V\u00eddn\u011b do Moskvy. Zm\u011bnu letov\u00e9 trasy mus\u00ed schv\u00e1lit \u00fa\u0159ady. Rusk\u00e9 \u00fa\u0159ady n\u00e1m toto povolen\u00ed nedaly. V d\u016fsledku toho byla spole\u010dnost Austrian Airlines nucena zru\u0161it dne\u0161n\u00ed let z V\u00eddn\u011b do Moskvy,\u201c stoj\u00ed v tiskov\u00e9 zpr\u00e1v\u011b.<\/p>\n<p>P\u0159ipome\u0148me, \u017ee v\u010dera Agentura Evropsk\u00e9 unie pro bezpe\u010dnost letectv\u00ed (EASA) doporu\u010dila evropsk\u00fdm leteck\u00fdm spole\u010dnostem, aby se vyh\u00fdbaly vzdu\u0161n\u00e9mu prostoru B\u011bloruska, dokud nebude dokon\u010deno mezin\u00e1rodn\u00ed vy\u0161et\u0159ov\u00e1n\u00ed incidentu s letem FR4978, uvedla EASA ve st\u0159ede\u010dn\u00edm prohl\u00e1\u0161en\u00ed.<\/p>\n<p>V ozn\u00e1men\u00ed, kter\u00e9 rozes\u00edlala EASA, agentura vysv\u011btlila, \u017ee \u201eb\u011blorusk\u00e9 kroky t\u00fdkaj\u00edc\u00ed se letu Rayanair vedou k pochybnostem o dodr\u017eov\u00e1n\u00ed pravidel mezin\u00e1rodn\u00edho civiln\u00edho letectv\u00ed a zpochyb\u0148uj\u00ed tak\u00e9 schopnost poskytovat bezpe\u010dn\u00e9 leteck\u00e9 slu\u017eby\u201c.<\/p>\n<p><strong>Let spole\u010dnosti Ryanair<\/strong><\/p>\n<p>Letadlo spole\u010dnosti Ryanair, kter\u00e9 let\u011blo z Ath\u00e9n do Vilniusu, 23. kv\u011btna nouzov\u011b p\u0159ist\u00e1lo na leti\u0161ti v Minsku kv\u016fli zpr\u00e1v\u011b o bomb\u011b na palub\u011b, kter\u00e1 se uk\u00e1zala jako nepravdiv\u00e1. Na palub\u011b se nach\u00e1zel Roman Protasevi\u010d, kter\u00fd \u017eije v Polsku a je zakladatelem telegramov\u00e9ho kan\u00e1lu Nexta, kter\u00fd je v B\u011blorusku prohl\u00e1\u0161en za extremistick\u00fd. P\u0159i kontrole jeho doklad\u016f byl zadr\u017een.<\/p>\n<p>Evropsk\u00e1 unie vyzvala leteck\u00e9 dopravce, aby zru\u0161ili lety nad B\u011bloruskem, a ozn\u00e1mila sv\u016fj z\u00e1m\u011br zav\u00e9st nov\u00e9 sankce proti Minsku. Leteck\u00e9 spole\u010dnosti KLM (Nizozemsko), Air France, n\u011bmeck\u00e1 Lufthansa, \u0161v\u00e9dsk\u00e1 SAS, polsk\u00e1 LOT, Wizz Air, loty\u0161sk\u00e1 Air Baltic, Finnair, Singapore Airlines a Austrian Airlines se rozhodly nel\u00e9tat p\u0159es B\u011blorusko.<\/p>\n<p>Toto nen\u00ed prvn\u00ed p\u0159\u00edpad nucen\u00e9ho p\u0159ist\u00e1n\u00ed. Nap\u0159\u00edklad v \u010dervenci 2013 \u201ena \u017e\u00e1dost\u201c Spojen\u00fdch st\u00e1t\u016f bylo nuceno p\u0159ist\u00e1t ve V\u00eddni letadlo bolivijsk\u00e9ho prezidenta Eva Moralese. D\u016fvodem byla \u00fadajn\u00e1 informace o tom, \u017ee se na palub\u011b nach\u00e1z\u00ed b\u00fdval\u00fd agent CIA Edward Snowden, obvin\u011bn\u00fd Ameri\u010dany z prozrazen\u00ed st\u00e1tn\u00edho tajemstv\u00ed. Policie bezv\u00fdsledn\u011b prohledala letadlo \u010d\u00edslo jedna a o n\u011bkolik hodin pozd\u011bji mohl prezident pokra\u010dovat v cest\u011b. \u017d\u00e1dn\u00e9 vy\u0161et\u0159ov\u00e1n\u00ed se nekonalo.<\/p>\n<p><a href=\"https:\/\/cz.sputniknews.com\/20210527\/rusko-prestalo-vydavat-povoleni-na-prilet-letum-ktere-obletavaji-belorusko-14639206.html\">ZDROJ<\/a><\/p>\n<p>&nbsp;<\/p>\n","protected":false},"excerpt":{"rendered":"<p>Rusko p\u0159estalo vyd\u00e1vat povolen\u00ed na p\u0159\u00edlet let\u016fm, kter\u00e9 obl\u00e9t\u00e1vaj\u00ed B\u011blorusko. Prvn\u00ed leteckou spole\u010dnost\u00ed, na kterou&#8230;<\/p>\n","protected":false},"author":2,"featured_media":1921,"comment_status":"closed","ping_status":"closed","sticky":false,"template":"","format":"standard","meta":[],"categories":[7],"tags":[150,476,22],"_links":{"self":[{"href":"https:\/\/www.infokuryr.cz\/n\/wp-json\/wp\/v2\/posts\/2038"}],"collection":[{"href":"https:\/\/www.infokuryr.cz\/n\/wp-json\/wp\/v2\/posts"}],"about":[{"href":"https:\/\/www.infokuryr.cz\/n\/wp-json\/wp\/v2\/types\/post"}],"author":[{"embeddable":true,"href":"https:\/\/www.infokuryr.cz\/n\/wp-json\/wp\/v2\/users\/2"}],"replies":[{"embeddable":true,"href":"https:\/\/www.infokuryr.cz\/n\/wp-json\/wp\/v2\/comments?post=2038"}],"version-history":[{"count":0,"href":"https:\/\/www.infokuryr.cz\/n\/wp-json\/wp\/v2\/posts\/2038\/revisions"}],"wp:featuredmedia":[{"embeddable":true,"href":"https:\/\/www.infokuryr.cz\/n\/wp-json\/wp\/v2\/media\/1921"}],"wp:attachment":[{"href":"https:\/\/www.infokuryr.cz\/n\/wp-json\/wp\/v2\/media?parent=2038"}],"wp:term":[{"taxonomy":"category","embeddable":true,"href":"https:\/\/www.infokuryr.cz\/n\/wp-json\/wp\/v2\/categories?post=2038"},{"taxonomy":"post_tag","embeddable":true,"href":"https:\/\/www.infokuryr.cz\/n\/wp-json\/wp\/v2\/tags?post=2038"}],"curies":[{"name":"wp","href":"https:\/\/api.w.org\/{rel}","templated":true}]}}