{"id":20379,"date":"2022-12-28T05:34:35","date_gmt":"2022-12-28T04:34:35","guid":{"rendered":"http:\/\/www.infokuryr.cz\/n\/?p=20379"},"modified":"2022-12-28T05:34:35","modified_gmt":"2022-12-28T04:34:35","slug":"erik-best-rusko-a-rada-bezpecnosti-osn","status":"publish","type":"post","link":"https:\/\/www.infokuryr.cz\/n\/2022\/12\/28\/erik-best-rusko-a-rada-bezpecnosti-osn\/","title":{"rendered":"Erik Best: Rusko a Rada bezpe\u010dnosti OSN"},"content":{"rendered":"<div id=\"fb-root\"><\/div>\n<p>Ukrajinsk\u00e9 ministerstvo zahrani\u010d\u00ed v\u010dera vyzvalo k\u00a0<a href=\"https:\/\/mfa.gov.ua\/en\/news\/zayava-mzs-ukrayini-shchodo-nelegitimnosti-perebuvannya-rosijskoyi-federaciyi-v-radi-bezpeki-oon-ta-organizaciyi-obyednanih-nacij-u-cilomu\" target=\"_blank\" rel=\"noopener\">vylou\u010den\u00ed Ruska<\/a>\u00a0z\u00a0Rady bezpe\u010dnosti OSN a\u00a0z OSN jako celku. To nen\u00ed nic nov\u00e9ho.\u00a0<a href=\"https:\/\/www.novinky.cz\/clanek\/domaci-rychetsky-rusko-vyloucit-z-rb-osn-40388473\" target=\"_blank\" rel=\"noopener\">P\u0159edseda \u00dastavn\u00edho soudu Pavel Rychetsk\u00fd<\/a>\u00a0vyzval k\u00a0vylou\u010den\u00ed Ruska, nebo p\u0159\u00edpadn\u00e9mu pozastaven\u00ed \u010dlenstv\u00ed, ze v\u0161ech mezin\u00e1rodn\u00edch instituc\u00ed u\u017e 26. \u00fanora.\u00a0<a href=\"https:\/\/www.ceskatelevize.cz\/porady\/10095426857-interview-ct24\/222411058040322\/\" target=\"_blank\" rel=\"noopener\">Expremi\u00e9r Mirek Topol\u00e1nek<\/a>\u00a0takt\u00e9\u017e o\u00a0m\u011bs\u00edc pozd\u011bji vyzval k\u00a0vylou\u010den\u00ed Ruska z\u00a0Rady bezpe\u010dnosti. Pozoruhodn\u011bj\u0161\u00ed bylo v\u010derej\u0161\u00ed prohl\u00e1\u0161en\u00ed Ukrajiny, \u017ee Rusko \u201eneleg\u00e1ln\u011b zab\u00edr\u00e1 m\u00edsto SSSR v\u00a0Rad\u011b bezpe\u010dnosti OSN\u201c.<\/p>\n<p>Tento pr\u00e1vn\u00ed argument podrobn\u011b vysv\u011btlil ji\u017e v\u00a0roce 1992\u00a0<a href=\"http:\/\/www.ejil.org\/article.php?article=2045&amp;issue=102#1\" target=\"_blank\" rel=\"noopener\">Yehuda Z. Blum<\/a>\u00a0z\u00a0Hebrejsk\u00e9 univerzity v\u00a0Jeruzal\u00e9m\u011b. Je\u0161t\u011b p\u0159edt\u00edm v\u0161ak 25. prosince 1991\u00a0<a href=\"https:\/\/bush41library.tamu.edu\/archives\/public-papers\/3791\" target=\"_blank\" rel=\"noopener\">americk\u00fd prezident George H.W. Bush<\/a>\u00a0ozn\u00e1mil, \u017ee jeho zem\u011b \u201epodpo\u0159\u00ed p\u0159evzet\u00ed k\u0159esla SSSR, jako\u017eto st\u00e1l\u00e9ho \u010dlena Rady bezpe\u010dnosti OSN, Ruskem\u201c. Jakkoliv se jadern\u00e9 mocnosti mohou ob\u010das ha\u0161te\u0159it a\u00a0bojovat spolu, v\u00a0kl\u00ed\u010dov\u00fdch ot\u00e1zk\u00e1ch stoj\u00ed p\u0159i sob\u011b.<\/p>\n<p><a href=\"https:\/\/www.fsfinalword.cz\/?page=archive&amp;day=2022-12-27&amp;utm_source=utm_source%3Dnewsletter&amp;utm_medium=utm_medium%3De-mail&amp;utm_campaign=utm_campaign%3Dfinal_word_27.12.2022\">Erik Best<\/a><\/p>\n<p><img decoding=\"async\" loading=\"lazy\" class=\"alignnone  wp-image-1179\" src=\"http:\/\/www.infokuryr.cz\/n\/wp-content\/uploads\/2021\/04\/erik-best.jpg\" alt=\"\" width=\"147\" height=\"165\" \/><\/p>\n<p>_________________________<\/p>\n<p>&nbsp;<\/p>\n<p><img decoding=\"async\" loading=\"lazy\" class=\"wp-image-19187 aligncenter\" src=\"http:\/\/www.infokuryr.cz\/n\/wp-content\/uploads\/2022\/12\/1-PRO-300x36.jpg\" alt=\"\" width=\"1250\" height=\"150\" srcset=\"https:\/\/www.infokuryr.cz\/n\/wp-content\/uploads\/2022\/12\/1-PRO-300x36.jpg 300w, https:\/\/www.infokuryr.cz\/n\/wp-content\/uploads\/2022\/12\/1-PRO.jpg 699w\" sizes=\"(max-width: 1250px) 100vw, 1250px\" \/><\/p>\n<p>&nbsp;<\/p>\n","protected":false},"excerpt":{"rendered":"<p>Ukrajinsk\u00e9 ministerstvo zahrani\u010d\u00ed v\u010dera vyzvalo k\u00a0vylou\u010den\u00ed Ruska\u00a0z\u00a0Rady bezpe\u010dnosti OSN a\u00a0z OSN jako celku. To nen\u00ed&#8230;<\/p>\n","protected":false},"author":2,"featured_media":2754,"comment_status":"closed","ping_status":"closed","sticky":false,"template":"","format":"standard","meta":[],"categories":[6],"tags":[186,1408,22],"_links":{"self":[{"href":"https:\/\/www.infokuryr.cz\/n\/wp-json\/wp\/v2\/posts\/20379"}],"collection":[{"href":"https:\/\/www.infokuryr.cz\/n\/wp-json\/wp\/v2\/posts"}],"about":[{"href":"https:\/\/www.infokuryr.cz\/n\/wp-json\/wp\/v2\/types\/post"}],"author":[{"embeddable":true,"href":"https:\/\/www.infokuryr.cz\/n\/wp-json\/wp\/v2\/users\/2"}],"replies":[{"embeddable":true,"href":"https:\/\/www.infokuryr.cz\/n\/wp-json\/wp\/v2\/comments?post=20379"}],"version-history":[{"count":0,"href":"https:\/\/www.infokuryr.cz\/n\/wp-json\/wp\/v2\/posts\/20379\/revisions"}],"wp:featuredmedia":[{"embeddable":true,"href":"https:\/\/www.infokuryr.cz\/n\/wp-json\/wp\/v2\/media\/2754"}],"wp:attachment":[{"href":"https:\/\/www.infokuryr.cz\/n\/wp-json\/wp\/v2\/media?parent=20379"}],"wp:term":[{"taxonomy":"category","embeddable":true,"href":"https:\/\/www.infokuryr.cz\/n\/wp-json\/wp\/v2\/categories?post=20379"},{"taxonomy":"post_tag","embeddable":true,"href":"https:\/\/www.infokuryr.cz\/n\/wp-json\/wp\/v2\/tags?post=20379"}],"curies":[{"name":"wp","href":"https:\/\/api.w.org\/{rel}","templated":true}]}}