{"id":20368,"date":"2022-12-28T01:15:47","date_gmt":"2022-12-28T00:15:47","guid":{"rendered":"http:\/\/www.infokuryr.cz\/n\/?p=20368"},"modified":"2022-12-27T18:21:40","modified_gmt":"2022-12-27T17:21:40","slug":"putin-podepsal-dekret-o-odvetnych-opatrenich-k-zavedeni-stropu-pro-ceny-ruske-ropy","status":"publish","type":"post","link":"https:\/\/www.infokuryr.cz\/n\/2022\/12\/28\/putin-podepsal-dekret-o-odvetnych-opatrenich-k-zavedeni-stropu-pro-ceny-ruske-ropy\/","title":{"rendered":"Putin podepsal dekret o odvetn\u00fdch opat\u0159en\u00edch k zaveden\u00ed stropu pro ceny rusk\u00e9 ropy"},"content":{"rendered":"<div id=\"fb-root\"><\/div>\n<p><span style=\"font-size: 18pt;\"><strong>Putin zak\u00e1zal dod\u00e1vky ropn\u00fdch produkt\u016f do zem\u00ed zav\u00e1d\u011bj\u00edc\u00edch cenov\u00fd strop<\/strong><\/span><\/p>\n<p><b><span>Prezident Vladimir Putin podepsal dekret o odvetn\u00fdch opat\u0159en\u00edch k zaveden\u00ed stropu na ceny ropy z Ruska, bude platn\u00fd do 1. \u010dervence 2023.<\/span><\/b><\/p>\n<p><span>Dekret je zav\u00e1d\u011bn \u201ev souvislosti s nep\u0159\u00e1telsk\u00fdmi a mezin\u00e1rodn\u00edm pr\u00e1vem v rozporu\u201c akcemi Spojen\u00fdch st\u00e1t\u016f a st\u00e1t\u016f a organizac\u00ed, kter\u00e9 se k nim p\u0159ipojily, zam\u011b\u0159en\u00e9 na stanoven\u00ed stropu ceny rusk\u00e9 ropy a ropn\u00fdch produkt\u016f, uv\u00e1d\u00ed dokument.<\/span><\/p>\n<p><span>Vyhl\u00e1\u0161ka byla zve\u0159ejn\u011bna na\u00a0<\/span><a href=\"http:\/\/publication.pravo.gov.ru\/Document\/View\/0001202212270015?index=0&amp;rangeSize=1\" target=\"_blank\" rel=\"noopener\"><span>ofici\u00e1ln\u00edm internetov\u00e9m port\u00e1lu pr\u00e1vn\u00edch informac\u00ed<\/span><\/a><span>\u00a0.<\/span><\/p>\n<p><span>Dokument zav\u00e1d\u00ed z\u00e1kaz dod\u00e1vek ropy a ropn\u00fdch produkt\u016f zahrani\u010dn\u00edm odb\u011bratel\u016fm, pokud smlouva vyu\u017e\u00edv\u00e1 mechanismus cenov\u00e9ho stropu, uv\u00e1d\u00ed\u00a0<\/span><a href=\"https:\/\/tass.ru\/\" target=\"_blank\" rel=\"noopener\"><span>TASS<\/span><\/a><span>\u00a0.<\/span><\/p>\n<p><span>Dod\u00e1vky do zem\u00ed, kter\u00e9 zavedly strop na ceny ropy, budou mo\u017en\u00e9 pouze na z\u00e1klad\u011b zvl\u00e1\u0161tn\u00edho rozhodnut\u00ed prezidenta Rusk\u00e9 federace.<\/span><\/p>\n<p><span>Vyhl\u00e1\u0161ka nabude \u00fa\u010dinnosti 1. \u00fanora 2023.\u00a0Kontrolou pln\u011bn\u00ed vyhl\u00e1\u0161ky je pov\u011b\u0159eno Ministerstvo energetiky.<\/span><\/p>\n<p><span>P\u0159ipome\u0148me, \u017ee \u0161\u00e9f rusk\u00e9ho ministerstva financ\u00ed Anton Siluanov\u00a0<\/span><a href=\"https:\/\/vz.ru\/news\/2022\/12\/25\/1192540.html\" target=\"_blank\" rel=\"noopener\"><span>poznamenal<\/span><\/a><span>\u00a0, \u017ee Moskva nebude dod\u00e1vat ropu za ceny, kter\u00e9 v z\u00e1sad\u011b stanov\u00ed Z\u00e1pad.<\/span><\/p>\n<p><span>Strop cen ropy Evropsk\u00e9 unie\u00a0<\/span><a href=\"https:\/\/vz.ru\/news\/2022\/12\/5\/1189607.html\" target=\"_blank\" rel=\"noopener\"><span>vstoupil<\/span><\/a><span>\u00a0v platnost 5. prosince.\u00a0Zem\u011b EU se tak\u00e9 dohodly na nastaviteln\u00e9m cenov\u00e9m stropu pro ruskou ropu dopravovanou po mo\u0159i na 60 dolar\u016f za barel.\u00a0Podobn\u00e9 rozhodnut\u00ed u\u010dinily zem\u011b G7 a Austr\u00e1lie.<\/span><\/p>\n<p><img decoding=\"async\" loading=\"lazy\" class=\"alignnone size-full wp-image-1185\" src=\"http:\/\/www.infokuryr.cz\/n\/wp-content\/uploads\/2021\/04\/kuryr-podpis.png\" alt=\"\" width=\"84\" height=\"24\" \/><\/p>\n<p>&nbsp;<\/p>\n<p><img decoding=\"async\" loading=\"lazy\" class=\"wp-image-19187 aligncenter\" src=\"http:\/\/www.infokuryr.cz\/n\/wp-content\/uploads\/2022\/12\/1-PRO-300x36.jpg\" alt=\"\" width=\"1233\" height=\"148\" srcset=\"https:\/\/www.infokuryr.cz\/n\/wp-content\/uploads\/2022\/12\/1-PRO-300x36.jpg 300w, https:\/\/www.infokuryr.cz\/n\/wp-content\/uploads\/2022\/12\/1-PRO.jpg 699w\" sizes=\"(max-width: 1233px) 100vw, 1233px\" \/><\/p>\n<p>&nbsp;<\/p>\n","protected":false},"excerpt":{"rendered":"<p>Putin zak\u00e1zal dod\u00e1vky ropn\u00fdch produkt\u016f do zem\u00ed zav\u00e1d\u011bj\u00edc\u00edch cenov\u00fd strop Prezident Vladimir Putin podepsal dekret&#8230;<\/p>\n","protected":false},"author":2,"featured_media":13465,"comment_status":"closed","ping_status":"closed","sticky":false,"template":"","format":"standard","meta":[],"categories":[7],"tags":[2018,102,310],"_links":{"self":[{"href":"https:\/\/www.infokuryr.cz\/n\/wp-json\/wp\/v2\/posts\/20368"}],"collection":[{"href":"https:\/\/www.infokuryr.cz\/n\/wp-json\/wp\/v2\/posts"}],"about":[{"href":"https:\/\/www.infokuryr.cz\/n\/wp-json\/wp\/v2\/types\/post"}],"author":[{"embeddable":true,"href":"https:\/\/www.infokuryr.cz\/n\/wp-json\/wp\/v2\/users\/2"}],"replies":[{"embeddable":true,"href":"https:\/\/www.infokuryr.cz\/n\/wp-json\/wp\/v2\/comments?post=20368"}],"version-history":[{"count":0,"href":"https:\/\/www.infokuryr.cz\/n\/wp-json\/wp\/v2\/posts\/20368\/revisions"}],"wp:featuredmedia":[{"embeddable":true,"href":"https:\/\/www.infokuryr.cz\/n\/wp-json\/wp\/v2\/media\/13465"}],"wp:attachment":[{"href":"https:\/\/www.infokuryr.cz\/n\/wp-json\/wp\/v2\/media?parent=20368"}],"wp:term":[{"taxonomy":"category","embeddable":true,"href":"https:\/\/www.infokuryr.cz\/n\/wp-json\/wp\/v2\/categories?post=20368"},{"taxonomy":"post_tag","embeddable":true,"href":"https:\/\/www.infokuryr.cz\/n\/wp-json\/wp\/v2\/tags?post=20368"}],"curies":[{"name":"wp","href":"https:\/\/api.w.org\/{rel}","templated":true}]}}