{"id":20359,"date":"2022-12-28T01:10:47","date_gmt":"2022-12-28T00:10:47","guid":{"rendered":"http:\/\/www.infokuryr.cz\/n\/?p=20359"},"modified":"2022-12-27T16:09:13","modified_gmt":"2022-12-27T15:09:13","slug":"pronacisticke-nemecko-a-japonsko-nemaji-misto-v-rb-osn","status":"publish","type":"post","link":"https:\/\/www.infokuryr.cz\/n\/2022\/12\/28\/pronacisticke-nemecko-a-japonsko-nemaji-misto-v-rb-osn\/","title":{"rendered":"\u201ePronacistick\u00e9\u201c N\u011bmecko a Japonsko nemaj\u00ed m\u00edsto v RB OSN"},"content":{"rendered":"<div id=\"fb-root\"><\/div>\n<p><span style=\"font-size: 18pt;\"><strong>Rusk\u00fd velvyslanec kritizoval zem\u011b \u201eokupovan\u00e9 USA\u201c za jejich hlasov\u00e1n\u00ed proti rezoluci podporovan\u00e9 Moskvou odsuzuj\u00edc\u00ed nacismus\u00a0<\/strong><\/span><\/p>\n<p><span>N\u011bmecko a Japonsko by nem\u011bly z\u00edskat st\u00e1l\u00e1 m\u00edsta v Rad\u011b bezpe\u010dnosti OSN pot\u00e9, co hlasovaly proti Ruskem podporovan\u00e9 rezoluci odsuzuj\u00edc\u00ed nacismus, navrhl vysok\u00fd rusk\u00fd diplomat.<\/span><\/p>\n<p><span>Rozhodnut\u00ed Berl\u00edna a Tokia\u00a0<\/span><em><span>\u201eur\u00e1\u017e\u00ed pam\u00e1tku ob\u011bt\u00ed n\u011bmeck\u00e9ho nacismu a japonsk\u00e9ho militarismu,\u201c<\/span><\/em><span>\u00a0\u0159ekl Oleg Stepanov, rusk\u00fd velvyslanec v Kanad\u011b, v pozn\u00e1mce pro RIA Novosti, kterou ministerstvo zahrani\u010d\u00ed v \u00fater\u00fd zve\u0159ejnilo v pln\u00e9m zn\u011bn\u00ed.<\/span><\/p>\n<p><span>N\u011bmeck\u00e9 hlasov\u00e1n\u00ed zpochyb\u0148uje projevy l\u00edtosti nad zlo\u010diny sp\u00e1chan\u00fdmi nacisty b\u011bhem druh\u00e9 sv\u011btov\u00e9 v\u00e1lky, uvedl.\u00a0Japonsko se mezit\u00edm nikdy nesm\u00ed\u0159ilo se svou temnou minulost\u00ed, vzhledem k tomu, \u017ee jeho vl\u00e1da ct\u00ed v\u00e1le\u010dn\u00e9 zlo\u010dince, \u0159ekl.<\/span><\/p>\n<p><strong><em>&#8222;Je jasn\u00e9, \u017ee takov\u00e9 chov\u00e1n\u00ed m\u016f\u017ee b\u00fdt mo\u017en\u00e9 pouze se svolen\u00edm USA, pod jejich\u017e mnohovrstevnou neform\u00e1ln\u00ed okupac\u00ed oba n\u00e1rody z\u016fst\u00e1vaj\u00ed,&#8220;<\/em><\/strong><span>\u00a0prohl\u00e1sil diplomat.<\/span><\/p>\n<p><span>Stepanov popsal pozice obou n\u00e1rod\u016f jako<strong>\u00a0<\/strong><\/span><em><span><strong>\u201ejednozna\u010dn\u011b pronacistick\u00e9\u201c.<\/strong>\u00a0<\/span><\/em><span>S ohledem na jejich \u010diny<strong>\u00a0<\/strong><\/span><strong><em>\u201ep\u0159e\u0161krt\u00e1v\u00e1 potenci\u00e1l pro reformu OSN, kter\u00e1 by Berl\u00ednu a Tokiu [trval\u00e1] m\u00edsta v Rad\u011b bezpe\u010dnosti OSN poskytla,\u201c<\/em><\/strong><span>\u00a0dodal.<\/span><\/p>\n<p><span>Tyto pozn\u00e1mky odkazuj\u00ed na hlasov\u00e1n\u00ed na Valn\u00e9m shrom\u00e1\u017ed\u011bn\u00ed OSN za\u010d\u00e1tkem tohoto m\u011bs\u00edce o Ruskem navrhovan\u00e9 nez\u00e1vazn\u00e9 rezoluci odsuzuj\u00edc\u00ed glorifikaci nacismu a r\u016fzn\u00e9 formy xenofobie.\u00a0Dokument byl p\u0159ijat 120 hlasy pro, 50 proti a 10 se zdr\u017eelo hlasov\u00e1n\u00ed.<\/span><\/p>\n<p><span>Rusko p\u0159edkl\u00e1d\u00e1 takov\u00e9 rezoluce ka\u017ed\u00fd rok od roku 2012 v podob\u011b varov\u00e1n\u00ed, \u017ee n\u011bkter\u00e9 n\u00e1rody cht\u011bj\u00ed p\u0159epsat historii druh\u00e9 sv\u011btov\u00e9 v\u00e1lky, aby bagatelizovaly zlo\u010diny mocnost\u00ed Osy a nacistick\u00fdch kolaborant\u016f.\u00a0V prosinci 2021 pouze dva st\u00e1ty \u2013 USA a Ukrajina \u2013 hlasovaly proti dokumentu, p\u0159i\u010dem\u017e 51 zem\u00ed se zdr\u017eelo hlasov\u00e1n\u00ed.\u00a0Druh\u00fd t\u00e1bor byl slo\u017een p\u0159ev\u00e1\u017en\u011b ze spojenc\u016f Washingtonu, kte\u0159\u00ed\u00a0tento m\u011bs\u00edc prim\u00e1rn\u011b hlasovali<strong>\u00a0<\/strong><\/span><em><span><strong>\u201ene\u201c<\/strong> . (V \u010detn\u011b \u010cesk\u00e9 republiky &#8211; pozn\u00e1mka InfoKur.)<\/span><\/em><\/p>\n<p><span>Ukrajinsk\u00e1 delegace vyu\u017eila p\u0159\u00edle\u017eitosti kritizovat Rusko za jeho vojenskou operaci proti zemi a tvrdila, \u017ee akce Moskvy se rovnaly oslavov\u00e1n\u00ed nacismu.<\/span><\/p>\n<p><span>V roce 2010 z\u00edskal Stepan Bandera, ukrajinsk\u00fd nacionalistick\u00fd v\u016fdce, kter\u00fd kolaboroval s nacisty, titul Hrdina Ukrajiny.\u00a0Na jeho po\u010dest nechal postavit n\u011bkolik pomn\u00edk\u016f a jeho narozeniny jsou \u0161iroce oslavov\u00e1ny vl\u00e1dou.\u00a0Ocen\u011bny byly i dal\u0161\u00ed ukrajinsk\u00e9 osobnosti s podobn\u00fdmi \u017eivotopisy.<\/span><\/p>\n<p><span>Ukrajinsk\u00e1 arm\u00e1da a n\u00e1rodn\u00ed garda zahrnuj\u00ed jednotky, kter\u00e9 se otev\u0159en\u011b hl\u00e1s\u00ed k neonacistick\u00e9 ideologii.\u00a0\u010clen bezpe\u010dnostn\u00ed slo\u017eky prezidenta Vladimira Zelensk\u00e9ho byl v z\u00e1\u0159\u00ed vyfotografov\u00e1n s nacistick\u00fdmi znaky na uniform\u011b.<\/span><\/p>\n<p><span>Rusko prohl\u00e1silo\u00a0<\/span><em><span>\u201edenacifikaci\u201c<\/span><\/em><span>\u00a0za jeden z prim\u00e1rn\u00edch c\u00edl\u016f sv\u00e9 vojensk\u00e9 kampan\u011b proti Ukrajin\u011b, kter\u00e1 byla zah\u00e1jena koncem \u00fanora.<\/span><\/p>\n<p><img decoding=\"async\" loading=\"lazy\" class=\"alignnone size-full wp-image-1185\" src=\"http:\/\/www.infokuryr.cz\/n\/wp-content\/uploads\/2021\/04\/kuryr-podpis.png\" alt=\"\" width=\"84\" height=\"24\" \/><\/p>\n<p>&nbsp;<\/p>\n<p><img decoding=\"async\" loading=\"lazy\" class=\"wp-image-19187 aligncenter\" src=\"http:\/\/www.infokuryr.cz\/n\/wp-content\/uploads\/2022\/12\/1-PRO-300x36.jpg\" alt=\"\" width=\"1292\" height=\"155\" srcset=\"https:\/\/www.infokuryr.cz\/n\/wp-content\/uploads\/2022\/12\/1-PRO-300x36.jpg 300w, https:\/\/www.infokuryr.cz\/n\/wp-content\/uploads\/2022\/12\/1-PRO.jpg 699w\" sizes=\"(max-width: 1292px) 100vw, 1292px\" \/><\/p>\n<p>&nbsp;<\/p>\n","protected":false},"excerpt":{"rendered":"<p>Rusk\u00fd velvyslanec kritizoval zem\u011b \u201eokupovan\u00e9 USA\u201c za jejich hlasov\u00e1n\u00ed proti rezoluci podporovan\u00e9 Moskvou odsuzuj\u00edc\u00ed nacismus\u00a0&#8230;<\/p>\n","protected":false},"author":2,"featured_media":14247,"comment_status":"closed","ping_status":"closed","sticky":false,"template":"","format":"standard","meta":[],"categories":[7],"tags":[105,470,84,186,1408],"_links":{"self":[{"href":"https:\/\/www.infokuryr.cz\/n\/wp-json\/wp\/v2\/posts\/20359"}],"collection":[{"href":"https:\/\/www.infokuryr.cz\/n\/wp-json\/wp\/v2\/posts"}],"about":[{"href":"https:\/\/www.infokuryr.cz\/n\/wp-json\/wp\/v2\/types\/post"}],"author":[{"embeddable":true,"href":"https:\/\/www.infokuryr.cz\/n\/wp-json\/wp\/v2\/users\/2"}],"replies":[{"embeddable":true,"href":"https:\/\/www.infokuryr.cz\/n\/wp-json\/wp\/v2\/comments?post=20359"}],"version-history":[{"count":0,"href":"https:\/\/www.infokuryr.cz\/n\/wp-json\/wp\/v2\/posts\/20359\/revisions"}],"wp:featuredmedia":[{"embeddable":true,"href":"https:\/\/www.infokuryr.cz\/n\/wp-json\/wp\/v2\/media\/14247"}],"wp:attachment":[{"href":"https:\/\/www.infokuryr.cz\/n\/wp-json\/wp\/v2\/media?parent=20359"}],"wp:term":[{"taxonomy":"category","embeddable":true,"href":"https:\/\/www.infokuryr.cz\/n\/wp-json\/wp\/v2\/categories?post=20359"},{"taxonomy":"post_tag","embeddable":true,"href":"https:\/\/www.infokuryr.cz\/n\/wp-json\/wp\/v2\/tags?post=20359"}],"curies":[{"name":"wp","href":"https:\/\/api.w.org\/{rel}","templated":true}]}}