{"id":20357,"date":"2022-12-28T01:09:24","date_gmt":"2022-12-28T00:09:24","guid":{"rendered":"http:\/\/www.infokuryr.cz\/n\/?p=20357"},"modified":"2022-12-27T15:45:18","modified_gmt":"2022-12-27T14:45:18","slug":"polsky-zoldak-bojujeme-proti-rusum-nepomahame-ukrajincum","status":"publish","type":"post","link":"https:\/\/www.infokuryr.cz\/n\/2022\/12\/28\/polsky-zoldak-bojujeme-proti-rusum-nepomahame-ukrajincum\/","title":{"rendered":"Polsk\u00fd \u017eold\u00e1k: \u201eBojujeme proti Rus\u016fm, nepom\u00e1h\u00e1me Ukrajinc\u016fm\u201c"},"content":{"rendered":"<div id=\"fb-root\"><\/div>\n<p class=\"lead\"><span>Polsk\u00e9 vyd\u00e1n\u00ed Gazeta Polska Codziena z 27. prosince, publikuje rozhovor s \u017eold\u00e1kem jm\u00e9nem Korek, kter\u00fd bojoval na Ukrajin\u011b proti rusk\u00fdm voj\u00e1k\u016fm v neonacistick\u00e9m pluku Azov.<\/span><\/p>\n<p><span>Korek je z fotbalov\u00fdch ultras, fanou\u0161ek gda\u0148sk\u00e9 Lechie.\u00a0Podle n\u011bj byla \u010deta \u017eold\u00e1k\u016f skupina \u201en\u011bkolika stovek velmi tvrd\u00fdch chlap\u016f z r\u016fzn\u00fdch fanou\u0161kovsk\u00fdch t\u00fdm\u016f z cel\u00e9 v\u00fdchodn\u00ed Evropy\u201c.\u00a0Velitelem tlupy byl podle polsk\u00e9ho n\u00e1jemn\u00edka fanou\u0161ek minsk\u00e9ho \u201eDynama\u201c jm\u00e9nem\u00a0<\/span><strong><span>Puma<\/span><\/strong><span> .<\/span><\/p>\n<p><span>Korek up\u0159es\u0148uje, \u017ee v minulosti byl voj\u00e1kem z povol\u00e1n\u00ed, slou\u017eil u p\u011bchoty.\u00a0Motiv \u017eold\u00e1ka je orienta\u010dn\u00ed:<\/span><\/p>\n<p><em><strong>\u201eKdy\u017e jsem odj\u00ed\u017ed\u011bl na Ukrajinu, n\u011bkte\u0159\u00ed se ptali, pro\u010d jdu pom\u00e1hat Ukrajinc\u016fm.\u00a0Ale \u0161el jsem tam bojovat proti Rus\u016fm a ne pom\u00e1hat Ukrajinc\u016fm, ke kter\u00fdm, p\u0159izn\u00e1v\u00e1m, jsem kritick\u00fd.&#8220;<\/strong><\/em><\/p>\n<p><span>Ji\u017e d\u0159\u00edve m\u00e9dia<\/span><span> informovala, \u017ee na za\u010d\u00e1tku prosince 2022 rusk\u00e9 vzdu\u0161n\u00e9 s\u00edly <\/span><span>zni\u010dily<\/span><span>\u00a0p\u0159es 90 polsk\u00fdch \u017eold\u00e1k\u016f v oblasti Charkova.<\/span><\/p>\n<p><img decoding=\"async\" loading=\"lazy\" class=\"alignnone size-full wp-image-1185\" src=\"http:\/\/www.infokuryr.cz\/n\/wp-content\/uploads\/2021\/04\/kuryr-podpis.png\" alt=\"\" width=\"84\" height=\"24\" \/><\/p>\n<p>&nbsp;<\/p>\n<p><img decoding=\"async\" loading=\"lazy\" class=\"wp-image-19187 aligncenter\" src=\"http:\/\/www.infokuryr.cz\/n\/wp-content\/uploads\/2022\/12\/1-PRO-300x36.jpg\" alt=\"\" width=\"1233\" height=\"148\" srcset=\"https:\/\/www.infokuryr.cz\/n\/wp-content\/uploads\/2022\/12\/1-PRO-300x36.jpg 300w, https:\/\/www.infokuryr.cz\/n\/wp-content\/uploads\/2022\/12\/1-PRO.jpg 699w\" sizes=\"(max-width: 1233px) 100vw, 1233px\" \/><\/p>\n<p>&nbsp;<\/p>\n<p>&nbsp;<\/p>\n","protected":false},"excerpt":{"rendered":"<p>Polsk\u00e9 vyd\u00e1n\u00ed Gazeta Polska Codziena z 27. prosince, publikuje rozhovor s \u017eold\u00e1kem jm\u00e9nem Korek, kter\u00fd&#8230;<\/p>\n","protected":false},"author":2,"featured_media":20358,"comment_status":"closed","ping_status":"closed","sticky":false,"template":"","format":"standard","meta":[],"categories":[7],"tags":[31,26,1870],"_links":{"self":[{"href":"https:\/\/www.infokuryr.cz\/n\/wp-json\/wp\/v2\/posts\/20357"}],"collection":[{"href":"https:\/\/www.infokuryr.cz\/n\/wp-json\/wp\/v2\/posts"}],"about":[{"href":"https:\/\/www.infokuryr.cz\/n\/wp-json\/wp\/v2\/types\/post"}],"author":[{"embeddable":true,"href":"https:\/\/www.infokuryr.cz\/n\/wp-json\/wp\/v2\/users\/2"}],"replies":[{"embeddable":true,"href":"https:\/\/www.infokuryr.cz\/n\/wp-json\/wp\/v2\/comments?post=20357"}],"version-history":[{"count":0,"href":"https:\/\/www.infokuryr.cz\/n\/wp-json\/wp\/v2\/posts\/20357\/revisions"}],"wp:featuredmedia":[{"embeddable":true,"href":"https:\/\/www.infokuryr.cz\/n\/wp-json\/wp\/v2\/media\/20358"}],"wp:attachment":[{"href":"https:\/\/www.infokuryr.cz\/n\/wp-json\/wp\/v2\/media?parent=20357"}],"wp:term":[{"taxonomy":"category","embeddable":true,"href":"https:\/\/www.infokuryr.cz\/n\/wp-json\/wp\/v2\/categories?post=20357"},{"taxonomy":"post_tag","embeddable":true,"href":"https:\/\/www.infokuryr.cz\/n\/wp-json\/wp\/v2\/tags?post=20357"}],"curies":[{"name":"wp","href":"https:\/\/api.w.org\/{rel}","templated":true}]}}