{"id":20340,"date":"2022-12-28T01:00:58","date_gmt":"2022-12-28T00:00:58","guid":{"rendered":"http:\/\/www.infokuryr.cz\/n\/?p=20340"},"modified":"2022-12-27T11:55:12","modified_gmt":"2022-12-27T10:55:12","slug":"peter-haisenko-falesne-vyti-o-vanocnim-miru-na-ukrajine","status":"publish","type":"post","link":"https:\/\/www.infokuryr.cz\/n\/2022\/12\/28\/peter-haisenko-falesne-vyti-o-vanocnim-miru-na-ukrajine\/","title":{"rendered":"Peter Haisenko: Fale\u0161n\u00e9 vyt\u00ed o v\u00e1no\u010dn\u00edm m\u00edru na Ukrajin\u011b"},"content":{"rendered":"<div id=\"fb-root\"><\/div>\n<p class=\"bodytext\"><strong>Z\u00e1padn\u00ed obvin\u011bn\u00ed Ruska z toho, \u017ee ani nerespektuje v\u00e1no\u010dn\u00ed m\u00edr, ukazuj\u00ed, jak m\u00e1lo tito v\u00e1le\u010dn\u00ed \u0161tv\u00e1\u010di v\u011bd\u00ed o Ukrajin\u011b.\u00a0Koncem prosince se tam tradi\u010dn\u011b V\u00e1noce neslav\u00ed.<\/strong><\/p>\n<p class=\"bodytext\"><span>Asi 1400 let se k\u0159es\u0165anstv\u00ed d\u011bl\u00ed na \u0159\u00edmskokatolickou c\u00edrkev a v\u00fdchodn\u00ed c\u00edrkev.\u00a0V roce 1582 zm\u011bnila \u0159\u00edmsk\u00e1 v\u011btev k\u0159es\u0165ansk\u00e9 c\u00edrkve sv\u016fj kalend\u00e1\u0159 z juli\u00e1nsk\u00e9ho na gregori\u00e1nsk\u00fd.\u00a0V\u011bdci pape\u017ee \u0158eho\u0159e XIII.\u00a0poznal, \u017ee kalend\u00e1\u0159 pape\u017ee Juli\u00e1na \u201eut\u00edk\u00e1\u201c, tj. po\u010det dn\u00ed v roce znamen\u00e1, \u017ee se data a dny neust\u00e1le vzdaluj\u00ed od dr\u00e1hy slunce.\u00a0Se vznikem Sov\u011btsk\u00e9ho svazu byl tak\u00e9 v\u00fdchodn\u00ed kalend\u00e1\u0159 p\u0159eveden na gregori\u00e1nsk\u00fd, ale bez p\u0159izp\u016fsoben\u00ed na\u010dasov\u00e1n\u00ed V\u00e1noc tomu z\u00e1padn\u00edmu.\u00a0Tak se stalo, \u017ee v oblasti v\u00fdchodn\u00ed c\u00edrkve, pravoslavn\u00e9, se V\u00e1noce slav\u00ed 7. ledna.\u00a0Je tomu tak st\u00e1le a plat\u00ed to i pro ukrajinskou v\u011btev pravoslavn\u00e9 c\u00edrkve.<\/span><\/p>\n<p class=\"bodytext\"><span>Dne 16. listopadu 2017 vyhl\u00e1sila Nejvy\u0161\u0161\u00ed rada v Kyjev\u011b 25. prosinec ofici\u00e1ln\u00edm sv\u00e1tkem na Ukrajin\u011b v r\u00e1mci rusofobn\u00edch snah Kyjeva vym\u00fdtit ve\u0161ker\u00e9 rusk\u00e9 d\u011bdictv\u00ed a z\u00edskat p\u0159\u00edze\u0148 Z\u00e1padu.\u00a0Nem\u00e1 to ale nic spole\u010dn\u00e9ho s pravoslavnou v\u00e1no\u010dn\u00ed oslavou, kter\u00e1 se st\u00e1le kon\u00e1 7. ledna.\u00a0Toto pokleknut\u00ed p\u0159ed americk\u00fdm v\u00e1no\u010dn\u00edm humbukem m\u00e1 demonstrovat dal\u0161\u00ed odtr\u017een\u00ed Rusko nen\u00e1vid\u00edc\u00edch ukrajinsk\u00fdch nacionalist\u016f od v\u0161ech tradic formovan\u00fdch ruskou kulturou.\u00a0Stejn\u011b jako na Ukrajin\u011b a v pobaltsk\u00fdch st\u00e1tech jsou jeden po druh\u00e9m bour\u00e1ny pomn\u00edky rusk\u00fdch hrdin\u016f, myslitel\u016f a b\u00e1sn\u00edk\u016f.\u00a0Skute\u010dnost, \u017ee se t\u00edm nikdo v z\u00e1padn\u00edch syst\u00e9mov\u00fdch m\u00e9di\u00edch neroz\u010diluje, op\u011bt ukazuje dvoj\u00ed metr, se kter\u00fdm zde jednaj\u00ed.<\/span><\/p>\n<p class=\"bodytext\"><span style=\"font-size: 18pt;\"><strong>Z\u00e1pad je k ukrajinsk\u00fdm tradic\u00edm lhostejn\u00fd<\/strong><\/span><\/p>\n<p class=\"bodytext\"><span>24.\/25\u00a0Prosinec nem\u00e1 v ukrajinsk\u00e9 rusk\u00e9 pravoslavn\u00e9 c\u00edrkvi \u017e\u00e1dn\u00fd zvl\u00e1\u0161tn\u00ed v\u00fdznam.\u00a0Je to tedy \u010dist\u00e1 propaganda, kdy\u017e te\u010f kolektivn\u00ed Z\u00e1pad vyje, \u017ee zl\u00ed Rusov\u00e9 nerespektuj\u00ed ani v\u00e1no\u010dn\u00ed klid.\u00a0D\u00e1 se \u010dekat, \u017ee se za dva t\u00fddny znovu rozhoupe stejn\u00e1 palice.\u00a0Toti\u017e dne 6.\/7.\u00a0ledna, kdy ortodoxn\u00ed k\u0159es\u0165an\u00e9 slav\u00ed v\u00e1no\u010dn\u00ed sv\u00e1tky.\u00a0Tak\u00e9 na Ukrajin\u011b.\u00a0M\u00e1m p\u0159\u00e1tele z Ukrajiny, z Lembergu, tedy z\u00e1padn\u00ed Ukrajiny, kte\u0159\u00ed \u017eij\u00ed v Mnichov\u011b u\u017e dobr\u00fdch 25 let.\u00a0V\u00e1noce st\u00e1le tradi\u010dn\u011b slav\u00ed v lednu.\u00a0Samoz\u0159ejm\u011b respektuj\u00ed i \u200b\u200bna\u0161i sch\u016fzku na V\u00e1noce, mimo jin\u00e9 proto, \u017ee se tomu jen st\u011b\u017e\u00ed vyhnete.\u00a0To je srovnateln\u00e9 s t\u00edm, jak se \u017did\u00e9 a muslimov\u00e9 chovaj\u00ed k na\u0161im V\u00e1noc\u016fm.<\/span><\/p>\n<p class=\"bodytext\"><span>Tento proces, kdy Z\u00e1pad ignoruje ukrajinsk\u00e9 ortodoxn\u00ed tradice, ukazuje, \u017ee je to Z\u00e1pad, kdo nerespektuje ukrajinskou kulturu, jen j\u00ed chce vnutit \u201ez\u00e1padn\u00ed hodnoty\u201c.\u00a0Stejn\u011b jako americk\u00e9 imp\u00e9rium vnucuje v\u0161em zem\u00edm svou posv\u00e1tnou my\u0161lenku demokracie, v p\u0159\u00edpad\u011b pot\u0159eby i silou zbran\u00ed.\u00a0Jak\u00e1koli \u00facta ke kultur\u00e1m a tradic\u00edm, kter\u00e9 vyrostly po stalet\u00ed, bolestn\u011b chyb\u00ed a kter\u00e1 u\u017e zp\u016fsobila miliony mrtvol.\u00a0Mus\u00edm tedy doj\u00edt k z\u00e1v\u011bru, \u017ee v\u00e1le\u010dn\u00fdm \u0161tv\u00e1\u010d\u016fm na Z\u00e1pad\u011b nikdy ne\u0161lo o zachov\u00e1n\u00ed ukrajinsk\u00e9 kultury nebo dokonce \u201ez\u00e1padn\u00edch hodnot\u201c na Ukrajin\u011b.\u00a0O z\u00e1padn\u00edch hodnot\u00e1ch, kter\u00e9 na nacionalistick\u00e9 Ukrajin\u011b nikdy neexistovaly.<\/span><\/p>\n<p class=\"bodytext\"><span>Jak m\u016f\u017ee n\u011bkdo tvrdit, \u017ee se zav\u00e1zal k zachov\u00e1n\u00ed ukrajinsk\u00e9 kultury, kdo ani nev\u00ed, \u017ee V\u00e1noce na Ukrajin\u011b se neslav\u00ed v prosinci, ale v lednu.\u00a0Do posledn\u00edho by m\u011blo b\u00fdt jasn\u00e9, \u017ee i na Ukrajin\u011b jde o to nap\u00e1chat co nejv\u011bt\u0161\u00ed \u0161kody Rusku.\u00a0S ohledem na to p\u0159eji v\u0161em pravoslavn\u00fdm k\u0159es\u0165an\u016fm \u0161\u0165astn\u00e9 a klidn\u00e9 V\u00e1noce v lednu, a pokud to Washington kone\u010dn\u011b dovol\u00ed, mohly by b\u00fdt dokonce klidn\u00e9.\u00a0Kdy\u017e ne letos, tak asi p\u0159\u00ed\u0161t\u00ed rok ve star\u00e9 tradici, kter\u00e1 se d\u00edky zapojen\u00ed Ruska zachov\u00e1.\u00a0To tak\u00e9 odpov\u00ed na ot\u00e1zku, kdo je skute\u010dn\u011b odd\u00e1n zachov\u00e1n\u00ed tradi\u010dn\u00edch hodnot na Ukrajin\u011b.\u00a0\u017did\u00e9 v ukrajinsk\u00e9 vl\u00e1d\u011b rozhodn\u011b nejsou a u\u017e v\u016fbec ne kolektivn\u00ed Z\u00e1pad.\u00a0Ani nev\u00ed, kdy se tam tradi\u010dn\u011b slav\u00ed V\u00e1noce.\u00a0<\/span><\/p>\n<p class=\"bodytext\"><span style=\"font-size: 18pt;\"><strong>Mal\u00fd dopln\u011bk:<\/strong><\/span><\/p>\n<p class=\"bodytext\"><span>Rusk\u00e1 pravoslavn\u00e1 c\u00edrkev elegantn\u011b vy\u0159e\u0161ila probl\u00e9m kn\u011b\u017esk\u00e9ho celib\u00e1tu.\u00a0M\u016f\u017eete se o\u017eenit d\u0159\u00edve, ne\u017e budete vysv\u011bceni na kn\u011bze, ale pak nen\u00ed mo\u017enost rozvodu.\u00a0Nebyl by to vzor pro katolickou c\u00edrkev?\u00a0Ale po\u010dkat, to nen\u00ed mo\u017en\u00e9.\u00a0Jak by se v\u016fbec dalo na Z\u00e1pad\u011b modelovat n\u011bco, co vych\u00e1z\u00ed z rusk\u00e9 kultury?<\/span><\/p>\n<p><strong>Peter Haisenko<\/strong><\/p>\n<p><img decoding=\"async\" loading=\"lazy\" class=\"wp-image-19187 aligncenter\" src=\"http:\/\/www.infokuryr.cz\/n\/wp-content\/uploads\/2022\/12\/1-PRO-300x36.jpg\" alt=\"\" width=\"1225\" height=\"147\" srcset=\"https:\/\/www.infokuryr.cz\/n\/wp-content\/uploads\/2022\/12\/1-PRO-300x36.jpg 300w, https:\/\/www.infokuryr.cz\/n\/wp-content\/uploads\/2022\/12\/1-PRO.jpg 699w\" sizes=\"(max-width: 1225px) 100vw, 1225px\" \/><\/p>\n<p>&nbsp;<\/p>\n<p>&nbsp;<\/p>\n","protected":false},"excerpt":{"rendered":"<p>Z\u00e1padn\u00ed obvin\u011bn\u00ed Ruska z toho, \u017ee ani nerespektuje v\u00e1no\u010dn\u00ed m\u00edr, ukazuj\u00ed, jak m\u00e1lo tito v\u00e1le\u010dn\u00ed&#8230;<\/p>\n","protected":false},"author":2,"featured_media":19671,"comment_status":"closed","ping_status":"closed","sticky":false,"template":"","format":"standard","meta":[],"categories":[7],"tags":[1131,26,1471,365],"_links":{"self":[{"href":"https:\/\/www.infokuryr.cz\/n\/wp-json\/wp\/v2\/posts\/20340"}],"collection":[{"href":"https:\/\/www.infokuryr.cz\/n\/wp-json\/wp\/v2\/posts"}],"about":[{"href":"https:\/\/www.infokuryr.cz\/n\/wp-json\/wp\/v2\/types\/post"}],"author":[{"embeddable":true,"href":"https:\/\/www.infokuryr.cz\/n\/wp-json\/wp\/v2\/users\/2"}],"replies":[{"embeddable":true,"href":"https:\/\/www.infokuryr.cz\/n\/wp-json\/wp\/v2\/comments?post=20340"}],"version-history":[{"count":0,"href":"https:\/\/www.infokuryr.cz\/n\/wp-json\/wp\/v2\/posts\/20340\/revisions"}],"wp:featuredmedia":[{"embeddable":true,"href":"https:\/\/www.infokuryr.cz\/n\/wp-json\/wp\/v2\/media\/19671"}],"wp:attachment":[{"href":"https:\/\/www.infokuryr.cz\/n\/wp-json\/wp\/v2\/media?parent=20340"}],"wp:term":[{"taxonomy":"category","embeddable":true,"href":"https:\/\/www.infokuryr.cz\/n\/wp-json\/wp\/v2\/categories?post=20340"},{"taxonomy":"post_tag","embeddable":true,"href":"https:\/\/www.infokuryr.cz\/n\/wp-json\/wp\/v2\/tags?post=20340"}],"curies":[{"name":"wp","href":"https:\/\/api.w.org\/{rel}","templated":true}]}}