{"id":20336,"date":"2022-12-27T07:57:01","date_gmt":"2022-12-27T06:57:01","guid":{"rendered":"http:\/\/www.infokuryr.cz\/n\/?p=20336"},"modified":"2022-12-27T07:57:01","modified_gmt":"2022-12-27T06:57:01","slug":"srbsko-oznamuje-vojenskou-pripravenost","status":"publish","type":"post","link":"https:\/\/www.infokuryr.cz\/n\/2022\/12\/27\/srbsko-oznamuje-vojenskou-pripravenost\/","title":{"rendered":"Srbsko oznamuje vojenskou p\u0159ipravenost"},"content":{"rendered":"<div id=\"fb-root\"><\/div>\n<p class=\"lead\"><span>Srbsk\u00e9 ozbrojen\u00e9 s\u00edly jsou na rozkaz nejvy\u0161\u0161\u00edho velitele prezidenta Aleksandara Vu\u010di\u010de v pohotovosti.\u00a0Agentu\u0159e Tanjug to v pond\u011bl\u00ed ozn\u00e1mil srbsk\u00fd vicepremi\u00e9r a ministr obrany Milo\u0161 Vu\u010devi\u010d.<\/span><\/p>\n<p><em><strong>\u201ePrezident Srbska jako nejvy\u0161\u0161\u00ed velitel vydal rozkaz uv\u00e9st srbskou arm\u00e1du do nejvy\u0161\u0161\u00edho stupn\u011b bojov\u00e9 p\u0159ipravenosti\u201c,<span class=\"after-quote\">\u00a0\u0159ekl ministr.<\/span><\/strong><\/em><\/p>\n<p><span>Z\u00e1rove\u0148 srbsk\u00fd ministr vnitra\u00a0<\/span><strong><span>Bratislav Ga\u0161i\u0107<\/span><\/strong><span> ozn\u00e1mil, \u017ee s\u00edly ministerstva vnitra byly uvedeny takt\u00e9\u017e do pln\u00e9 pohotovosti .<\/span><\/p>\n<p><img decoding=\"async\" loading=\"lazy\" class=\"alignnone size-full wp-image-1185\" src=\"http:\/\/www.infokuryr.cz\/n\/wp-content\/uploads\/2021\/04\/kuryr-podpis.png\" alt=\"\" width=\"84\" height=\"24\" \/><\/p>\n<p><img decoding=\"async\" loading=\"lazy\" class=\"wp-image-19187 aligncenter\" src=\"http:\/\/www.infokuryr.cz\/n\/wp-content\/uploads\/2022\/12\/1-PRO-300x36.jpg\" alt=\"\" width=\"1250\" height=\"150\" srcset=\"https:\/\/www.infokuryr.cz\/n\/wp-content\/uploads\/2022\/12\/1-PRO-300x36.jpg 300w, https:\/\/www.infokuryr.cz\/n\/wp-content\/uploads\/2022\/12\/1-PRO.jpg 699w\" sizes=\"(max-width: 1250px) 100vw, 1250px\" \/><\/p>\n<p>&nbsp;<\/p>\n","protected":false},"excerpt":{"rendered":"<p>Srbsk\u00e9 ozbrojen\u00e9 s\u00edly jsou na rozkaz nejvy\u0161\u0161\u00edho velitele prezidenta Aleksandara Vu\u010di\u010de v pohotovosti.\u00a0Agentu\u0159e Tanjug to&#8230;<\/p>\n","protected":false},"author":2,"featured_media":20337,"comment_status":"closed","ping_status":"closed","sticky":false,"template":"","format":"standard","meta":[],"categories":[7],"tags":[80,1063,1964,139],"_links":{"self":[{"href":"https:\/\/www.infokuryr.cz\/n\/wp-json\/wp\/v2\/posts\/20336"}],"collection":[{"href":"https:\/\/www.infokuryr.cz\/n\/wp-json\/wp\/v2\/posts"}],"about":[{"href":"https:\/\/www.infokuryr.cz\/n\/wp-json\/wp\/v2\/types\/post"}],"author":[{"embeddable":true,"href":"https:\/\/www.infokuryr.cz\/n\/wp-json\/wp\/v2\/users\/2"}],"replies":[{"embeddable":true,"href":"https:\/\/www.infokuryr.cz\/n\/wp-json\/wp\/v2\/comments?post=20336"}],"version-history":[{"count":0,"href":"https:\/\/www.infokuryr.cz\/n\/wp-json\/wp\/v2\/posts\/20336\/revisions"}],"wp:featuredmedia":[{"embeddable":true,"href":"https:\/\/www.infokuryr.cz\/n\/wp-json\/wp\/v2\/media\/20337"}],"wp:attachment":[{"href":"https:\/\/www.infokuryr.cz\/n\/wp-json\/wp\/v2\/media?parent=20336"}],"wp:term":[{"taxonomy":"category","embeddable":true,"href":"https:\/\/www.infokuryr.cz\/n\/wp-json\/wp\/v2\/categories?post=20336"},{"taxonomy":"post_tag","embeddable":true,"href":"https:\/\/www.infokuryr.cz\/n\/wp-json\/wp\/v2\/tags?post=20336"}],"curies":[{"name":"wp","href":"https:\/\/api.w.org\/{rel}","templated":true}]}}