{"id":20311,"date":"2022-12-27T01:12:36","date_gmt":"2022-12-27T00:12:36","guid":{"rendered":"http:\/\/www.infokuryr.cz\/n\/?p=20311"},"modified":"2022-12-26T18:07:35","modified_gmt":"2022-12-26T17:07:35","slug":"prvnim-zastupcem-vladimira-putina-se-stal-dmitrij-medvedev","status":"publish","type":"post","link":"https:\/\/www.infokuryr.cz\/n\/2022\/12\/27\/prvnim-zastupcem-vladimira-putina-se-stal-dmitrij-medvedev\/","title":{"rendered":"Prvn\u00edm z\u00e1stupcem Vladimira Putina se stal Dmitrij Medved\u011bv"},"content":{"rendered":"<div id=\"fb-root\"><\/div>\n<p class=\"lead\">Z\u00e1stupce \u0161\u00e9fa Bezpe\u010dnostn\u00ed rady Rusk\u00e9 federace exprezident Dmitrij Medved\u011bv bude od nyn\u011bj\u0161ka prvn\u00edm m\u00edstop\u0159edsedou Vojensko-pr\u016fmyslov\u00e9 komise, kterou je rusk\u00fd prezident Vladimir Putin. Odpov\u00eddaj\u00edc\u00ed dekret hlavy st\u00e1tu byl zve\u0159ejn\u011bn dne 26. prosince.<\/p>\n<p>V komisi byl tak\u00e9 \u0161\u00e9f ministerstva pro mimo\u0159\u00e1dn\u00e9 situace\u00a0<strong>Alexander Kurenkov<\/strong>\u00a0\u00a0, kter\u00fd nahradil vylou\u010den\u00e9ho\u00a0<strong>Igora Artemyeva<\/strong>\u00a0(d\u0159\u00edve vedl FAS).\u00a0V r\u00e1mci komise &#8211; m\u00edstop\u0159edseda vl\u00e1dy &#8211; vedouc\u00ed Ministerstva pr\u016fmyslu a obchodu\u00a0<strong>Denis Manturov<\/strong>\u00a0\u00a0&#8211; zast\u00e1v\u00e1 posty z\u00e1stupce vedouc\u00edho komise a vedouc\u00edho jej\u00edho kolegia (vytvo\u0159en\u00e9ho k \u0159e\u0161en\u00ed aktu\u00e1ln\u00edch probl\u00e9m\u016f), ministra obrany\u00a0<strong>Sergeje \u0160ojgu<\/strong>\u00a0, n\u00e1\u010deln\u00edka gener\u00e1ln\u00edho \u0161t\u00e1bu\u00a0<strong>Valerij Gerasimov<\/strong>\u00a0, tajemn\u00edk Rady bezpe\u010dnosti\u00a0<strong>Nikolaj Patru\u0161ev<\/strong>\u00a0, \u0161\u00e9fov\u00e9 SVR, FSB, Rusk\u00e9 gardy a dal\u0161\u00ed.<\/p>\n<p>Jak informovala m\u00e9dia\u00a0, Dmitrij Medved\u011bv dnes varoval, \u017ee nebudou existovat \u017e\u00e1dn\u00e1 omezen\u00ed, jak se br\u00e1nit z\u00e1padn\u00edm sankc\u00edm.\u00a0Ud\u00e1losti uplynul\u00e9ho roku podle n\u011bj anulovaly samotnou mo\u017enost d\u016fv\u011brn\u00e9ho a uctiv\u00e9ho dialogu s p\u0159edstaviteli Z\u00e1padu:<\/p>\n<p><em><strong>&#8222;Nyn\u00ed nem\u00e1me na Z\u00e1pad\u011b s k\u00fdm mluvit a vyjedn\u00e1vat, o ni\u010dem ani nen\u00ed t\u0159eba.&#8220;<\/strong><\/em><\/p>\n<p>&nbsp;<\/p>\n<p><img decoding=\"async\" loading=\"lazy\" class=\"alignnone size-full wp-image-1185\" src=\"http:\/\/www.infokuryr.cz\/n\/wp-content\/uploads\/2021\/04\/kuryr-podpis.png\" alt=\"\" width=\"84\" height=\"24\" \/><\/p>\n<p><img decoding=\"async\" loading=\"lazy\" class=\"wp-image-19187 aligncenter\" src=\"http:\/\/www.infokuryr.cz\/n\/wp-content\/uploads\/2022\/12\/1-PRO-300x36.jpg\" alt=\"\" width=\"1208\" height=\"145\" srcset=\"https:\/\/www.infokuryr.cz\/n\/wp-content\/uploads\/2022\/12\/1-PRO-300x36.jpg 300w, https:\/\/www.infokuryr.cz\/n\/wp-content\/uploads\/2022\/12\/1-PRO.jpg 699w\" sizes=\"(max-width: 1208px) 100vw, 1208px\" \/><\/p>\n<p>&nbsp;<\/p>\n<p>&nbsp;<\/p>\n","protected":false},"excerpt":{"rendered":"<p>Z\u00e1stupce \u0161\u00e9fa Bezpe\u010dnostn\u00ed rady Rusk\u00e9 federace exprezident Dmitrij Medved\u011bv bude od nyn\u011bj\u0161ka prvn\u00edm m\u00edstop\u0159edsedou Vojensko-pr\u016fmyslov\u00e9&#8230;<\/p>\n","protected":false},"author":2,"featured_media":20312,"comment_status":"closed","ping_status":"closed","sticky":false,"template":"","format":"standard","meta":[],"categories":[7],"tags":[214,102,4124],"_links":{"self":[{"href":"https:\/\/www.infokuryr.cz\/n\/wp-json\/wp\/v2\/posts\/20311"}],"collection":[{"href":"https:\/\/www.infokuryr.cz\/n\/wp-json\/wp\/v2\/posts"}],"about":[{"href":"https:\/\/www.infokuryr.cz\/n\/wp-json\/wp\/v2\/types\/post"}],"author":[{"embeddable":true,"href":"https:\/\/www.infokuryr.cz\/n\/wp-json\/wp\/v2\/users\/2"}],"replies":[{"embeddable":true,"href":"https:\/\/www.infokuryr.cz\/n\/wp-json\/wp\/v2\/comments?post=20311"}],"version-history":[{"count":1,"href":"https:\/\/www.infokuryr.cz\/n\/wp-json\/wp\/v2\/posts\/20311\/revisions"}],"predecessor-version":[{"id":20313,"href":"https:\/\/www.infokuryr.cz\/n\/wp-json\/wp\/v2\/posts\/20311\/revisions\/20313"}],"wp:featuredmedia":[{"embeddable":true,"href":"https:\/\/www.infokuryr.cz\/n\/wp-json\/wp\/v2\/media\/20312"}],"wp:attachment":[{"href":"https:\/\/www.infokuryr.cz\/n\/wp-json\/wp\/v2\/media?parent=20311"}],"wp:term":[{"taxonomy":"category","embeddable":true,"href":"https:\/\/www.infokuryr.cz\/n\/wp-json\/wp\/v2\/categories?post=20311"},{"taxonomy":"post_tag","embeddable":true,"href":"https:\/\/www.infokuryr.cz\/n\/wp-json\/wp\/v2\/tags?post=20311"}],"curies":[{"name":"wp","href":"https:\/\/api.w.org\/{rel}","templated":true}]}}