{"id":20302,"date":"2022-12-27T01:08:19","date_gmt":"2022-12-27T00:08:19","guid":{"rendered":"http:\/\/www.infokuryr.cz\/n\/?p=20302"},"modified":"2022-12-26T17:40:47","modified_gmt":"2022-12-26T16:40:47","slug":"karel-iii-porusil-vanocni-tradici-neprimou-kritikou-vlady","status":"publish","type":"post","link":"https:\/\/www.infokuryr.cz\/n\/2022\/12\/27\/karel-iii-porusil-vanocni-tradici-neprimou-kritikou-vlady\/","title":{"rendered":"Karel III. poru\u0161il v\u00e1no\u010dn\u00ed tradici nep\u0159\u00edmou kritikou vl\u00e1dy"},"content":{"rendered":"<div id=\"fb-root\"><\/div>\n<p><strong>Podle n\u011bmeck\u00e9ho televizn\u00edho kan\u00e1lu Das Erste britsk\u00fd panovn\u00edk podle tradice ve sv\u00e9m v\u00e1no\u010dn\u00edm projevu nezasahuje do politiky, ale Karel III.\u00a0Ve sv\u00e9m projevu se tak konkr\u00e9tn\u011b vyj\u00e1d\u0159il k n\u011bkter\u00fdm profes\u00edm, kter\u00e9 jsou nyn\u00ed kv\u016fli st\u00e1vk\u00e1m kritizov\u00e1ny, \u017ee to lze pova\u017eovat za kritiku pr\u00e1ce vl\u00e1dy, kter\u00e1 nedok\u00e1zala udr\u017eet inflaci v zemi.<\/strong><\/p>\n<p>Poprv\u00e9 za 70 let za\u010dal v\u00e1no\u010dn\u00ed projev ve Spojen\u00e9m kr\u00e1lovstv\u00ed znovu st\u00e1tn\u00ed hymnou a slovy \u201eGod Save the King\u201c, poznamen\u00e1v\u00e1 n\u011bmeck\u00fd televizn\u00ed kan\u00e1l Das Erste.\u00a0Sbor zp\u00edval v kapli sv. Ji\u0159\u00ed v are\u00e1lu z\u00e1mku Windsor a v kapli u slavnostn\u011b vyzdoben\u00e9ho v\u00e1no\u010dn\u00edho stromu nechyb\u011bl ani Karel III.<\/p>\n<p>V posledn\u00edch letech kr\u00e1lovna v\u017edy oslovovala lidi ze sv\u00e9ho ob\u00fdvac\u00edho pokoje.\u00a0Charles si naopak vybral m\u00edsto, kde jsou poh\u0159beni jeho rodi\u010de, kr\u00e1lovna Al\u017eb\u011bta a princ Philip.<\/p>\n<p>Ve sv\u00fdch v\u00e1no\u010dn\u00edch projevech kr\u00e1lovna v\u017edy vyu\u017eila p\u0159\u00edle\u017eitosti pod\u011bkovat v\u00fdznamn\u00fdm profesion\u00e1l\u016fm a lidem zapojen\u00fdm do charitativn\u00edch akc\u00ed.\u00a0Tot\u00e9\u017e ud\u011blal Karel III.\u00a0Nicm\u00e9n\u011b zp\u016fsob, jak\u00fdm vychvaloval pr\u00e1v\u011b ty profese, kter\u00e9 nyn\u00ed ni\u010d\u00ed zemi st\u00e1vkami a projevuj\u00ed nespokojenost s vl\u00e1dou kv\u016fli po\u017eadavku na vysok\u00e9 mzdy tv\u00e1\u0159\u00ed v tv\u00e1\u0159 vysok\u00e9 inflaci, lze dob\u0159e pova\u017eovat za kritiku t\u011bch, kdo dr\u017e\u00ed politick\u00e9 posty, zd\u016fraz\u0148uje n\u011bmeck\u00fd televizn\u00ed kan\u00e1l.<\/p>\n<p>Karel III. pod\u011bkoval sestr\u00e1m, u\u010ditel\u016fm a st\u00e1tn\u00edm zam\u011bstnanc\u016fm za jejich zku\u0161enosti a ob\u011btavost spole\u010dnosti.\u00a0Kr\u00e1l by nem\u011bl zauj\u00edmat politickou pozici, ale tentokr\u00e1t se podle historika a publicisty kr\u00e1lovsk\u00e9ho domu Keitha Williamse jasn\u011b rozhodl do agendy zasahovat.\u00a0<em>\u201eJe velmi konkr\u00e9tn\u00ed, pokud jde o profese, kter\u00e9 jsou kritizov\u00e1ny, a nen\u00e1padn\u011b jim vyjad\u0159uje podporu.\u00a0To je jasn\u00fd z\u00e1sah panovn\u00edka.&#8220;<\/em><\/p>\n<p>Karel III. hovo\u0159il o v\u00e1lce, p\u0159\u00edrodn\u00edch katastrof\u00e1ch a utrpen\u00ed ve sv\u011bt\u011b, stejn\u011b jako o nepokoj\u00edch a chudob\u011b ve sv\u00e9 vlastn\u00ed zemi.\u00a0Na obrazovce se objevily z\u00e1b\u011bry z distribuce j\u00eddla a Charles se zm\u00ednil o t\u011bch, kte\u0159\u00ed nemohli platit \u00fa\u010dty, nakrmit sv\u00e9 rodiny a udr\u017eet je v teple.\u00a0Kr\u00e1l pod\u011bkoval v\u0161em, kte\u0159\u00ed daruj\u00ed a v\u011bnuj\u00ed sv\u016fj \u010das pomoci v t\u00e9to situaci.<\/p>\n<p>Kr\u00e1lovna tak\u00e9 v\u017edy chv\u00e1lila solidaritu a ducha soudr\u017enosti ve spole\u010dnosti, ale zp\u016fsob, jak\u00fdm Charles vyz\u00fdv\u00e1 k neopou\u0161t\u011bn\u00ed pot\u0159ebn\u00fdm soused\u016fm a zm\u00edr\u0148ov\u00e1n\u00ed hladu, obecn\u011b vykresluje obraz zem\u011b, kde st\u00e1t ji\u017e nem\u00e1 probl\u00e9my pod kontrolou, poznamen\u00e1v\u00e1 Das Erste.<\/p>\n<p>\u017divotopisec Carla Catherine Mayer ji\u017e v listopadu lond\u00fdnsk\u00e9mu studiu ARD \u0159ekl, \u017ee by nov\u00e9ho kr\u00e1le obr\u00e1tilo proti vl\u00e1d\u011b, kdyby musel ka\u017ed\u00fd den vid\u011bt, jak lid\u00e9 ve sv\u00e9 \u00fadajn\u011b bohat\u00e9 zemi trp\u00ed hladem.<\/p>\n<p>Jako sv\u011btsk\u00e1 hlava anglik\u00e1nsk\u00e9 c\u00edrkve hovo\u0159il Karel III. o cest\u011b do Betl\u00e9ma, kter\u00e1 se ho velmi dotkla.\u00a0Vyslovil sv\u00e9 v\u00e1no\u010dn\u00ed p\u0159\u00e1n\u00ed, aby \u017eivotod\u00e1rn\u00e9 sv\u011btlo p\u0159ineslo nad\u011bji ka\u017ed\u00e9mu \u010dlov\u011bku \u2013 bez ohledu na to, jakou v\u00edru zast\u00e1v\u00e1, a i kdy\u017e nen\u00ed v\u011b\u0159\u00edc\u00ed.\u00a0To je tak\u00e9 inovace, poznamen\u00e1v\u00e1 n\u011bmeck\u00fd televizn\u00ed kan\u00e1l.<\/p>\n<p>Historik Keith Williams v\u011b\u0159\u00ed, \u017ee Karel III., po pouh\u00fdch n\u011bkolika m\u011bs\u00edc\u00edch v \u00fa\u0159adu, si je\u0161t\u011b mus\u00ed vytvo\u0159it \u00fazk\u00e9 pouto s lidmi, kter\u00e9 kr\u00e1lovna v\u017edy m\u011bla.\u00a0Ale v tomto prvn\u00edm v\u00e1no\u010dn\u00edm poselstv\u00ed je podle n\u00ed na spr\u00e1vn\u00e9 cest\u011b:\u00a0<em>&#8222;Charlesovi je t\u0159eba d\u00e1t jasn\u011b najevo, \u017ee slou\u017e\u00ed lidem, \u017ee tak\u00e9 rozum\u00ed d\u011blnick\u00e9 t\u0159\u00edd\u011b, \u017ee nen\u00ed mimo kontakt se zem\u00ed.&#8220;\u00a0<\/em>Pro kr\u00e1lovnu o tom nen\u00ed pochyb, \u0159ekl Williams, ale Charles byl st\u00e1le pova\u017eov\u00e1n za mu\u017ee, kter\u00fd \u017eije v luxusu.\u00a0<em>\u201eTe\u010f mus\u00ed d\u00e1t jasn\u011b najevo, \u017ee rozum\u00ed starostem a pot\u0159eb\u00e1m oby\u010dejn\u00fdch lid\u00ed,<\/em>\u00a0\u201c uzav\u00edr\u00e1 historik britsk\u00e9 kr\u00e1lovsk\u00e9 rodiny.<\/p>\n<p><img decoding=\"async\" loading=\"lazy\" class=\"alignnone size-full wp-image-1185\" src=\"http:\/\/www.infokuryr.cz\/n\/wp-content\/uploads\/2021\/04\/kuryr-podpis.png\" alt=\"\" width=\"84\" height=\"24\" \/><\/p>\n<p>&nbsp;<\/p>\n<p><img decoding=\"async\" loading=\"lazy\" class=\"wp-image-19187 aligncenter\" src=\"http:\/\/www.infokuryr.cz\/n\/wp-content\/uploads\/2022\/12\/1-PRO-300x36.jpg\" alt=\"\" width=\"1217\" height=\"146\" srcset=\"https:\/\/www.infokuryr.cz\/n\/wp-content\/uploads\/2022\/12\/1-PRO-300x36.jpg 300w, https:\/\/www.infokuryr.cz\/n\/wp-content\/uploads\/2022\/12\/1-PRO.jpg 699w\" sizes=\"(max-width: 1217px) 100vw, 1217px\" \/><\/p>\n<p>&nbsp;<\/p>\n<p>&nbsp;<\/p>\n<p>&nbsp;<\/p>\n","protected":false},"excerpt":{"rendered":"<p>Podle n\u011bmeck\u00e9ho televizn\u00edho kan\u00e1lu Das Erste britsk\u00fd panovn\u00edk podle tradice ve sv\u00e9m v\u00e1no\u010dn\u00edm projevu nezasahuje&#8230;<\/p>\n","protected":false},"author":2,"featured_media":20303,"comment_status":"closed","ping_status":"closed","sticky":false,"template":"","format":"standard","meta":[],"categories":[7],"tags":[3291,710,303],"_links":{"self":[{"href":"https:\/\/www.infokuryr.cz\/n\/wp-json\/wp\/v2\/posts\/20302"}],"collection":[{"href":"https:\/\/www.infokuryr.cz\/n\/wp-json\/wp\/v2\/posts"}],"about":[{"href":"https:\/\/www.infokuryr.cz\/n\/wp-json\/wp\/v2\/types\/post"}],"author":[{"embeddable":true,"href":"https:\/\/www.infokuryr.cz\/n\/wp-json\/wp\/v2\/users\/2"}],"replies":[{"embeddable":true,"href":"https:\/\/www.infokuryr.cz\/n\/wp-json\/wp\/v2\/comments?post=20302"}],"version-history":[{"count":1,"href":"https:\/\/www.infokuryr.cz\/n\/wp-json\/wp\/v2\/posts\/20302\/revisions"}],"predecessor-version":[{"id":20304,"href":"https:\/\/www.infokuryr.cz\/n\/wp-json\/wp\/v2\/posts\/20302\/revisions\/20304"}],"wp:featuredmedia":[{"embeddable":true,"href":"https:\/\/www.infokuryr.cz\/n\/wp-json\/wp\/v2\/media\/20303"}],"wp:attachment":[{"href":"https:\/\/www.infokuryr.cz\/n\/wp-json\/wp\/v2\/media?parent=20302"}],"wp:term":[{"taxonomy":"category","embeddable":true,"href":"https:\/\/www.infokuryr.cz\/n\/wp-json\/wp\/v2\/categories?post=20302"},{"taxonomy":"post_tag","embeddable":true,"href":"https:\/\/www.infokuryr.cz\/n\/wp-json\/wp\/v2\/tags?post=20302"}],"curies":[{"name":"wp","href":"https:\/\/api.w.org\/{rel}","templated":true}]}}