{"id":2030,"date":"2021-05-27T15:32:03","date_gmt":"2021-05-27T13:32:03","guid":{"rendered":"http:\/\/www.infokuryr.cz\/n\/?p=2030"},"modified":"2021-05-27T15:32:03","modified_gmt":"2021-05-27T13:32:03","slug":"dante-alighieri-znehodnoceny-genius","status":"publish","type":"post","link":"https:\/\/www.infokuryr.cz\/n\/2021\/05\/27\/dante-alighieri-znehodnoceny-genius\/","title":{"rendered":"DANTE ALIGHIERI: Znehodnocen\u00fd g\u00e9nius"},"content":{"rendered":"<div id=\"fb-root\"><\/div>\n<section class=\"perex\"><strong><i>Mus\u00edme b\u00fdt v\u011brni l\u00e1sce.<\/i><\/strong><\/p>\n<p>Dvac\u00e1t\u00fd p\u00e1t\u00fd kv\u011bten, to je den narozenin Danteho. Na Z\u00e1pad\u011b to u\u017e v\u0161ak neslav\u00ed. V\u00a0dne\u0161n\u00ed dob\u011b je to prost\u011b nebezpe\u010dn\u00e9. Jak je to mo\u017en\u00e9, pt\u00e1te se? Dante je symbolem z\u00e1padn\u00ed poezie, sv\u011btozn\u00e1m\u00e9 klasiky. Ano, to je pravda. Ale dokonce ani tento italsk\u00fd st\u0159edov\u011bk\u00fd g\u00e9nius nebyl u\u0161et\u0159en gilotiny politick\u00e9 korektnosti.<\/p>\n<\/section>\n<section class=\"clanek-obsah\">Kdy\u017e se Bo\u017esk\u00e1 komedie dostala do rukou fanatick\u00fdch obh\u00e1jc\u016f lidsk\u00fdch pr\u00e1v, liber\u00e1l\u016f a globalist\u016f, zjistili, \u017ee Danteho d\u00edlo je politicky nekorektn\u00ed. A bylo to. U\u017e \u017e\u00e1dn\u00fd Dante. Stal se jen dal\u0161\u00ed ob\u011bt\u00ed liber\u00e1ln\u00ed kulturn\u00ed \u010distky. Jeho d\u00edla lze nyn\u00ed tisknout pouze s excerpty a se z\u0159eknut\u00edm se odpov\u011bdnosti od \u201epoliticky nekorektn\u00edho obsahu uvnit\u0159\u201c.<\/p>\n<p>Form\u00e1ln\u00ed d\u016fvod, pro\u010d byl Dante znehodnocen, je tento:<\/p>\n<p>Autor Bo\u017esk\u00e9 komedie um\u00edstil zakladatele isl\u00e1mu do nep\u0159\u00edli\u0161 p\u011bkn\u00e9 \u010d\u00e1sti posv\u00e1tn\u00e9ho kosmu.<\/p>\n<p>A liber\u00e1lov\u00e9, kte\u0159\u00ed se zpravidla nezaj\u00edmaj\u00ed o isl\u00e1m, ani \u017e\u00e1dn\u00e9 tradi\u010dn\u00ed n\u00e1bo\u017eenstv\u00ed obecn\u011b, n\u00e1hle usoudili, \u017ee by takov\u00e9 \u010dten\u00ed mohlo m\u00edt negativn\u00ed dopad na psychiku migrant\u016f z isl\u00e1msk\u00fdch zem\u00ed. \u017de by p\u0159ed t\u00edm m\u011bli b\u00fdt chr\u00e1n\u011bni, aby to v\u00a0nich nevyprovokovalo v\u00fdbuchy nep\u0159edv\u00eddateln\u00e9 agrese.<\/p>\n<p>Zd\u00e1 se to absurdn\u00ed, ale v na\u0161em sv\u011bt\u011b vypad\u00e1 t\u00e9m\u011b\u0159 v\u0161echno absurdn\u011b. Je na \u010dase, abychom si na to zvykli.<\/p>\n<p>V\u0161ichni jsou nyn\u00ed v pozici \u00fapln\u00e9ho idiota:<\/p>\n<p>1. P\u0159edev\u0161\u00edm samotn\u00ed cenzo\u0159i &#8211; um\u00edm si p\u0159edstavit, jak star\u00fd Soros a mal\u00e1 Greta Tunbergov\u00e1 listuj\u00ed spole\u010dn\u011b v Bo\u017esk\u00e9 komedii a podtrh\u00e1vaj\u00ed podez\u0159el\u00e9 pas\u00e1\u017ee;<\/p>\n<p>2. Evropan\u00e9, kte\u0159\u00ed se nyn\u00ed mus\u00ed k\u00e1t nejen z kolonialismu a vra\u017edy fe\u0165\u00e1ka Floyda (kter\u00e9ho nezabili), ale tak\u00e9 z Danteho;<\/p>\n<p>3. Samotn\u00ed muslimov\u00e9, kte\u0159\u00ed jsou prezentov\u00e1ni jako slabomysln\u00ed jedinci, neschopn\u00ed uv\u011bdomit si \u010dasovou propast, kter\u00e1 odd\u011bluje k\u0159es\u0165ansk\u00fd st\u0159edov\u011bk od modern\u00ed Evropy, a berou v\u0161e doslova a okam\u017eit\u011b reaguj\u00ed brut\u00e1ln\u011b &#8211; jako nekontrolovateln\u00ed maniaci.<\/p>\n<p>Je jasn\u00e9, \u017ee um\u00edst\u011bn\u00ed Mohammeda je pouze v\u00fdmluva.<\/p>\n<p>Dante je encyklopedie evropsk\u00e9ho st\u0159edov\u011bku, ohromn\u00fd pam\u00e1tn\u00edk teologie, filozofie, poezie a kultury. Dante je vrcholem z\u00e1padoevropsk\u00e9ho k\u0159es\u0165ansk\u00e9ho ducha, oslavou imp\u00e9ria, n\u00e1bo\u017eenstv\u00ed a ryt\u00ed\u0159sk\u00e9 l\u00e1sky. Mnoho generac\u00ed Evropan\u016f v\u00a0n\u011bm \u010derpalo inspiraci pro formov\u00e1n\u00ed sv\u00e9 osobnosti. Podle Danteho si evrop\u0161t\u00ed hrdinov\u00e9 vytvo\u0159ili sv\u016fj osud a vybudovali sv\u016fj \u017eivot.<\/p>\n<p>Fideli d&#8217;amore &#8211; \u201eV\u011brn\u00ed l\u00e1sce\u201c. Dante vyj\u00e1d\u0159il ide\u00e1ly t\u00e9to ryt\u00ed\u0159sk\u00e9 spole\u010dnosti k\u0159es\u0165ansk\u00e9 aristokratick\u00e9 elity.<\/p>\n<p>Z tohoto d\u016fvodu je dnes Dante popravov\u00e1n. Je nositelem jin\u00e9 Evropy &#8211; Evropy ducha a ideje, v\u00edry a cti, bezplatn\u00e9 slu\u017eby a velk\u00e9 l\u00e1sky. Sou\u010dasn\u00ed vl\u00e1dci Evropy tohle v\u0161echno bytostn\u011b nen\u00e1vid\u00ed. Proto Danteho zakazuj\u00ed, odstra\u0148uj\u00ed ho z u\u010debn\u00edch osnov, obvi\u0148uj\u00ed ho z nedostate\u010dn\u00e9 tolerance a zostuzuj\u00ed ho.<\/p>\n<p>Evropa naru\u0161uje a ni\u010d\u00ed sv\u00e9 z\u00e1klady, vyhazuje nehynouc\u00ed relikvie g\u00e9ni\u016f z jejich hrob\u016f.<\/p>\n<p>V\u00a0\u017e\u00e1dn\u00e9m p\u0159\u00edpad\u011b bychom my &#8211; Rusov\u00e9 &#8211; nem\u011bli j\u00edt touto cestou. To se t\u00fdk\u00e1 nejen ochrany na\u0161ich rusk\u00fdch g\u00e9ni\u016f, ale tak\u00e9 velk\u00fdch evropsk\u00fdch myslitel\u016f, um\u011blc\u016f a b\u00e1sn\u00edk\u016f.<\/p>\n<p>Rusko nikdy nebylo evropskou zem\u00ed, ale v\u017edy jsme byli schopni ocenit evropskou velikost &#8211; my\u0161len\u00ed, um\u011bn\u00ed, genialitu. P\u0159esto\u017ee n\u00e1m Evropan\u00e9 nerozum\u011bli, my jsme rozum\u011bli jim. A v\u00e1\u017eili jsme si toho, co na nich bylo nejobdivuhodn\u011bj\u0161\u00edho. Dnes, kdy\u017e Evropan\u00e9 h\u00e1zej\u00ed velk\u00e9ho Danteho do odpadkov\u00e9ho ko\u0161e jejich zhroucen\u00e9 civilizace, je nejvy\u0161\u0161\u00ed \u010das pozvednout na jeho po\u010dest praporec.<\/p>\n<p>Dante je n\u00e1\u0161. My ho zn\u00e1me, ct\u00edme, \u010dteme a u\u010d\u00edme se o n\u011bm, rozum\u00edme mu. Ani\u017e bychom si to p\u0159\u00e1li, Rusko se ocit\u00e1 v roli str\u00e1\u017ece a ochr\u00e1nce evropsk\u00fdch hodnot &#8211; ale t\u011bch skute\u010dn\u00fdch a opravdov\u00fdch hodnot &#8211; nikoli v\u00fdsledk\u016f dekadence a degenerace. Liberalismus a globalizace je\u0161t\u011b nejsou v cel\u00e9 Evrop\u011b. Krom\u011b toho reprezentuj\u00ed protievropsk\u00e9 hodnoty. Proto zavrhuj\u00ed evropsk\u00e9 ko\u0159eny a ni\u010d\u00ed to, co je evropsk\u00e9mu srdci nejposv\u00e1tn\u011bj\u0161\u00ed.<\/p>\n<p>My se nevzd\u00e1v\u00e1me sv\u00fdch ko\u0159en\u016f. St\u00e1le budeme uct\u00edvat a\u00a0v\u00e1\u017eit si evropsk\u00fdch g\u00e9ni\u016f.<\/p>\n<p>L&#8217;amor che move il sole e l&#8217;altre stelle<\/p>\n<p>Mus\u00edme b\u00fdt v\u011brni l\u00e1sce.<\/p>\n<p>Pokud l\u00e1ska zmiz\u00ed, co jin\u00e9ho je\u0161t\u011b pohne sluncem a hv\u011bzdami?<\/p>\n<p>Alexandr Dugin<\/p>\n<div class=\"podcarou\">\n<p><a href=\"https:\/\/katehon.com\/en\/article\/dante-alighieri-cancelled-genius\" target=\"_blank\" rel=\"external noopener\">Dante Alighieri: Cancelled Genius<\/a> vy\u0161el na katehon.com. P\u0159eklad Zv\u011bdavec.<\/p>\n<\/div>\n<\/section>\n<p><a href=\"http:\/\/www.zvedavec.org\/komentare\/2021\/05\/8731-dante-alighieri-znehodnoceny-genius.htm\">Zvedavec.org<\/a><\/p>\n<p>&nbsp;<\/p>\n","protected":false},"excerpt":{"rendered":"<p>Mus\u00edme b\u00fdt v\u011brni l\u00e1sce. Dvac\u00e1t\u00fd p\u00e1t\u00fd kv\u011bten, to je den narozenin Danteho. Na Z\u00e1pad\u011b to&#8230;<\/p>\n","protected":false},"author":2,"featured_media":2031,"comment_status":"closed","ping_status":"closed","sticky":false,"template":"","format":"standard","meta":[],"categories":[7],"tags":[472,283,44,151],"_links":{"self":[{"href":"https:\/\/www.infokuryr.cz\/n\/wp-json\/wp\/v2\/posts\/2030"}],"collection":[{"href":"https:\/\/www.infokuryr.cz\/n\/wp-json\/wp\/v2\/posts"}],"about":[{"href":"https:\/\/www.infokuryr.cz\/n\/wp-json\/wp\/v2\/types\/post"}],"author":[{"embeddable":true,"href":"https:\/\/www.infokuryr.cz\/n\/wp-json\/wp\/v2\/users\/2"}],"replies":[{"embeddable":true,"href":"https:\/\/www.infokuryr.cz\/n\/wp-json\/wp\/v2\/comments?post=2030"}],"version-history":[{"count":0,"href":"https:\/\/www.infokuryr.cz\/n\/wp-json\/wp\/v2\/posts\/2030\/revisions"}],"wp:featuredmedia":[{"embeddable":true,"href":"https:\/\/www.infokuryr.cz\/n\/wp-json\/wp\/v2\/media\/2031"}],"wp:attachment":[{"href":"https:\/\/www.infokuryr.cz\/n\/wp-json\/wp\/v2\/media?parent=2030"}],"wp:term":[{"taxonomy":"category","embeddable":true,"href":"https:\/\/www.infokuryr.cz\/n\/wp-json\/wp\/v2\/categories?post=2030"},{"taxonomy":"post_tag","embeddable":true,"href":"https:\/\/www.infokuryr.cz\/n\/wp-json\/wp\/v2\/tags?post=2030"}],"curies":[{"name":"wp","href":"https:\/\/api.w.org\/{rel}","templated":true}]}}