{"id":2029,"date":"2021-05-27T15:26:18","date_gmt":"2021-05-27T13:26:18","guid":{"rendered":"http:\/\/www.infokuryr.cz\/n\/?p=2029"},"modified":"2021-05-27T15:26:18","modified_gmt":"2021-05-27T13:26:18","slug":"alena-drvotova-zatim-si-jeste-muzete-myslet-co-chcete-ovsem-ne-to-jiz-verejne-rikat","status":"publish","type":"post","link":"https:\/\/www.infokuryr.cz\/n\/2021\/05\/27\/alena-drvotova-zatim-si-jeste-muzete-myslet-co-chcete-ovsem-ne-to-jiz-verejne-rikat\/","title":{"rendered":"ALENA DRVOTOV\u00c1: ZAT\u00cdM SI JE\u0160T\u011a M\u016e\u017dETE MYSLET, CO CHCETE, OV\u0160EM NE TO JI\u017d VE\u0158EJN\u011a \u0158\u00cdKAT"},"content":{"rendered":"<div id=\"fb-root\"><\/div>\n<p>Tak Benedikt \u010cerm\u00e1k byl odsouzen na t\u0159i roky v\u011bzen\u00ed se 4 let\u00fdm odkladem. Za co? Inu za reakci k atent\u00e1tu v jak\u00e9si me\u0161it\u011b na Nov\u00e9m Z\u00e9landu v r. 2019, kdy\u017e ve vl\u00e1kn\u011b diskuze na internetu k ud\u00e1losti reagoval v\u00edc jak nejednozna\u010dn\u00fdmi slovy:\u00a0<em>\u201eJak jim chutn\u00e1 jejich medic\u00edna. Dobr\u00e1 pr\u00e1ce???!\u201c<\/em><span id=\"more-11994\"><\/span><\/p>\n<p>A to m\u016f\u017ee b\u00fdt je\u0161t\u011b r\u00e1d. P\u016fvodn\u011b jej Krajsk\u00fd soud v Brn\u011b, nejsp\u00ed\u0161 slo\u017een\u00fd z pohrobk\u016f Polednov\u00e9-Bro\u017eov\u00e9 odsoudil na neskute\u010dn\u00fdch 6 let. Natvrdo. Takov\u00fd trest nedost\u00e1vaj\u00ed u na\u0161ich soud\u016f mnohdy ani ti, kdo n\u011bkoho zabili, \u010di dokonce c\u00edlen\u011b zavra\u017edili.<\/p>\n<p>A na internetu lze dohledat v\u00edc takov\u00fdch exempl\u00e1rn\u00edch zastra\u0161uj\u00edc\u00ed p\u0159\u00edpad\u016f. Jen googlujte a bojte se!<\/p>\n<p>Op\u011bt se ukazuje, \u017ee v t\u00e9to naprosto zvr\u00e1cen\u00e9 a nenorm\u00e1ln\u00ed dob\u011b u\u017e neplat\u00ed staroz\u00e1konn\u00ed:\u00a0<strong>OKO ZA OKO ZUB ZA ZUB<\/strong>. Platit sm\u00ed pouze novoz\u00e1konn\u00ed:\u00a0<strong>TY DO MNE KAMENEM, J\u00c1 DO TEBE CHLEBEM<\/strong>.<\/p>\n<p>Vzorem by n\u00e1m asi m\u011bl b\u00fdt otec 19- let\u00e9 Marie Ladenburgerov\u00e9, kterou zn\u00e1silnil a brut\u00e1ln\u011b zavra\u017edil v r. 2016 afgh\u00e1nsk\u00fd \u201euprchl\u00edk\u201c.<\/p>\n<p>Zavra\u017ed\u011bn\u00e1 pat\u0159ila mezi akt\u00edvn\u00ed v\u00edta\u010de a pom\u00e1hala v jednom z t\u00e1bor\u016f pro tyto \u201euprchl\u00edky\u201c. Tedy nejsp\u00ed\u0161 pro ni plat\u00ed p\u0159\u00edslov\u00ed:\u00a0<strong>kdo s \u010d\u00edm zach\u00e1z\u00ed s t\u00edm tak\u00e9 sch\u00e1z\u00ed<\/strong>. A otec \u2013 vlivn\u00fd \u00fa\u0159edn\u00edk Evropsk\u00e9 komise, smrt dcery nejen velmi sm\u00ed\u0159liv\u011b p\u0159ijal, ale dokonce ve\u0159ejn\u011b podpo\u0159il pokra\u010duj\u00edc\u00ed kurz otev\u0159en\u00e9 zem\u011b a dal\u0161\u00edho p\u0159ij\u00edm\u00e1n\u00ed z\u00e1stup\u016f s na\u0161\u00edm evropsk\u00fdm prostorem neslu\u010diteln\u00fdch etnik, do N\u011bmecka, do Evropy.<\/p>\n<p><strong>Uprchl\u00edci: v\u00edtejte!<\/strong><\/p>\n<p>Pod praporem Pir\u00e1t\u016f, pokud v\u00a0Parlamentn\u00edch volb\u00e1ch usp\u011bj\u00ed, jak si l\u017eipr\u00e1vn\u00ed \u017eumpa p\u0159eje a hl\u00e1s\u00e1, budete m\u00edt dve\u0159e otev\u0159eny i do \u010cesk\u00e9 republiky.<\/p>\n<p><a href=\"https:\/\/narodnidemokracie.cz\/alena-drvotova-zatim-si-jeste-muzete-myslet-co-chcete-ovsem-ne-to-jiz-verejne-rikat\/\">Alena Drvotov\u00e1<\/a><\/p>\n<p><img decoding=\"async\" loading=\"lazy\" class=\"alignnone size-full wp-image-678\" src=\"http:\/\/www.infokuryr.cz\/n\/wp-content\/uploads\/2021\/04\/narodni_demokracie_logo.jpg\" alt=\"\" width=\"300\" height=\"85\" \/><\/p>\n","protected":false},"excerpt":{"rendered":"<p>Tak Benedikt \u010cerm\u00e1k byl odsouzen na t\u0159i roky v\u011bzen\u00ed se 4 let\u00fdm odkladem. Za co?&#8230;<\/p>\n","protected":false},"author":2,"featured_media":1140,"comment_status":"closed","ping_status":"closed","sticky":false,"template":"","format":"standard","meta":[],"categories":[6],"tags":[29,144,137,48],"_links":{"self":[{"href":"https:\/\/www.infokuryr.cz\/n\/wp-json\/wp\/v2\/posts\/2029"}],"collection":[{"href":"https:\/\/www.infokuryr.cz\/n\/wp-json\/wp\/v2\/posts"}],"about":[{"href":"https:\/\/www.infokuryr.cz\/n\/wp-json\/wp\/v2\/types\/post"}],"author":[{"embeddable":true,"href":"https:\/\/www.infokuryr.cz\/n\/wp-json\/wp\/v2\/users\/2"}],"replies":[{"embeddable":true,"href":"https:\/\/www.infokuryr.cz\/n\/wp-json\/wp\/v2\/comments?post=2029"}],"version-history":[{"count":0,"href":"https:\/\/www.infokuryr.cz\/n\/wp-json\/wp\/v2\/posts\/2029\/revisions"}],"wp:featuredmedia":[{"embeddable":true,"href":"https:\/\/www.infokuryr.cz\/n\/wp-json\/wp\/v2\/media\/1140"}],"wp:attachment":[{"href":"https:\/\/www.infokuryr.cz\/n\/wp-json\/wp\/v2\/media?parent=2029"}],"wp:term":[{"taxonomy":"category","embeddable":true,"href":"https:\/\/www.infokuryr.cz\/n\/wp-json\/wp\/v2\/categories?post=2029"},{"taxonomy":"post_tag","embeddable":true,"href":"https:\/\/www.infokuryr.cz\/n\/wp-json\/wp\/v2\/tags?post=2029"}],"curies":[{"name":"wp","href":"https:\/\/api.w.org\/{rel}","templated":true}]}}