{"id":20288,"date":"2022-12-27T01:02:55","date_gmt":"2022-12-27T00:02:55","guid":{"rendered":"http:\/\/www.infokuryr.cz\/n\/?p=20288"},"modified":"2022-12-26T16:45:07","modified_gmt":"2022-12-26T15:45:07","slug":"vanocni-darek-pro-kamalu-harrisovou-tri-plne-autobusy-migrantu-na-jeji-zahrade","status":"publish","type":"post","link":"https:\/\/www.infokuryr.cz\/n\/2022\/12\/27\/vanocni-darek-pro-kamalu-harrisovou-tri-plne-autobusy-migrantu-na-jeji-zahrade\/","title":{"rendered":"V\u00e1no\u010dn\u00ed d\u00e1rek pro Kamalu Harrisovou: T\u0159i pln\u00e9 autobusy migrant\u016f na jej\u00ed zahrad\u011b"},"content":{"rendered":"<div id=\"fb-root\"><\/div>\n<p>Jak ji\u017e v\u00edte, tak zhruba od jara za\u010dal nejprve jen texask\u00fd guvern\u00e9r Abbot a pozd\u011bji i floridsk\u00fd DeSantis pos\u00edlat migranty do demokratick\u00fdch ba\u0161t.<\/p>\n<p>Prvn\u00ed \u201ez\u00e1silky\u201c m\u00ed\u0159ily do Washingtonu do okol\u00ed B\u00edl\u00e9ho domu, dal\u0161\u00ed pak i do New Yorku, Chicaga, Seatlu a dal\u0161\u00edch m\u011bst, kter\u00e1 tradi\u010dn\u011b vol\u00ed demokraty, prosazuj\u00edc\u00ed otev\u0159en\u00e9 hranice.<\/p>\n<p>Ji\u017e dvakr\u00e1t byl autobus pln\u00fd migrant\u016f posl\u00e1n i p\u0159\u00edmo k bydli\u0161ti viceprezidentky Kamaly Harrisov\u00e9. Dal\u0161\u00ed takov\u00fd d\u00e1re\u010dek j\u00ed p\u0159i\u0161el pr\u00e1v\u011b na \u0160t\u011bdr\u00fd ve\u010der\u2026<\/p>\n<p><strong><a href=\"https:\/\/nypost.com\/2022\/12\/25\/migrants-bused-to-kamala-harris-home-on-christmas-eve-intended-for-nyc-report\/\">Na \u0160t\u011bdr\u00fd<\/a>\u00a0den dorazily t\u0159i autobusy pln\u00e9 p\u0159ist\u011bhovalc\u016f z t\u0159et\u00edho sv\u011bta do rezidence americk\u00e9 viceprezidentky Kamaly Harrisov\u00e9 ve Washingtonu D.C. Podle v\u0161eho je to imigrac\u00ed unaven\u00fd st\u00e1t Texas, kter\u00fd stoj\u00ed za t\u00edmto p\u0159esn\u011b na\u010dasovan\u00fdm d\u00e1re\u010dkem.<\/strong><\/p>\n<p>Skupina migrant\u016f, kter\u00e1 se skl\u00e1dala z v\u00edce ne\u017e 100 lid\u00ed, byla vysazena u bydli\u0161t\u011b Kamaly Harrisov\u00e9 v chladn\u00e9m \u0161t\u011bdrove\u010dern\u00edm ve\u010deru.<\/p>\n<p>Setkali se s dobrovoln\u00edky, kte\u0159\u00ed jim dali p\u0159ikr\u00fdvky a odvedli je do m\u00edstn\u00edho kostela, kde dostali j\u00eddlo a do\u010dasn\u00e9 p\u0159\u00edst\u0159e\u0161\u00ed.<\/p>\n<p>Neziskovky byly nuceny rychle zm\u011bnit pl\u00e1ny, proto\u017ee autobusy m\u011bly jet ve skute\u010dnosti do New Yorku a dorazit tam na \u0160t\u011bdr\u00fd den. M\u00edsto toho v\u0161ak byly autobusy kv\u016fli sn\u011bhu odklon\u011bny do Washingtonu DC.<\/p>\n<p>Texas ofici\u00e1ln\u011b nepotvrdil, \u017ee za t\u00edm v\u0161\u00edm stoj\u00ed. Ale guvern\u00e9r st\u00e1tu Greg Abbott od dubna leto\u0161n\u00edho roku poslal ji\u017e 8 400 migrant\u016f ze t\u0159et\u00edho sv\u011bta do Washingtonu, D.C., na protest proti imigra\u010dn\u00ed politice B\u00edl\u00e9ho domu. Dal\u0161\u00edch 5 000 imigrant\u016f bylo vysl\u00e1no do New Yorku, Chicaga a n\u011bkolika dal\u0161\u00edch m\u011bst.<\/p>\n<p>Mluv\u010d\u00ed B\u00edl\u00e9ho domu Abdullah Hasan ozna\u010dil v\u00e1no\u010dn\u00ed ud\u00e1lost za \u201epodl\u00fd, nebezpe\u010dn\u00fd a hanebn\u00fd kousek.\u201c<\/p>\n<p><a href=\"https:\/\/nypost.com\/2022\/12\/25\/migrants-bused-to-kamala-harris-home-on-christmas-eve-intended-for-nyc-report\/\">ZDROJ<\/a><\/p>\n<p><img decoding=\"async\" loading=\"lazy\" class=\"wp-image-19187 aligncenter\" src=\"http:\/\/www.infokuryr.cz\/n\/wp-content\/uploads\/2022\/12\/1-PRO-300x36.jpg\" alt=\"\" width=\"1217\" height=\"146\" srcset=\"https:\/\/www.infokuryr.cz\/n\/wp-content\/uploads\/2022\/12\/1-PRO-300x36.jpg 300w, https:\/\/www.infokuryr.cz\/n\/wp-content\/uploads\/2022\/12\/1-PRO.jpg 699w\" sizes=\"(max-width: 1217px) 100vw, 1217px\" \/><\/p>\n<p>&nbsp;<\/p>\n<p>&nbsp;<\/p>\n","protected":false},"excerpt":{"rendered":"<p>Jak ji\u017e v\u00edte, tak zhruba od jara za\u010dal nejprve jen texask\u00fd guvern\u00e9r Abbot a pozd\u011bji&#8230;<\/p>\n","protected":false},"author":2,"featured_media":20289,"comment_status":"closed","ping_status":"closed","sticky":false,"template":"","format":"standard","meta":[],"categories":[7],"tags":[119,4122,37],"_links":{"self":[{"href":"https:\/\/www.infokuryr.cz\/n\/wp-json\/wp\/v2\/posts\/20288"}],"collection":[{"href":"https:\/\/www.infokuryr.cz\/n\/wp-json\/wp\/v2\/posts"}],"about":[{"href":"https:\/\/www.infokuryr.cz\/n\/wp-json\/wp\/v2\/types\/post"}],"author":[{"embeddable":true,"href":"https:\/\/www.infokuryr.cz\/n\/wp-json\/wp\/v2\/users\/2"}],"replies":[{"embeddable":true,"href":"https:\/\/www.infokuryr.cz\/n\/wp-json\/wp\/v2\/comments?post=20288"}],"version-history":[{"count":1,"href":"https:\/\/www.infokuryr.cz\/n\/wp-json\/wp\/v2\/posts\/20288\/revisions"}],"predecessor-version":[{"id":20290,"href":"https:\/\/www.infokuryr.cz\/n\/wp-json\/wp\/v2\/posts\/20288\/revisions\/20290"}],"wp:featuredmedia":[{"embeddable":true,"href":"https:\/\/www.infokuryr.cz\/n\/wp-json\/wp\/v2\/media\/20289"}],"wp:attachment":[{"href":"https:\/\/www.infokuryr.cz\/n\/wp-json\/wp\/v2\/media?parent=20288"}],"wp:term":[{"taxonomy":"category","embeddable":true,"href":"https:\/\/www.infokuryr.cz\/n\/wp-json\/wp\/v2\/categories?post=20288"},{"taxonomy":"post_tag","embeddable":true,"href":"https:\/\/www.infokuryr.cz\/n\/wp-json\/wp\/v2\/tags?post=20288"}],"curies":[{"name":"wp","href":"https:\/\/api.w.org\/{rel}","templated":true}]}}