{"id":20276,"date":"2022-12-26T08:27:56","date_gmt":"2022-12-26T07:27:56","guid":{"rendered":"http:\/\/www.infokuryr.cz\/n\/?p=20276"},"modified":"2022-12-26T08:27:56","modified_gmt":"2022-12-26T07:27:56","slug":"tehran-22-irgc-zatkla-osoby-podezrele-z-prace-pro-britske-zpravodajske-sluzby","status":"publish","type":"post","link":"https:\/\/www.infokuryr.cz\/n\/2022\/12\/26\/tehran-22-irgc-zatkla-osoby-podezrele-z-prace-pro-britske-zpravodajske-sluzby\/","title":{"rendered":"\u201eTehran-22\u201c: IRGC zatkla osoby podez\u0159el\u00e9 z pr\u00e1ce pro britsk\u00e9 zpravodajsk\u00e9 slu\u017eby"},"content":{"rendered":"<div id=\"fb-root\"><\/div>\n<p class=\"lead\"><span>Podle prohl\u00e1\u0161en\u00ed zve\u0159ejn\u011bn\u00e9ho \u00edr\u00e1nsk\u00fdmi st\u00e1tn\u00edmi m\u00e9dii zatkla Isl\u00e1msk\u00e1 revolu\u010dn\u00ed garda (IRGC) sedm lid\u00ed spojen\u00fdch s Velkou Brit\u00e1ni\u00ed, v\u010detn\u011b t\u011bch s dvoj\u00edm ob\u010danstv\u00edm, v souvislosti s protivl\u00e1dn\u00edmi protesty, kter\u00e9 ot\u0159\u00e1sly zem\u00ed.\u00a0Zadr\u017een\u00ed jsou podez\u0159el\u00ed ze \u0161pion\u00e1\u017ee a sabot\u00e1\u017e\u00ed a tak\u00e9 z podn\u011bcov\u00e1n\u00ed nepokoj\u016f.\u00a0Informuje o tom zpravodajsk\u00fd port\u00e1l Middle East Eye.<\/span><\/p>\n<p><span>\u00cdr\u00e1nsk\u00e9 \u00fa\u0159ady uvedly v prohl\u00e1\u0161en\u00ed:<\/span><\/p>\n<p><em><strong>&#8222;Sedm kl\u00ed\u010dov\u00fdch v\u016fdc\u016f ned\u00e1vn\u00fdch protest\u016f souvisej\u00edc\u00edch se Spojen\u00fdm kr\u00e1lovstv\u00edm bylo zadr\u017eeno zpravodajsk\u00fdmi agenturami IRGC, v\u010detn\u011b osob s dvoj\u00edm st\u00e1tn\u00edm ob\u010danstv\u00edm, kte\u0159\u00ed se pokou\u0161eli opustit zemi.&#8220;<\/strong><\/em><\/p>\n<p><span>Britsk\u00e9 ministerstvo zahrani\u010d\u00ed uvedlo, \u017ee po\u017eaduje dal\u0161\u00ed informace od \u00edr\u00e1nsk\u00fdch \u00fa\u0159ad\u016f v souvislosti se zpr\u00e1vami o zat\u010den\u00ed osob s dvoj\u00edm britsko-\u00edr\u00e1nsk\u00fdm ob\u010danstv\u00edm v \u00cdr\u00e1nu.<\/span><\/p>\n<p><span>Zat\u010den\u00ed pr\u00fd n\u00e1sledovalo po nepokoj\u00edch, kter\u00e9 letos v z\u00e1\u0159\u00ed vyvolala smrt kurdsk\u00e9 d\u00edvky\u00a0<\/span><strong><span>Mahsa Amini<\/span><\/strong><span>\u00a0.\u00a0Ji\u017e d\u0159\u00edve \u00edr\u00e1n\u0161t\u00ed p\u0159edstavitel\u00e9, v\u010detn\u011b \u00edr\u00e1nsk\u00e9ho nejvy\u0161\u0161\u00edho v\u016fdce ajatoll\u00e1ha\u00a0<\/span><strong><span>Chamene\u00edho<\/span><\/strong><span>\u00a0, prezidenta isl\u00e1msk\u00e9 republiky\u00a0<\/span><strong><span>Ibrahima Raisiho<\/span><\/strong><span>\u00a0a ministra zahrani\u010d\u00ed\u00a0<\/span><strong><span>Hosseina Amira Abdollahiana<\/span><\/strong><span>\u00a0, uvedli, \u017ee Teher\u00e1n m\u00e1 d\u016fkazy o zapojen\u00ed Z\u00e1padu do podn\u011bcov\u00e1n\u00ed nepokoj\u016f v zemi.<\/span><\/p>\n<p><span>\u00cdr\u00e1nsk\u00e9 \u00fa\u0159ady z nepokoj\u016f obvi\u0148uj\u00ed demonstranty podporovan\u00e9 Spojen\u00fdmi st\u00e1ty, Izraelem a Sa\u00fadskou Ar\u00e1bi\u00ed.\u00a0Ji\u017e d\u0159\u00edve byly\u00a0<\/span><a href=\"https:\/\/eadaily.com\/ru\/news\/2022\/09\/25\/iranskiy-bunt-nesvoevremennyy-i-opasnyy\" target=\"_blank\" rel=\"noopener\"><span>rysy sou\u010dasn\u00e9 vlny protest\u016f<\/span><\/a><span>\u00a0v \u00cdr\u00e1nu pops\u00e1ny v analytick\u00e9m materi\u00e1lu agentury\u00a0<\/span><strong><span>EADaily<\/span><\/strong><span>\u00a0.<\/span><\/p>\n<p><img decoding=\"async\" loading=\"lazy\" class=\"alignnone size-full wp-image-1185\" src=\"http:\/\/www.infokuryr.cz\/n\/wp-content\/uploads\/2021\/04\/kuryr-podpis.png\" alt=\"\" width=\"84\" height=\"24\" \/><\/p>\n<p><img decoding=\"async\" loading=\"lazy\" class=\"wp-image-19187 aligncenter\" src=\"http:\/\/www.infokuryr.cz\/n\/wp-content\/uploads\/2022\/12\/1-PRO-300x36.jpg\" alt=\"\" width=\"1267\" height=\"152\" srcset=\"https:\/\/www.infokuryr.cz\/n\/wp-content\/uploads\/2022\/12\/1-PRO-300x36.jpg 300w, https:\/\/www.infokuryr.cz\/n\/wp-content\/uploads\/2022\/12\/1-PRO.jpg 699w\" sizes=\"(max-width: 1267px) 100vw, 1267px\" \/><\/p>\n<p>&nbsp;<\/p>\n","protected":false},"excerpt":{"rendered":"<p>Podle prohl\u00e1\u0161en\u00ed zve\u0159ejn\u011bn\u00e9ho \u00edr\u00e1nsk\u00fdmi st\u00e1tn\u00edmi m\u00e9dii zatkla Isl\u00e1msk\u00e1 revolu\u010dn\u00ed garda (IRGC) sedm lid\u00ed spojen\u00fdch s&#8230;<\/p>\n","protected":false},"author":2,"featured_media":16230,"comment_status":"closed","ping_status":"closed","sticky":false,"template":"","format":"standard","meta":[],"categories":[7],"tags":[38,3024,2407],"_links":{"self":[{"href":"https:\/\/www.infokuryr.cz\/n\/wp-json\/wp\/v2\/posts\/20276"}],"collection":[{"href":"https:\/\/www.infokuryr.cz\/n\/wp-json\/wp\/v2\/posts"}],"about":[{"href":"https:\/\/www.infokuryr.cz\/n\/wp-json\/wp\/v2\/types\/post"}],"author":[{"embeddable":true,"href":"https:\/\/www.infokuryr.cz\/n\/wp-json\/wp\/v2\/users\/2"}],"replies":[{"embeddable":true,"href":"https:\/\/www.infokuryr.cz\/n\/wp-json\/wp\/v2\/comments?post=20276"}],"version-history":[{"count":0,"href":"https:\/\/www.infokuryr.cz\/n\/wp-json\/wp\/v2\/posts\/20276\/revisions"}],"wp:featuredmedia":[{"embeddable":true,"href":"https:\/\/www.infokuryr.cz\/n\/wp-json\/wp\/v2\/media\/16230"}],"wp:attachment":[{"href":"https:\/\/www.infokuryr.cz\/n\/wp-json\/wp\/v2\/media?parent=20276"}],"wp:term":[{"taxonomy":"category","embeddable":true,"href":"https:\/\/www.infokuryr.cz\/n\/wp-json\/wp\/v2\/categories?post=20276"},{"taxonomy":"post_tag","embeddable":true,"href":"https:\/\/www.infokuryr.cz\/n\/wp-json\/wp\/v2\/tags?post=20276"}],"curies":[{"name":"wp","href":"https:\/\/api.w.org\/{rel}","templated":true}]}}